{"id":1637,"date":"2010-02-08T20:54:39","date_gmt":"2010-02-08T19:54:39","guid":{"rendered":"https:\/\/www.galeriadocrashed.com\/wordpress\/index.php\/2010\/02\/08\/2010-02-06-encontro-mensal-crxpt-lisboa\/"},"modified":"2022-01-10T18:27:07","modified_gmt":"2022-01-10T17:27:07","slug":"2010-02-06-encontro-mensal-crxpt-lisboa","status":"publish","type":"post","link":"https:\/\/www.galeriadocrashed.com\/site\/2010-02-06-encontro-mensal-crxpt-lisboa\/","title":{"rendered":"2010-02-06 Encontro Mensal CRXPT &#8211; Lisboa"},"content":{"rendered":"<div style=\"margin-top: 0px; margin-bottom: 0px;\" class=\"sharethis-inline-share-buttons\" ><\/div><p style=\"text-align: center;\" mce_style=\"text-align: center;\"><img loading=\"lazy\" decoding=\"async\" title=\"Foto final de tarde\" alt=\"Foto final de tarde\" src=\"https:\/\/www.galeriadocrashed.com\/wordpress\/wp-content\/uploads\/2010\/02\/MG_0302.jpg\" mce_src=\"https:\/\/www.galeriadocrashed.com\/wordpress\/wp-content\/uploads\/2010\/02\/MG_0302.jpg\" height=\"426\" width=\"640\"><\/p>\n<p>Mais um excelente encontro,com o S. Pedro a ajudar ao passeio, dois  estreantes nos eventos, o Gomes e o Fabio Pereira que se deslocou desde  Gr\u00e2ndola para o nosso encontro mensal  <img decoding=\"async\" src=\"http:\/\/www.crxpt.com\/forum\/images\/smilies\/eusa_clap.gif\" mce_src=\"http:\/\/www.crxpt.com\/forum\/images\/smilies\/eusa_clap.gif\" alt=\"=D&gt;\" title=\"Applause\" border=\"0\"> <img decoding=\"async\" src=\"http:\/\/www.crxpt.com\/forum\/images\/smilies\/eusa_clap.gif\" mce_src=\"http:\/\/www.crxpt.com\/forum\/images\/smilies\/eusa_clap.gif\" alt=\"=D&gt;\" title=\"Applause\" border=\"0\"> <br \/>Estiveram 10 carros presentes : 3- 2\u00aa  gera\u00e7\u00e3o 1.6i16 (Textar CRXKinght e Gomes), 3 &#8211; 2\u00aa gera\u00e7\u00e3o IVT (  Crashed, Serra e Rex_vtec), 3 Delsol Vti ( Silvia Branco, Vtecas e F\u00e1bio  Pereira) e o S2000 do BTD .<\/p>\n<p>Obrigado a todos pelo excelente dia  que proporcionaram, espero que todos tenham gostado em especial os  estreantes, para que voltem a aparecer!<\/p>\n<p>Fotos:<\/p>\n<p><\/p>\n<p style=\"text-align: center;\" mce_style=\"text-align: center;\"><img loading=\"lazy\" decoding=\"async\" title=\"Foto almo\u00e7o\" alt=\"Foto almo\u00e7o\" src=\"https:\/\/www.galeriadocrashed.com\/wordpress\/wp-content\/uploads\/2010\/02\/MG_0252.jpg\" mce_src=\"https:\/\/www.galeriadocrashed.com\/wordpress\/wp-content\/uploads\/2010\/02\/MG_0252.jpg\" height=\"426\" width=\"640\"><\/p>\n<p style=\"text-align: center;\" mce_style=\"text-align: center;\"><img loading=\"lazy\" decoding=\"async\" title=\"Foto final de tarde3\" alt=\"Foto final de tarde3\" src=\"https:\/\/www.galeriadocrashed.com\/wordpress\/wp-content\/uploads\/2010\/02\/MG_0293.jpg\" mce_src=\"https:\/\/www.galeriadocrashed.com\/wordpress\/wp-content\/uploads\/2010\/02\/MG_0293.jpg\" height=\"426\" width=\"640\"><\/p>\n<p style=\"text-align: center;\" mce_style=\"text-align: center;\"><img loading=\"lazy\" decoding=\"async\" title=\"Foto final de tarde2\" alt=\"Foto final de tarde2\" src=\"https:\/\/www.galeriadocrashed.com\/wordpress\/wp-content\/uploads\/2010\/02\/MG_0324.jpg\" mce_src=\"https:\/\/www.galeriadocrashed.com\/wordpress\/wp-content\/uploads\/2010\/02\/MG_0324.jpg\" height=\"426\" width=\"640\"><\/p>\n<p style=\"text-align: center;\" mce_style=\"text-align: center;\"><a mce_href=\"index.php?option=com_wrapper&amp;view=wrapper&amp;Itemid=98\" href=\"index.php?option=com_wrapper&amp;view=wrapper&amp;Itemid=98\">clicar para ver as restantes fotos<\/a><\/p>\n<p style=\"text-align: center;\" mce_style=\"text-align: center;\"><\/p>\n","protected":false},"excerpt":{"rendered":"<p>Mais um excelente encontro,com o S. Pedro a ajudar ao passeio, dois estreantes nos eventos, o Gomes e o Fabio&hellip;<\/p>\n","protected":false},"author":1,"featured_media":1633,"comment_status":"closed","ping_status":"open","sticky":false,"template":"","format":"standard","meta":{"_seopress_robots_primary_cat":"","_seopress_titles_title":"","_seopress_titles_desc":"","_seopress_robots_index":"","ngg_post_thumbnail":0,"footnotes":""},"categories":[39],"tags":[],"class_list":["post-1637","post","type-post","status-publish","format-standard","has-post-thumbnail","hentry","category-eventos-eventos"],"_links":{"self":[{"href":"https:\/\/www.galeriadocrashed.com\/site\/wp-json\/wp\/v2\/posts\/1637","targetHints":{"allow":["GET"]}}],"collection":[{"href":"https:\/\/www.galeriadocrashed.com\/site\/wp-json\/wp\/v2\/posts"}],"about":[{"href":"https:\/\/www.galeriadocrashed.com\/site\/wp-json\/wp\/v2\/types\/post"}],"author":[{"embeddable":true,"href":"https:\/\/www.galeriadocrashed.com\/site\/wp-json\/wp\/v2\/users\/1"}],"replies":[{"embeddable":true,"href":"https:\/\/www.galeriadocrashed.com\/site\/wp-json\/wp\/v2\/comments?post=1637"}],"version-history":[{"count":1,"href":"https:\/\/www.galeriadocrashed.com\/site\/wp-json\/wp\/v2\/posts\/1637\/revisions"}],"predecessor-version":[{"id":3298,"href":"https:\/\/www.galeriadocrashed.com\/site\/wp-json\/wp\/v2\/posts\/1637\/revisions\/3298"}],"wp:featuredmedia":[{"embeddable":true,"href":"https:\/\/www.galeriadocrashed.com\/site\/wp-json\/wp\/v2\/media\/1633"}],"wp:attachment":[{"href":"https:\/\/www.galeriadocrashed.com\/site\/wp-json\/wp\/v2\/media?parent=1637"}],"wp:term":[{"taxonomy":"category","embeddable":true,"href":"https:\/\/www.galeriadocrashed.com\/site\/wp-json\/wp\/v2\/categories?post=1637"},{"taxonomy":"post_tag","embeddable":true,"href":"https:\/\/www.galeriadocrashed.com\/site\/wp-json\/wp\/v2\/tags?post=1637"}],"curies":[{"name":"wp","href":"https:\/\/api.w.org\/{rel}","templated":true}]}}