{"id":1663,"date":"2010-04-12T10:19:19","date_gmt":"2010-04-12T09:19:19","guid":{"rendered":"https:\/\/www.galeriadocrashed.com\/wordpress\/index.php\/2010\/04\/12\/2010-03-07-encontro-mensal-abril-crxpt-lisboa\/"},"modified":"2022-01-10T18:27:07","modified_gmt":"2022-01-10T17:27:07","slug":"2010-03-07-encontro-mensal-abril-crxpt-lisboa","status":"publish","type":"post","link":"https:\/\/www.galeriadocrashed.com\/site\/2010-03-07-encontro-mensal-abril-crxpt-lisboa\/","title":{"rendered":"2010-04-10 Encontro Mensal Abril &#8211; CRXPT Lisboa"},"content":{"rendered":"<div style=\"margin-top: 0px; margin-bottom: 0px;\" class=\"sharethis-inline-share-buttons\" ><\/div><p>Realizou-se no passado dia 10 de Abril mais um encontro mensal do n\u00facleo CRXPT \u00e1rea de Lisboa, desta vez com um passeio pela bel\u00edssima zona de Sesimbra. Estiveram presentes 4 2\u00aa gera\u00e7\u00e3o ( Crashed, Serra, Textar e Dude) e 4 3\u00aa gera\u00e7\u00e3o (Delsol) ( S\u00edlvia Branco, Costa Azul, Epor e F\u00e1bio Pereira)<\/p>\n<p style=\"text-align: center;\" mce_style=\"text-align: center;\"><img loading=\"lazy\" decoding=\"async\" title=\"CRXPT abril 2010\" alt=\"CRXPT abril 2010\" src=\"https:\/\/www.galeriadocrashed.com\/wordpress\/wp-content\/uploads\/2010\/04\/MG_1625.jpg\" mce_src=\"https:\/\/www.galeriadocrashed.com\/wordpress\/wp-content\/uploads\/2010\/04\/MG_1625.jpg\" width=\"640\" height=\"426\"><\/p>\n<p style=\"text-align: center;\" mce_style=\"text-align: center;\"><img loading=\"lazy\" decoding=\"async\" title=\"CRXPT abril 2010\" alt=\"CRXPT abril 2010\" src=\"https:\/\/www.galeriadocrashed.com\/wordpress\/wp-content\/uploads\/2010\/04\/MG_1639.jpg\" mce_src=\"https:\/\/www.galeriadocrashed.com\/wordpress\/wp-content\/uploads\/2010\/04\/MG_1639.jpg\" width=\"640\" height=\"426\"><\/p>\n<p style=\"text-align: center;\" mce_style=\"text-align: center;\"><img loading=\"lazy\" decoding=\"async\" title=\"CRXPT abril 2010\" alt=\"CRXPT abril 2010\" src=\"https:\/\/www.galeriadocrashed.com\/wordpress\/wp-content\/uploads\/2010\/04\/MG_1653.jpg\" mce_src=\"https:\/\/www.galeriadocrashed.com\/wordpress\/wp-content\/uploads\/2010\/04\/MG_1653.jpg\" width=\"200\" height=\"133\"><img loading=\"lazy\" decoding=\"async\" title=\"CRXPT abril 2010\" alt=\"CRXPT abril 2010\" src=\"https:\/\/www.galeriadocrashed.com\/wordpress\/wp-content\/uploads\/2010\/04\/MG_1698.jpg\" mce_src=\"https:\/\/www.galeriadocrashed.com\/wordpress\/wp-content\/uploads\/2010\/04\/MG_1698.jpg\" width=\"200\" height=\"133\"><img loading=\"lazy\" decoding=\"async\" title=\"CRXPT abril 2010\" alt=\"CRXPT abril 2010\" src=\"https:\/\/www.galeriadocrashed.com\/wordpress\/wp-content\/uploads\/2010\/04\/MG_1707.jpg\" mce_src=\"https:\/\/www.galeriadocrashed.com\/wordpress\/wp-content\/uploads\/2010\/04\/MG_1707.jpg\" width=\"200\" height=\"133\"><\/p>\n<p style=\"text-align: center;\" mce_style=\"text-align: center;\"><a mce_href=\"index.php?option=com_wrapper&amp;view=wrapper&amp;Itemid=102\" href=\"index.php?option=com_wrapper&amp;view=wrapper&amp;Itemid=102\">Clicar para visualizar as restantes fotos na galeria<\/a><\/p>\n<p>Obrigado ao Dude que organizou o encontro deste m\u00eas e a todos os participantes por comparecerem!<\/p>\n","protected":false},"excerpt":{"rendered":"<p>Realizou-se no passado dia 10 de Abril mais um encontro mensal do n\u00facleo CRXPT \u00e1rea de Lisboa, desta vez com&hellip;<\/p>\n","protected":false},"author":1,"featured_media":1658,"comment_status":"closed","ping_status":"open","sticky":false,"template":"","format":"standard","meta":{"_seopress_robots_primary_cat":"","_seopress_titles_title":"","_seopress_titles_desc":"","_seopress_robots_index":"","ngg_post_thumbnail":0,"footnotes":""},"categories":[39],"tags":[],"class_list":["post-1663","post","type-post","status-publish","format-standard","has-post-thumbnail","hentry","category-eventos-eventos"],"_links":{"self":[{"href":"https:\/\/www.galeriadocrashed.com\/site\/wp-json\/wp\/v2\/posts\/1663","targetHints":{"allow":["GET"]}}],"collection":[{"href":"https:\/\/www.galeriadocrashed.com\/site\/wp-json\/wp\/v2\/posts"}],"about":[{"href":"https:\/\/www.galeriadocrashed.com\/site\/wp-json\/wp\/v2\/types\/post"}],"author":[{"embeddable":true,"href":"https:\/\/www.galeriadocrashed.com\/site\/wp-json\/wp\/v2\/users\/1"}],"replies":[{"embeddable":true,"href":"https:\/\/www.galeriadocrashed.com\/site\/wp-json\/wp\/v2\/comments?post=1663"}],"version-history":[{"count":1,"href":"https:\/\/www.galeriadocrashed.com\/site\/wp-json\/wp\/v2\/posts\/1663\/revisions"}],"predecessor-version":[{"id":3294,"href":"https:\/\/www.galeriadocrashed.com\/site\/wp-json\/wp\/v2\/posts\/1663\/revisions\/3294"}],"wp:featuredmedia":[{"embeddable":true,"href":"https:\/\/www.galeriadocrashed.com\/site\/wp-json\/wp\/v2\/media\/1658"}],"wp:attachment":[{"href":"https:\/\/www.galeriadocrashed.com\/site\/wp-json\/wp\/v2\/media?parent=1663"}],"wp:term":[{"taxonomy":"category","embeddable":true,"href":"https:\/\/www.galeriadocrashed.com\/site\/wp-json\/wp\/v2\/categories?post=1663"},{"taxonomy":"post_tag","embeddable":true,"href":"https:\/\/www.galeriadocrashed.com\/site\/wp-json\/wp\/v2\/tags?post=1663"}],"curies":[{"name":"wp","href":"https:\/\/api.w.org\/{rel}","templated":true}]}}