{"id":1691,"date":"2010-04-19T11:19:11","date_gmt":"2010-04-19T10:19:11","guid":{"rendered":"https:\/\/www.galeriadocrashed.com\/wordpress\/index.php\/2010\/04\/19\/2010-04-18-circuito-acdme-1-estoril\/"},"modified":"2022-01-10T18:01:20","modified_gmt":"2022-01-10T17:01:20","slug":"2010-04-18-circuito-acdme-1-estoril","status":"publish","type":"post","link":"https:\/\/www.galeriadocrashed.com\/site\/2010-04-18-circuito-acdme-1-estoril\/","title":{"rendered":"2010-04-18 Circuito ACDME 1 @ Estoril"},"content":{"rendered":"<div style=\"margin-top: 0px; margin-bottom: 0px;\" class=\"sharethis-inline-share-buttons\" ><\/div><p>Realizaram-se no passado fim de semana as v\u00e1rias provas que comp\u00f5em o campeonato nacional de Velocidade no Aut\u00f3dromo do Estoril, CPCC, CPCC 1300, PTCC e GT &amp; Sport Prot\u00f3tipos.<\/p>\n<p>Os nossos agradecimentos ao Jornal Audi\u00eancia e especialmente ao <a target=\"_blank\" mce_href=\"http:\/\/www.altasrotacoes.com\" href=\"http:\/\/www.altasrotacoes.com\" rel=\"noopener\">Joaquim Oliveira (www.altasrotacoes.com)<\/a> pelo passe que nos possibilitou tirar as respectivas fotos.<\/p>\n<p><b>CPCC1300<\/b><\/p>\n<p style=\"text-align: center;\" mce_style=\"text-align: center;\"><img loading=\"lazy\" decoding=\"async\" title=\"CPCC 1300\" alt=\"CPCC 1300\" src=\"https:\/\/www.galeriadocrashed.com\/wordpress\/wp-content\/uploads\/2010\/04\/MG_2846.jpg\" mce_src=\"https:\/\/www.galeriadocrashed.com\/wordpress\/wp-content\/uploads\/2010\/04\/MG_2846.jpg\" width=\"640\" height=\"426\"><\/p>\n<p style=\"text-align: center;\"><img loading=\"lazy\" decoding=\"async\" title=\"CPCC 1300\" alt=\"CPCC 1300\" src=\"https:\/\/www.galeriadocrashed.com\/wordpress\/wp-content\/uploads\/2010\/04\/MG_2881.jpg\" mce_src=\"https:\/\/www.galeriadocrashed.com\/wordpress\/wp-content\/uploads\/2010\/04\/MG_2881.jpg\" width=\"200\" height=\"133\"><img loading=\"lazy\" decoding=\"async\" title=\"CPCC 1300\" alt=\"CPCC 1300\" src=\"https:\/\/www.galeriadocrashed.com\/wordpress\/wp-content\/uploads\/2010\/04\/MG_3719.jpg\" mce_src=\"https:\/\/www.galeriadocrashed.com\/wordpress\/wp-content\/uploads\/2010\/04\/MG_3719.jpg\" width=\"200\" height=\"133\"><img loading=\"lazy\" decoding=\"async\" title=\"CPCC 1300\" alt=\"CPCC 1300\" src=\"https:\/\/www.galeriadocrashed.com\/wordpress\/wp-content\/uploads\/2010\/04\/MG_3663.jpg\" mce_src=\"https:\/\/www.galeriadocrashed.com\/wordpress\/wp-content\/uploads\/2010\/04\/MG_3663.jpg\" width=\"200\" height=\"133\"><\/p>\n<table class=\"mceItemTable\" border=\"0\">\n<tbody>\n<tr>\n<td>\n<p><b>Classifica\u00e7\u00e3o Final \u2013 Corrida 1<\/b><\/p>\n<p>1\u00ba Alexandre  Beir\u00e3o &#8211;<br \/>\nAlfa Romeo Sprint, 10 voltas em 23:22s309<br \/>2\u00ba Fernando Soares  &#8211; Fiat<br \/>\n128 Sport Coup\u00e9, a 18s879<br \/>3\u00ba Victor Ara\u00fajo \u2013 Datsun 1200, a  34s838<br \/>4\u00ba<br \/>\n Carlos Abreu &#8211; Alfa Romeo Sprint, a 1:05s324<br \/>5\u00ba  Frederico de Castro<br \/>\n &#8211; Alfa Romeo Alfasud, a 1:24s982<br \/>6\u00ba Ant\u00f3nio  Paquete &#8211; MG Midget, a<br \/>\n1:53s345<\/p>\n<\/td>\n<td><b>Classifica\u00e7\u00e3o Final &#8211; Corrida 2:<\/b><\/p>\n<p>1\u00ba Alexandre Beir\u00e3o &#8211; Alfa Romeo<br \/>\n Sprint, 10 voltas em 21:01s132<br \/>\n2\u00ba Fernando Soares &#8211; Fiat 128 Sport<br \/>\nCoup\u00e9, a 29s402<br \/>\n3\u00ba Carlos Abreu &#8211; Alfa Romeo Sprint, a 43s229<br \/>\n4\u00ba<br \/>\nAnt\u00f3nio Paquete &#8211; MG Midget, a 50s229<br \/>\n5\u00ba Frederico de Castro &#8211; Alfa<br \/>\nRomeo Alfasud, a 53s809<br \/>\n6\u00ba Jos\u00e9 Fafi\u00e3es &#8211; Datsun 1200, a 54s375<\/td>\n<\/tr>\n<\/tbody>\n<\/table>\n<p><b><\/p>\n<hr>\n<p><\/b><\/p>\n<p><b>CPCC<\/b><\/p>\n<p style=\"text-align: center;\" mce_style=\"text-align: center;\"><img loading=\"lazy\" decoding=\"async\" title=\"CPCC\" alt=\"CPCC\" src=\"https:\/\/www.galeriadocrashed.com\/wordpress\/wp-content\/uploads\/2010\/04\/MG_2995.jpg\" mce_src=\"https:\/\/www.galeriadocrashed.com\/wordpress\/wp-content\/uploads\/2010\/04\/MG_2995.jpg\" width=\"640\" height=\"426\"><\/p>\n<p style=\"text-align: center;\" mce_style=\"text-align: center;\"><img loading=\"lazy\" decoding=\"async\" title=\"CPCC\" alt=\"CPCC\" src=\"https:\/\/www.galeriadocrashed.com\/wordpress\/wp-content\/uploads\/2010\/04\/MG_3091.jpg\" mce_src=\"https:\/\/www.galeriadocrashed.com\/wordpress\/wp-content\/uploads\/2010\/04\/MG_3091.jpg\" width=\"200\" height=\"133\"><img loading=\"lazy\" decoding=\"async\" title=\"CPCC\" alt=\"CPCC\" src=\"https:\/\/www.galeriadocrashed.com\/wordpress\/wp-content\/uploads\/2010\/04\/MG_3020.jpg\" mce_src=\"https:\/\/www.galeriadocrashed.com\/wordpress\/wp-content\/uploads\/2010\/04\/MG_3020.jpg\" width=\"200\" height=\"133\"><img loading=\"lazy\" decoding=\"async\" title=\"CPCC\" alt=\"CPCC\" src=\"https:\/\/www.galeriadocrashed.com\/wordpress\/wp-content\/uploads\/2010\/04\/MG_3775.jpg\" mce_src=\"https:\/\/www.galeriadocrashed.com\/wordpress\/wp-content\/uploads\/2010\/04\/MG_3775.jpg\" width=\"200\" height=\"133\"><\/p>\n<table class=\"mceItemTable\" border=\"0\">\n<tbody>\n<tr>\n<td><b>Classifica\u00e7\u00e3o Final \u2013 Corrida 1<\/b><\/p>\n<p>1\u00ba Joaquim Jorge &#8211; Ford<br \/>\nEscort RS, 11 voltas em 25:51s442<br \/>2\u00ba Alexandre Rebelo &#8211; Porsche 911<br \/>\nRSR, a 16s955<br \/>3\u00ba Carlos Santos &#8211; Porsche 911 RSR, a 32s566<br \/>4\u00ba Kiko<br \/>\n Mora \u2013 Porsche 911 RSR, a 32s831<br \/>5\u00ba Jos\u00e9 Batista \u2013 Ford Escort RS,<br \/>\n33s524<br \/>6\u00ba Luis Barros &#8211; Ford Escort RS, 43s276<\/td>\n<td><b>Classifica\u00e7\u00e3o Final &#8211; Corrida 2:<\/b><\/p>\n<p>1\u00ba Luis Barros &#8211; Ford Escort RS, 11 voltas<br \/>\nem 21:14s249<br \/>2\u00ba Carlos Santos &#8211; Porsche 911 RSR, a 0s493<br \/>3\u00ba<br \/>\nJoaquim Jorge &#8211; Ford Escort RS, a 14s991<br \/>4\u00ba Rui Alves \u2013 Ford Escort<br \/>\nRS, a 32s706<br \/>5\u00ba Pedro Fins \u2013 Lotus Elan, a 41s544<br \/>6\u00ba Jos\u00e9 Batista \u2013<br \/>\n Ford Escort RS, a 41s911<\/td>\n<\/tr>\n<\/tbody>\n<\/table>\n<p><\/p>\n<hr>\n<p><b>PTCC<\/b><\/p>\n<p><\/p>\n<p style=\"text-align: center;\" mce_style=\"text-align: center;\"><img loading=\"lazy\" decoding=\"async\" title=\"PTCC\" alt=\"PTCC\" src=\"https:\/\/www.galeriadocrashed.com\/wordpress\/wp-content\/uploads\/2010\/04\/MG_3209.jpg\" mce_src=\"https:\/\/www.galeriadocrashed.com\/wordpress\/wp-content\/uploads\/2010\/04\/MG_3209.jpg\" width=\"640\" height=\"426\"><\/p>\n<p style=\"text-align: center;\" mce_style=\"text-align: center;\"><img loading=\"lazy\" decoding=\"async\" title=\"PTCC\" alt=\"PTCC\" src=\"https:\/\/www.galeriadocrashed.com\/wordpress\/wp-content\/uploads\/2010\/04\/MG_3233.jpg\" mce_src=\"https:\/\/www.galeriadocrashed.com\/wordpress\/wp-content\/uploads\/2010\/04\/MG_3233.jpg\" width=\"200\" height=\"133\"><img loading=\"lazy\" decoding=\"async\" title=\"PTCC\" alt=\"PTCC\" src=\"https:\/\/www.galeriadocrashed.com\/wordpress\/wp-content\/uploads\/2010\/04\/MG_3263.jpg\" mce_src=\"https:\/\/www.galeriadocrashed.com\/wordpress\/wp-content\/uploads\/2010\/04\/MG_3263.jpg\" width=\"200\" height=\"133\"><img loading=\"lazy\" decoding=\"async\" title=\"PTCC\" alt=\"PTCC\" src=\"https:\/\/www.galeriadocrashed.com\/wordpress\/wp-content\/uploads\/2010\/04\/MG_3264.jpg\" mce_src=\"https:\/\/www.galeriadocrashed.com\/wordpress\/wp-content\/uploads\/2010\/04\/MG_3264.jpg\" width=\"200\" height=\"133\"><\/p>\n<table class=\"mceItemTable\" border=\"0\">\n<tbody>\n<tr>\n<td>\n<p><b>Classifica\u00e7\u00e3o Final &#8211; Corrida 1:<\/b><\/p>\n<p>1\u00ba Nuno Batista \u2013 Seat Leon Supecopa<br \/>2\u00ba Jos\u00e9 Monroy \u2013 Mitsubishi<br \/>\nLancer Evo IX <br \/>3\u00ba Ant\u00f3nio Costa \u2013 Seat Leon Supercopa<br \/>4\u00ba Ant\u00f3nio<br \/>\nJo\u00e3o Silva \u2013 Seat Leon SCLR <br \/>5\u00ba Miguel Fontes \u2013 Clio RS 2000<br \/>6\u00ba<br \/>\nC\u00e9sar Machado \u2013 Clio RS 2000<br \/>7\u00ba Pedro Marreiros \u2013 Hyunday V6 com<br \/>\n1.59.482<\/p>\n<\/td>\n<td>\n<p><b>Classifica\u00e7\u00e3o Final &#8211; Corrida 2:<\/b><\/p>\n<p>1\u00ba Jos\u00e9 Monroy \u2013 Mitsubishi Lancer Evo IX<br \/>2\u00ba Ant\u00f3nio Costa \u2013 Seat<br \/>\nLeon Supercopa<br \/>3\u00ba Ant\u00f3nio Jo\u00e3o Silva \u2013 Seat Leon SCLR<br \/>4\u00ba C\u00e9sar<br \/>\nMachado \u2013 Clio RS 2000<br \/>5\u00ba Pedro Marreiros \u2013 Hyunday V6<br \/>6\u00ba Miguel<br \/>\nFontes \u2013 Clio RS 2000<\/p>\n<\/td>\n<\/tr>\n<\/tbody>\n<\/table>\n<p><\/p>\n<hr>\n<p><b>GT &amp; Sport Prot\u00f3tipos<\/b><\/p>\n<p style=\"text-align: center;\" mce_style=\"text-align: center;\"><b><img loading=\"lazy\" decoding=\"async\" title=\"GT\" alt=\"GT\" src=\"https:\/\/www.galeriadocrashed.com\/wordpress\/wp-content\/uploads\/2010\/04\/MG_3345.jpg\" mce_src=\"https:\/\/www.galeriadocrashed.com\/wordpress\/wp-content\/uploads\/2010\/04\/MG_3345.jpg\" width=\"640\" height=\"426\"><br \/><\/b><\/p>\n<p><\/p>\n<p style=\"text-align: center;\" mce_style=\"text-align: center;\"><img loading=\"lazy\" decoding=\"async\" title=\"GTS\" alt=\"GTS\" src=\"https:\/\/www.galeriadocrashed.com\/wordpress\/wp-content\/uploads\/2010\/04\/MG_3350.jpg\" mce_src=\"https:\/\/www.galeriadocrashed.com\/wordpress\/wp-content\/uploads\/2010\/04\/MG_3350.jpg\" width=\"200\" height=\"133\"><img loading=\"lazy\" decoding=\"async\" title=\"GTS\" alt=\"GTS\" src=\"https:\/\/www.galeriadocrashed.com\/wordpress\/wp-content\/uploads\/2010\/04\/MG_3379.jpg\" mce_src=\"https:\/\/www.galeriadocrashed.com\/wordpress\/wp-content\/uploads\/2010\/04\/MG_3379.jpg\" width=\"200\" height=\"133\"><img loading=\"lazy\" decoding=\"async\" title=\"GTS\" alt=\"GTS\" src=\"https:\/\/www.galeriadocrashed.com\/wordpress\/wp-content\/uploads\/2010\/04\/MG_3437.jpg\" mce_src=\"https:\/\/www.galeriadocrashed.com\/wordpress\/wp-content\/uploads\/2010\/04\/MG_3437.jpg\" width=\"200\" height=\"133\"><\/p>\n<p><b>Resultados da Corrida 2 GT &amp; Sport Prot\u00f3tipos:<\/b><br \/>1\u00ba Jos\u00e9 P. Fontes \/ Diogo Castro Santos \u2013  Porsche 997 GT3<br \/>2\u00ba Pedro Pita \u2013 Caterham CSR<br \/>3\u00ba Ant\u00f3nio Nogueira \u2013  Porsche 911 Turbo GT2<br \/>4\u00ba Steve Worrad\/Miguel Boucinha \u2013 Ginetta C20<br \/>5\u00ba  Paulo Sousa\/Lu\u00eds TeixeiraWestfield Aero<br \/>6\u00ba Ricardo Megre \u2013 Caterham  Graduates<\/p>\n<p style=\"text-align: center;\" mce_style=\"text-align: center;\"><a mce_href=\"index.php?option=com_wrapper&amp;view=wrapper&amp;Itemid=105\" href=\"index.php?option=com_wrapper&amp;view=wrapper&amp;Itemid=105\"><b>Clicar para ver as restantes fotos na galeria<\/b><\/a><\/p>\n<div class=\"mceItemVisualAid\" style=\"position: absolute; left: -10000px; top: 387px; width: 1px; height: 1px; overflow: hidden;\" id=\"_mcePaste\">Classifica\u00e7\u00e3o Final &#8211; Corrida 2:<\/p>\n<p>1\u00ba Alexandre Beir\u00e3o &#8211; Alfa Romeo<br \/>\n Sprint, 10 voltas em 21:01s132<br \/>2\u00ba Fernando Soares &#8211; Fiat 128 Sport<br \/>\nCoup\u00e9, a 29s402<br \/>3\u00ba Carlos Abreu &#8211; Alfa Romeo Sprint, a 43s229<br \/>4\u00ba<br \/>\nAnt\u00f3nio Paquete &#8211; MG Midget, a 50s229<br \/>5\u00ba Frederico de Castro &#8211; Alfa<br \/>\nRomeo Alfasud, a 53s809<br \/>6\u00ba Jos\u00e9 Fafi\u00e3es &#8211; Datsun 1200, a 54s375<\/div>\n","protected":false},"excerpt":{"rendered":"<p>Realizaram-se no passado fim de semana as v\u00e1rias provas que comp\u00f5em o campeonato nacional de Velocidade no Aut\u00f3dromo do Estoril,&hellip;<\/p>\n","protected":false},"author":1,"featured_media":1675,"comment_status":"closed","ping_status":"open","sticky":false,"template":"","format":"standard","meta":{"_seopress_robots_primary_cat":"","_seopress_titles_title":"","_seopress_titles_desc":"","_seopress_robots_index":"","ngg_post_thumbnail":0,"footnotes":""},"categories":[40],"tags":[],"class_list":["post-1691","post","type-post","status-publish","format-standard","has-post-thumbnail","hentry","category-competicao"],"_links":{"self":[{"href":"https:\/\/www.galeriadocrashed.com\/site\/wp-json\/wp\/v2\/posts\/1691","targetHints":{"allow":["GET"]}}],"collection":[{"href":"https:\/\/www.galeriadocrashed.com\/site\/wp-json\/wp\/v2\/posts"}],"about":[{"href":"https:\/\/www.galeriadocrashed.com\/site\/wp-json\/wp\/v2\/types\/post"}],"author":[{"embeddable":true,"href":"https:\/\/www.galeriadocrashed.com\/site\/wp-json\/wp\/v2\/users\/1"}],"replies":[{"embeddable":true,"href":"https:\/\/www.galeriadocrashed.com\/site\/wp-json\/wp\/v2\/comments?post=1691"}],"version-history":[{"count":1,"href":"https:\/\/www.galeriadocrashed.com\/site\/wp-json\/wp\/v2\/posts\/1691\/revisions"}],"predecessor-version":[{"id":3291,"href":"https:\/\/www.galeriadocrashed.com\/site\/wp-json\/wp\/v2\/posts\/1691\/revisions\/3291"}],"wp:featuredmedia":[{"embeddable":true,"href":"https:\/\/www.galeriadocrashed.com\/site\/wp-json\/wp\/v2\/media\/1675"}],"wp:attachment":[{"href":"https:\/\/www.galeriadocrashed.com\/site\/wp-json\/wp\/v2\/media?parent=1691"}],"wp:term":[{"taxonomy":"category","embeddable":true,"href":"https:\/\/www.galeriadocrashed.com\/site\/wp-json\/wp\/v2\/categories?post=1691"},{"taxonomy":"post_tag","embeddable":true,"href":"https:\/\/www.galeriadocrashed.com\/site\/wp-json\/wp\/v2\/tags?post=1691"}],"curies":[{"name":"wp","href":"https:\/\/api.w.org\/{rel}","templated":true}]}}