{"id":1716,"date":"2010-05-25T10:07:04","date_gmt":"2010-05-25T09:07:04","guid":{"rendered":"https:\/\/www.galeriadocrashed.com\/wordpress\/index.php\/2010\/05\/25\/vila-do-conde-revival-motores-voltaram-a-ouvir-se-na-princesa-do-ave\/"},"modified":"2022-01-10T18:01:20","modified_gmt":"2022-01-10T17:01:20","slug":"vila-do-conde-revival-motores-voltaram-a-ouvir-se-na-princesa-do-ave","status":"publish","type":"post","link":"https:\/\/www.galeriadocrashed.com\/site\/vila-do-conde-revival-motores-voltaram-a-ouvir-se-na-princesa-do-ave\/","title":{"rendered":"Vila do Conde Revival &#8211; Motores voltaram a ouvir-se na Princesa do Ave"},"content":{"rendered":"<div style=\"margin-top: 0px; margin-bottom: 0px;\" class=\"sharethis-inline-share-buttons\" ><\/div><p style=\"text-align: justify;\" mce_style=\"TEXT-ALIGN: justify\">&nbsp; Foi no passado S\u00e1bado, sob um maravilhoso dia de Ver\u00e3o, que os autom\u00f3veis de competi\u00e7\u00e3o e n\u00e3o s\u00f3, regressaram ao m\u00edtico Circuito de Vila do Conde, sete anos depois da sua \u00faltima edi\u00e7\u00e3o.<\/p>\n<p style=\"text-align: justify;\" mce_style=\"TEXT-ALIGN: justify\">Numa organiza\u00e7\u00e3o do Club Racing &amp; Gentleman Drivers Changing Gear em colabora\u00e7\u00e3o com a C\u00e2mara Municipal de Vila do Conde, o tra\u00e7ado voltou a encher-se de espectadores saudosos de rever muitas das m\u00e1quinas, pilotos e at\u00e9 comiss\u00e1rios de pista que fizeram a hist\u00f3ria deste circuito.<\/p>\n<p style=\"text-align: center;\" mce_style=\"TEXT-ALIGN: center\"><img decoding=\"async\" title=\"V.Conde 298\" mce_src=\"https:\/\/www.galeriadocrashed.com\/wordpress\/wp-content\/uploads\/2010\/05\/Image00298.jpg\" alt=\"V.Conde 298\" src=\"https:\/\/www.galeriadocrashed.com\/wordpress\/wp-content\/uploads\/2010\/05\/Image00298.jpg\" width=\"640\"><\/p>\n<p style=\"text-align: justify;\" mce_style=\"TEXT-ALIGN: justify\">Dos Turismo aos F\u00f3rmula, passando pelos Cl\u00e1ssicos de Competi\u00e7\u00e3o, o r\u00e1pido Surtees de F\u00f3rmula 1 e ainda com o complemento dos Modernos Super Desportivos, foram muitos os carros que &#8216;desfilaram&#8217; a um ritmo que esteve bem longe de ser de &#8216;passeio&#8217;.<\/p>\n<p style=\"text-align: center;\" mce_style=\"TEXT-ALIGN: center\"><img decoding=\"async\" mce_src=\"https:\/\/www.galeriadocrashed.com\/wordpress\/wp-content\/uploads\/2010\/05\/Image00276.jpg\" alt=\"V.Conde 276\" src=\"https:\/\/www.galeriadocrashed.com\/wordpress\/wp-content\/uploads\/2010\/05\/Image00276.jpg\" width=\"200\">&nbsp;<img decoding=\"async\" mce_src=\"https:\/\/www.galeriadocrashed.com\/wordpress\/wp-content\/uploads\/2010\/05\/Image00324.jpg\" alt=\"V.Conde 324\" src=\"https:\/\/www.galeriadocrashed.com\/wordpress\/wp-content\/uploads\/2010\/05\/Image00324.jpg\" width=\"200\">&nbsp;<img decoding=\"async\" mce_src=\"https:\/\/www.galeriadocrashed.com\/wordpress\/wp-content\/uploads\/2010\/05\/Image00400.jpg\" alt=\"V.Conde 400\" src=\"https:\/\/www.galeriadocrashed.com\/wordpress\/wp-content\/uploads\/2010\/05\/Image00400.jpg\" width=\"200\">&nbsp;<img decoding=\"async\" mce_src=\"https:\/\/www.galeriadocrashed.com\/wordpress\/wp-content\/uploads\/2010\/05\/Image00500.jpg\" alt=\"V.Conde 500\" src=\"https:\/\/www.galeriadocrashed.com\/wordpress\/wp-content\/uploads\/2010\/05\/Image00500.jpg\" width=\"200\">&nbsp;<img decoding=\"async\" mce_src=\"https:\/\/www.galeriadocrashed.com\/wordpress\/wp-content\/uploads\/2010\/05\/Image00394.jpg\" alt=\"V. Conde 394\" src=\"https:\/\/www.galeriadocrashed.com\/wordpress\/wp-content\/uploads\/2010\/05\/Image00394.jpg\" width=\"200\">&nbsp;<img decoding=\"async\" mce_src=\"https:\/\/www.galeriadocrashed.com\/wordpress\/wp-content\/uploads\/2010\/05\/Image00346.jpg\" alt=\"V.Conde 346\" src=\"https:\/\/www.galeriadocrashed.com\/wordpress\/wp-content\/uploads\/2010\/05\/Image00346.jpg\" width=\"200\"><\/p>\n<p style=\"margin-bottom: 0cm;\" mce_style=\"MARGIN-BOTTOM: 0cm\">&nbsp;Resta-nos esperar que este &#8216; 1\u00ba Circuito de Vila do Conde Revival&#8217; possa ter continuidade.<\/p>\n<p style=\"margin-bottom: 0cm;\" mce_style=\"MARGIN-BOTTOM: 0cm\"><a href=\"http:\/\/www.galeriadocrashed.com\/site\/index.php?option=com_wrapper&amp;view=wrapper&amp;Itemid=109\" mce_href=\"index.php?option=com_wrapper&amp;view=wrapper&amp;Itemid=109\">CLIQUE AQUI<\/a>, para ver todas as as fotos disponiveis na nossa Galeria&nbsp;&nbsp;<\/p>\n","protected":false},"excerpt":{"rendered":"<p>&nbsp; Foi no passado S\u00e1bado, sob um maravilhoso dia de Ver\u00e3o, que os autom\u00f3veis de competi\u00e7\u00e3o e n\u00e3o s\u00f3, regressaram&hellip;<\/p>\n","protected":false},"author":1,"featured_media":1709,"comment_status":"closed","ping_status":"open","sticky":false,"template":"","format":"standard","meta":{"_seopress_robots_primary_cat":"","_seopress_titles_title":"","_seopress_titles_desc":"","_seopress_robots_index":"","ngg_post_thumbnail":0,"footnotes":""},"categories":[40],"tags":[],"class_list":["post-1716","post","type-post","status-publish","format-standard","has-post-thumbnail","hentry","category-competicao"],"_links":{"self":[{"href":"https:\/\/www.galeriadocrashed.com\/site\/wp-json\/wp\/v2\/posts\/1716","targetHints":{"allow":["GET"]}}],"collection":[{"href":"https:\/\/www.galeriadocrashed.com\/site\/wp-json\/wp\/v2\/posts"}],"about":[{"href":"https:\/\/www.galeriadocrashed.com\/site\/wp-json\/wp\/v2\/types\/post"}],"author":[{"embeddable":true,"href":"https:\/\/www.galeriadocrashed.com\/site\/wp-json\/wp\/v2\/users\/1"}],"replies":[{"embeddable":true,"href":"https:\/\/www.galeriadocrashed.com\/site\/wp-json\/wp\/v2\/comments?post=1716"}],"version-history":[{"count":1,"href":"https:\/\/www.galeriadocrashed.com\/site\/wp-json\/wp\/v2\/posts\/1716\/revisions"}],"predecessor-version":[{"id":3286,"href":"https:\/\/www.galeriadocrashed.com\/site\/wp-json\/wp\/v2\/posts\/1716\/revisions\/3286"}],"wp:featuredmedia":[{"embeddable":true,"href":"https:\/\/www.galeriadocrashed.com\/site\/wp-json\/wp\/v2\/media\/1709"}],"wp:attachment":[{"href":"https:\/\/www.galeriadocrashed.com\/site\/wp-json\/wp\/v2\/media?parent=1716"}],"wp:term":[{"taxonomy":"category","embeddable":true,"href":"https:\/\/www.galeriadocrashed.com\/site\/wp-json\/wp\/v2\/categories?post=1716"},{"taxonomy":"post_tag","embeddable":true,"href":"https:\/\/www.galeriadocrashed.com\/site\/wp-json\/wp\/v2\/tags?post=1716"}],"curies":[{"name":"wp","href":"https:\/\/api.w.org\/{rel}","templated":true}]}}