{"id":1720,"date":"2010-05-26T23:03:47","date_gmt":"2010-05-26T22:03:47","guid":{"rendered":"https:\/\/www.galeriadocrashed.com\/wordpress\/index.php\/2010\/05\/26\/milhares-de-especatadores-invadiram-os-aliados-no-porto\/"},"modified":"2022-01-10T18:01:20","modified_gmt":"2022-01-10T17:01:20","slug":"milhares-de-especatadores-invadiram-os-aliados-no-porto","status":"publish","type":"post","link":"https:\/\/www.galeriadocrashed.com\/site\/milhares-de-especatadores-invadiram-os-aliados-no-porto\/","title":{"rendered":"Milhares de espectadores invadiram os Aliados no Porto"},"content":{"rendered":"<div style=\"margin-top: 0px; margin-bottom: 0px;\" class=\"sharethis-inline-share-buttons\" ><\/div><p style=\"text-align: center;\" mce_style=\"TEXT-ALIGN: center\">A cidade do Porto recebeu no passado Domingo o 1\u00ba. Porto Road Show, numa organiza\u00e7\u00e3o conjunta da sua\u00a0C\u00e2mara Municipal, Autom\u00f3vel Clube de Portugal e a empresa Porto Lazer e o m\u00ednimo que se pode dizer, \u00e9 que se traduziu num SUCESSO!<\/p>\n<p style=\"text-align: center;\" mce_style=\"TEXT-ALIGN: center\"><\/p>\n<p style=\"text-align: center;\" mce_style=\"TEXT-ALIGN: center\"><img loading=\"lazy\" decoding=\"async\" class=\" size-full wp-image-1717 size-full wp-image-1717\" alt=\"Porto 33\" src=\"https:\/\/www.galeriadocrashed.com\/wordpress\/wp-content\/uploads\/2010\/05\/Image00033.jpg\" mce_src=\"https:\/\/www.galeriadocrashed.com\/wordpress\/wp-content\/uploads\/2010\/05\/Image00033.jpg\" width=\"600\" height=\"390\" srcset=\"https:\/\/www.galeriadocrashed.com\/site\/wp-content\/uploads\/2010\/05\/Image00033.jpg 804w, https:\/\/www.galeriadocrashed.com\/site\/wp-content\/uploads\/2010\/05\/Image00033-300x195.jpg 300w, https:\/\/www.galeriadocrashed.com\/site\/wp-content\/uploads\/2010\/05\/Image00033-768x499.jpg 768w\" sizes=\"auto, (max-width: 600px) 100vw, 600px\" \/><\/p>\n<p>Numa esp\u00e9cie de aperitivo \u00e0 verdadeira ac\u00e7\u00e3o que esta semana se vai disputar nos tro\u00e7os do Algarve, foi com grande entusiasmo que o imenso p\u00fablico vibrou com as passagens das estrelas\u00a0Loeb,\u00a0Sordo,\u00a0Raikkonen, Latvala e\u00a0Hirvonen,\u00a0sem esquecer claro, o Portugu\u00eas campe\u00e3o do Mundo, e que grande contribui\u00e7\u00e3o deu para a realiza\u00e7\u00e3o deste evento, Armindo Ara\u00fajo.<\/p>\n<p style=\"text-align: justify;\" mce_style=\"TEXT-ALIGN: justify\">Sendo um evento com car\u00e1cter apenas de espect\u00e1culo, n\u00e3o houve naturalmente\u00a0uma classifica\u00e7\u00e3o, mas nem por isso os pilotos deixaram de\u00a0fazer\u00a0aquilo que melhor sabem&#8230; Guiar de forma espectacular e r\u00e1pida, as fabulosas m\u00e1quinas do WRC.<\/p>\n<p style=\"text-align: justify;\" mce_style=\"text-align: justify;\">Foi\u00a0 uma excelente oportunidade\u00a0tamb\u00e9m, para o imenso p\u00fablico &#8216;chegar mais perto&#8217; destas estrelas do automobilismo mundial, as quais retribuiram com enorme simpatia.<\/p>\n<p style=\"text-align: center;\" mce_style=\"text-align: center;\"><img loading=\"lazy\" decoding=\"async\" class=\" size-full wp-image-1718 size-full wp-image-1718\" alt=\"Porto 25\" src=\"https:\/\/www.galeriadocrashed.com\/wordpress\/wp-content\/uploads\/2010\/05\/Image00025.jpg\" mce_src=\"https:\/\/www.galeriadocrashed.com\/wordpress\/wp-content\/uploads\/2010\/05\/Image00025.jpg\" width=\"300\" height=\"201\" srcset=\"https:\/\/www.galeriadocrashed.com\/site\/wp-content\/uploads\/2010\/05\/Image00025.jpg 804w, https:\/\/www.galeriadocrashed.com\/site\/wp-content\/uploads\/2010\/05\/Image00025-300x201.jpg 300w, https:\/\/www.galeriadocrashed.com\/site\/wp-content\/uploads\/2010\/05\/Image00025-768x514.jpg 768w\" sizes=\"auto, (max-width: 300px) 100vw, 300px\" \/> <img loading=\"lazy\" decoding=\"async\" class=\" size-full wp-image-1719 size-full wp-image-1719\" alt=\"Porto 07\" src=\"https:\/\/www.galeriadocrashed.com\/wordpress\/wp-content\/uploads\/2010\/05\/Image00007.jpg\" mce_src=\"https:\/\/www.galeriadocrashed.com\/wordpress\/wp-content\/uploads\/2010\/05\/Image00007.jpg\" width=\"300\" height=\"201\" srcset=\"https:\/\/www.galeriadocrashed.com\/site\/wp-content\/uploads\/2010\/05\/Image00007.jpg 804w, https:\/\/www.galeriadocrashed.com\/site\/wp-content\/uploads\/2010\/05\/Image00007-300x201.jpg 300w, https:\/\/www.galeriadocrashed.com\/site\/wp-content\/uploads\/2010\/05\/Image00007-768x514.jpg 768w\" sizes=\"auto, (max-width: 300px) 100vw, 300px\" \/><\/p>\n<p style=\"text-align: justify;\" mce_style=\"TEXT-ALIGN: justify\"><\/p>\n<p style=\"text-align: justify;\" mce_style=\"TEXT-ALIGN: justify\">34 anos depois, o Rali de Portugal regressou \u00e0 cidade do Porto!<\/p>\n","protected":false},"excerpt":{"rendered":"<p>A cidade do Porto recebeu no passado Domingo o 1\u00ba. Porto Road Show, numa organiza\u00e7\u00e3o conjunta da sua\u00a0C\u00e2mara Municipal, Autom\u00f3vel&hellip;<\/p>\n","protected":false},"author":1,"featured_media":1717,"comment_status":"closed","ping_status":"open","sticky":false,"template":"","format":"standard","meta":{"_seopress_robots_primary_cat":"","_seopress_titles_title":"","_seopress_titles_desc":"","_seopress_robots_index":"","ngg_post_thumbnail":0,"footnotes":""},"categories":[40],"tags":[],"class_list":["post-1720","post","type-post","status-publish","format-standard","has-post-thumbnail","hentry","category-competicao"],"_links":{"self":[{"href":"https:\/\/www.galeriadocrashed.com\/site\/wp-json\/wp\/v2\/posts\/1720","targetHints":{"allow":["GET"]}}],"collection":[{"href":"https:\/\/www.galeriadocrashed.com\/site\/wp-json\/wp\/v2\/posts"}],"about":[{"href":"https:\/\/www.galeriadocrashed.com\/site\/wp-json\/wp\/v2\/types\/post"}],"author":[{"embeddable":true,"href":"https:\/\/www.galeriadocrashed.com\/site\/wp-json\/wp\/v2\/users\/1"}],"replies":[{"embeddable":true,"href":"https:\/\/www.galeriadocrashed.com\/site\/wp-json\/wp\/v2\/comments?post=1720"}],"version-history":[{"count":1,"href":"https:\/\/www.galeriadocrashed.com\/site\/wp-json\/wp\/v2\/posts\/1720\/revisions"}],"predecessor-version":[{"id":3285,"href":"https:\/\/www.galeriadocrashed.com\/site\/wp-json\/wp\/v2\/posts\/1720\/revisions\/3285"}],"wp:featuredmedia":[{"embeddable":true,"href":"https:\/\/www.galeriadocrashed.com\/site\/wp-json\/wp\/v2\/media\/1717"}],"wp:attachment":[{"href":"https:\/\/www.galeriadocrashed.com\/site\/wp-json\/wp\/v2\/media?parent=1720"}],"wp:term":[{"taxonomy":"category","embeddable":true,"href":"https:\/\/www.galeriadocrashed.com\/site\/wp-json\/wp\/v2\/categories?post=1720"},{"taxonomy":"post_tag","embeddable":true,"href":"https:\/\/www.galeriadocrashed.com\/site\/wp-json\/wp\/v2\/tags?post=1720"}],"curies":[{"name":"wp","href":"https:\/\/api.w.org\/{rel}","templated":true}]}}