{"id":2248,"date":"2012-03-25T21:00:18","date_gmt":"2012-03-25T20:00:18","guid":{"rendered":"https:\/\/www.galeriadocrashed.com\/wordpress\/index.php\/2012\/03\/25\/fafe-rally-sprint-fafe-2012\/"},"modified":"2022-01-10T18:01:19","modified_gmt":"2022-01-10T17:01:19","slug":"fafe-rally-sprint-fafe-2012","status":"publish","type":"post","link":"https:\/\/www.galeriadocrashed.com\/site\/fafe-rally-sprint-fafe-2012\/","title":{"rendered":"Fafe Rally Sprint 2012"},"content":{"rendered":"<div style=\"margin-top: 0px; margin-bottom: 0px;\" class=\"sharethis-inline-share-buttons\" ><\/div><p><strong>Fafe voltou a receber os melhores pilotos do mundial de ralis e as emo\u00e7\u00f5es regressaram em for\u00e7a \u00e0 m\u00edtica especial da Lameirinha<\/strong><\/p>\n<p><img loading=\"lazy\" decoding=\"async\" class=\" size-full wp-image-2245\" src=\"https:\/\/www.galeriadocrashed.com\/wordpress\/wp-content\/uploads\/2012\/03\/img_0347.jpg\" border=\"0\" alt=\"\" width=\"640\" height=\"427\" srcset=\"https:\/\/www.galeriadocrashed.com\/site\/wp-content\/uploads\/2012\/03\/img_0347.jpg 640w, https:\/\/www.galeriadocrashed.com\/site\/wp-content\/uploads\/2012\/03\/img_0347-300x200.jpg 300w\" sizes=\"auto, (max-width: 640px) 100vw, 640px\" \/><img loading=\"lazy\" decoding=\"async\" class=\" size-full wp-image-2246\" src=\"https:\/\/www.galeriadocrashed.com\/wordpress\/wp-content\/uploads\/2012\/03\/img_0244.jpg\" border=\"0\" alt=\"\" width=\"640\" height=\"427\" srcset=\"https:\/\/www.galeriadocrashed.com\/site\/wp-content\/uploads\/2012\/03\/img_0244.jpg 640w, https:\/\/www.galeriadocrashed.com\/site\/wp-content\/uploads\/2012\/03\/img_0244-300x200.jpg 300w\" sizes=\"auto, (max-width: 640px) 100vw, 640px\" \/><\/p>\n<p><img loading=\"lazy\" decoding=\"async\" class=\" size-full wp-image-2247\" src=\"https:\/\/www.galeriadocrashed.com\/wordpress\/wp-content\/uploads\/2012\/03\/img_0292.jpg\" border=\"0\" alt=\"\" width=\"640\" height=\"422\" srcset=\"https:\/\/www.galeriadocrashed.com\/site\/wp-content\/uploads\/2012\/03\/img_0292.jpg 640w, https:\/\/www.galeriadocrashed.com\/site\/wp-content\/uploads\/2012\/03\/img_0292-300x198.jpg 300w\" sizes=\"auto, (max-width: 640px) 100vw, 640px\" \/><\/p>\n<p style=\"text-align: center;\"><strong><a href=\"index.php?option=com_wrapper&amp;view=wrapper&amp;Itemid=257\">CLIQUE AQUI<\/a>, para aceder \u00e0 galeria de fotos deste evento!<\/strong><\/p>\n","protected":false},"excerpt":{"rendered":"<p>Fafe voltou a receber os melhores pilotos do mundial de ralis e as emo\u00e7\u00f5es regressaram em for\u00e7a \u00e0 m\u00edtica especial&hellip;<\/p>\n","protected":false},"author":1,"featured_media":2245,"comment_status":"closed","ping_status":"open","sticky":false,"template":"","format":"standard","meta":{"_seopress_robots_primary_cat":"","_seopress_titles_title":"","_seopress_titles_desc":"","_seopress_robots_index":"","ngg_post_thumbnail":0,"footnotes":""},"categories":[40],"tags":[],"class_list":["post-2248","post","type-post","status-publish","format-standard","has-post-thumbnail","hentry","category-competicao"],"_links":{"self":[{"href":"https:\/\/www.galeriadocrashed.com\/site\/wp-json\/wp\/v2\/posts\/2248","targetHints":{"allow":["GET"]}}],"collection":[{"href":"https:\/\/www.galeriadocrashed.com\/site\/wp-json\/wp\/v2\/posts"}],"about":[{"href":"https:\/\/www.galeriadocrashed.com\/site\/wp-json\/wp\/v2\/types\/post"}],"author":[{"embeddable":true,"href":"https:\/\/www.galeriadocrashed.com\/site\/wp-json\/wp\/v2\/users\/1"}],"replies":[{"embeddable":true,"href":"https:\/\/www.galeriadocrashed.com\/site\/wp-json\/wp\/v2\/comments?post=2248"}],"version-history":[{"count":1,"href":"https:\/\/www.galeriadocrashed.com\/site\/wp-json\/wp\/v2\/posts\/2248\/revisions"}],"predecessor-version":[{"id":3203,"href":"https:\/\/www.galeriadocrashed.com\/site\/wp-json\/wp\/v2\/posts\/2248\/revisions\/3203"}],"wp:featuredmedia":[{"embeddable":true,"href":"https:\/\/www.galeriadocrashed.com\/site\/wp-json\/wp\/v2\/media\/2245"}],"wp:attachment":[{"href":"https:\/\/www.galeriadocrashed.com\/site\/wp-json\/wp\/v2\/media?parent=2248"}],"wp:term":[{"taxonomy":"category","embeddable":true,"href":"https:\/\/www.galeriadocrashed.com\/site\/wp-json\/wp\/v2\/categories?post=2248"},{"taxonomy":"post_tag","embeddable":true,"href":"https:\/\/www.galeriadocrashed.com\/site\/wp-json\/wp\/v2\/tags?post=2248"}],"curies":[{"name":"wp","href":"https:\/\/api.w.org\/{rel}","templated":true}]}}