{"id":2250,"date":"2012-03-25T09:56:47","date_gmt":"2012-03-25T08:56:47","guid":{"rendered":"https:\/\/www.galeriadocrashed.com\/wordpress\/index.php\/2012\/03\/25\/57-braga-i-2012\/"},"modified":"2022-01-10T18:01:19","modified_gmt":"2022-01-10T17:01:19","slug":"57-braga-i-2012","status":"publish","type":"post","link":"https:\/\/www.galeriadocrashed.com\/site\/57-braga-i-2012\/","title":{"rendered":"57\u00ba Circuito Braga I 2012"},"content":{"rendered":"<div style=\"margin-top: 0px; margin-bottom: 0px;\" class=\"sharethis-inline-share-buttons\" ><\/div><p><strong><strong><img loading=\"lazy\" decoding=\"async\" class=\" size-full wp-image-2249\" src=\"https:\/\/www.galeriadocrashed.com\/wordpress\/wp-content\/uploads\/2012\/03\/img_0759.jpg\" border=\"0\" alt=\"\" width=\"640\" height=\"427\" srcset=\"https:\/\/www.galeriadocrashed.com\/site\/wp-content\/uploads\/2012\/03\/img_0759.jpg 640w, https:\/\/www.galeriadocrashed.com\/site\/wp-content\/uploads\/2012\/03\/img_0759-300x200.jpg 300w\" sizes=\"auto, (max-width: 640px) 100vw, 640px\" \/><\/strong><\/strong><\/p>\n<p>O 57\u00ba. Circuito Braga I deu inicio \u00e0 temporada de 2012 da Velocidade Nacional.<\/p>\n<p>Se nos Cl\u00e1ssicos at\u00e9 1300 cc, o vencedor de ambas as provas foi Alexandre Beir\u00e3o ao volante do Alfa Romeo Alfasud Sprint, na categoria &#8216;maior&#8217; ( CPCC ), Lu\u00eds Barros teve id\u00eantico desempenho e imp\u00f4s o potente Porsche 930 Turbo.<\/p>\n<p>Nos GTs, a vit\u00f3ria nas 2 corridas disputadas sorriu ao Audi R8 LMS do Team Novadrive.<\/p>\n<p>\u00a0<\/p>\n<p><strong><a href=\"index.php?option=com_wrapper&amp;view=wrapper&amp;Itemid=259\">CLIQUE AQUI<\/a>, <\/strong>para aceder \u00e0 galeria de fotos deste evento.<strong><br \/><\/strong><\/p>\n","protected":false},"excerpt":{"rendered":"<p>O 57\u00ba. Circuito Braga I deu inicio \u00e0 temporada de 2012 da Velocidade Nacional. Se nos Cl\u00e1ssicos at\u00e9 1300 cc,&hellip;<\/p>\n","protected":false},"author":1,"featured_media":2249,"comment_status":"closed","ping_status":"open","sticky":false,"template":"","format":"standard","meta":{"_seopress_robots_primary_cat":"","_seopress_titles_title":"","_seopress_titles_desc":"","_seopress_robots_index":"","ngg_post_thumbnail":0,"footnotes":""},"categories":[40],"tags":[],"class_list":["post-2250","post","type-post","status-publish","format-standard","has-post-thumbnail","hentry","category-competicao"],"_links":{"self":[{"href":"https:\/\/www.galeriadocrashed.com\/site\/wp-json\/wp\/v2\/posts\/2250","targetHints":{"allow":["GET"]}}],"collection":[{"href":"https:\/\/www.galeriadocrashed.com\/site\/wp-json\/wp\/v2\/posts"}],"about":[{"href":"https:\/\/www.galeriadocrashed.com\/site\/wp-json\/wp\/v2\/types\/post"}],"author":[{"embeddable":true,"href":"https:\/\/www.galeriadocrashed.com\/site\/wp-json\/wp\/v2\/users\/1"}],"replies":[{"embeddable":true,"href":"https:\/\/www.galeriadocrashed.com\/site\/wp-json\/wp\/v2\/comments?post=2250"}],"version-history":[{"count":1,"href":"https:\/\/www.galeriadocrashed.com\/site\/wp-json\/wp\/v2\/posts\/2250\/revisions"}],"predecessor-version":[{"id":3204,"href":"https:\/\/www.galeriadocrashed.com\/site\/wp-json\/wp\/v2\/posts\/2250\/revisions\/3204"}],"wp:featuredmedia":[{"embeddable":true,"href":"https:\/\/www.galeriadocrashed.com\/site\/wp-json\/wp\/v2\/media\/2249"}],"wp:attachment":[{"href":"https:\/\/www.galeriadocrashed.com\/site\/wp-json\/wp\/v2\/media?parent=2250"}],"wp:term":[{"taxonomy":"category","embeddable":true,"href":"https:\/\/www.galeriadocrashed.com\/site\/wp-json\/wp\/v2\/categories?post=2250"},{"taxonomy":"post_tag","embeddable":true,"href":"https:\/\/www.galeriadocrashed.com\/site\/wp-json\/wp\/v2\/tags?post=2250"}],"curies":[{"name":"wp","href":"https:\/\/api.w.org\/{rel}","templated":true}]}}