{"id":2261,"date":"2012-04-02T02:00:00","date_gmt":"2012-04-02T01:00:00","guid":{"rendered":"https:\/\/www.galeriadocrashed.com\/wordpress\/index.php\/2012\/04\/02\/trackday-estoril-by-espirito-racing\/"},"modified":"2022-01-10T18:01:19","modified_gmt":"2022-01-10T17:01:19","slug":"trackday-estoril-by-espirito-racing","status":"publish","type":"post","link":"https:\/\/www.galeriadocrashed.com\/site\/trackday-estoril-by-espirito-racing\/","title":{"rendered":"Trackday @ Estoril by Espirito Racing"},"content":{"rendered":"<div style=\"margin-top: 0px; margin-bottom: 0px;\" class=\"sharethis-inline-share-buttons\" ><\/div><p>Realizou-se no dia 1 de Abril o 1\u00ba Trackday no Aut\u00f3dromo do Estoril organizado pela Esp\u00edrito Racing, devido ao evento do AJA pela manh\u00e3 s\u00f3 nos foi poss\u00edvel\u00a0 estar presente durante a tarde, mesmo assim deu para ver que esta nova empresa apostou em grande no evento e mesmo em termos de seguran\u00e7a com a presen\u00e7a de v\u00e1rios elementos da policia. No final do evento ofereceram a todos os que tinham o carro no paddock a possibilidade de entrar em pista e efetuarem um batismo de pista.<\/p>\n<p style=\"text-align: center;\"><img loading=\"lazy\" decoding=\"async\" class=\" alignleft size-full wp-image-2257\" src=\"https:\/\/www.galeriadocrashed.com\/wordpress\/wp-content\/uploads\/2012\/04\/mg_5579.jpg\" border=\"0\" alt=\"Trackday Abril Espirito Racing\" width=\"640\" height=\"426\" style=\"float: left;\" srcset=\"https:\/\/www.galeriadocrashed.com\/site\/wp-content\/uploads\/2012\/04\/mg_5579.jpg 800w, https:\/\/www.galeriadocrashed.com\/site\/wp-content\/uploads\/2012\/04\/mg_5579-300x200.jpg 300w, https:\/\/www.galeriadocrashed.com\/site\/wp-content\/uploads\/2012\/04\/mg_5579-768x512.jpg 768w\" sizes=\"auto, (max-width: 640px) 100vw, 640px\" \/><\/p>\n<table border=\"0\">\n<tbody>\n<tr>\n<td>\n<p><img loading=\"lazy\" decoding=\"async\" class=\" size-full wp-image-2258\" src=\"https:\/\/www.galeriadocrashed.com\/wordpress\/wp-content\/uploads\/2012\/04\/mg_5520.jpg\" border=\"0\" alt=\"Trackday Abril Espirito Racing\" width=\"200\" height=\"133\" style=\"display: block; margin-left: auto; margin-right: auto;\" srcset=\"https:\/\/www.galeriadocrashed.com\/site\/wp-content\/uploads\/2012\/04\/mg_5520.jpg 800w, https:\/\/www.galeriadocrashed.com\/site\/wp-content\/uploads\/2012\/04\/mg_5520-300x200.jpg 300w, https:\/\/www.galeriadocrashed.com\/site\/wp-content\/uploads\/2012\/04\/mg_5520-768x512.jpg 768w\" sizes=\"auto, (max-width: 200px) 100vw, 200px\" \/><\/p>\n<\/td>\n<td><img loading=\"lazy\" decoding=\"async\" class=\" size-full wp-image-2259\" src=\"https:\/\/www.galeriadocrashed.com\/wordpress\/wp-content\/uploads\/2012\/04\/mg_5604.jpg\" border=\"0\" alt=\"Trackday Abril Espirito Racing\" width=\"200\" height=\"133\" srcset=\"https:\/\/www.galeriadocrashed.com\/site\/wp-content\/uploads\/2012\/04\/mg_5604.jpg 800w, https:\/\/www.galeriadocrashed.com\/site\/wp-content\/uploads\/2012\/04\/mg_5604-300x200.jpg 300w, https:\/\/www.galeriadocrashed.com\/site\/wp-content\/uploads\/2012\/04\/mg_5604-768x512.jpg 768w\" sizes=\"auto, (max-width: 200px) 100vw, 200px\" \/><\/td>\n<td><img loading=\"lazy\" decoding=\"async\" class=\" size-full wp-image-2260\" src=\"https:\/\/www.galeriadocrashed.com\/wordpress\/wp-content\/uploads\/2012\/04\/mg_6049.jpg\" border=\"0\" alt=\"Trackday Abril Espirito Racing\" width=\"200\" height=\"133\" srcset=\"https:\/\/www.galeriadocrashed.com\/site\/wp-content\/uploads\/2012\/04\/mg_6049.jpg 800w, https:\/\/www.galeriadocrashed.com\/site\/wp-content\/uploads\/2012\/04\/mg_6049-300x200.jpg 300w, https:\/\/www.galeriadocrashed.com\/site\/wp-content\/uploads\/2012\/04\/mg_6049-768x512.jpg 768w\" sizes=\"auto, (max-width: 200px) 100vw, 200px\" \/><\/td>\n<\/tr>\n<\/tbody>\n<\/table>\n<p>\u00a0<\/p>\n<p><strong><a href=\"2012-04-01-trackday-estoril-espirito-racing.html\">CLIQUE AQUI<\/a>, <\/strong>para aceder \u00e0 galeria de fotos deste evento.<\/p>\n<p>Queremos agradecer a Esp\u00edrito Racing pelo passe que nos permitiu tirar as fotos do evento!<\/p>\n","protected":false},"excerpt":{"rendered":"<p>Realizou-se no dia 1 de Abril o 1\u00ba Trackday no Aut\u00f3dromo do Estoril organizado pela Esp\u00edrito Racing, devido ao evento&hellip;<\/p>\n","protected":false},"author":1,"featured_media":2257,"comment_status":"closed","ping_status":"open","sticky":false,"template":"","format":"standard","meta":{"_seopress_robots_primary_cat":"","_seopress_titles_title":"","_seopress_titles_desc":"","_seopress_robots_index":"","ngg_post_thumbnail":0,"footnotes":""},"categories":[40],"tags":[],"class_list":["post-2261","post","type-post","status-publish","format-standard","has-post-thumbnail","hentry","category-competicao"],"_links":{"self":[{"href":"https:\/\/www.galeriadocrashed.com\/site\/wp-json\/wp\/v2\/posts\/2261","targetHints":{"allow":["GET"]}}],"collection":[{"href":"https:\/\/www.galeriadocrashed.com\/site\/wp-json\/wp\/v2\/posts"}],"about":[{"href":"https:\/\/www.galeriadocrashed.com\/site\/wp-json\/wp\/v2\/types\/post"}],"author":[{"embeddable":true,"href":"https:\/\/www.galeriadocrashed.com\/site\/wp-json\/wp\/v2\/users\/1"}],"replies":[{"embeddable":true,"href":"https:\/\/www.galeriadocrashed.com\/site\/wp-json\/wp\/v2\/comments?post=2261"}],"version-history":[{"count":1,"href":"https:\/\/www.galeriadocrashed.com\/site\/wp-json\/wp\/v2\/posts\/2261\/revisions"}],"predecessor-version":[{"id":3201,"href":"https:\/\/www.galeriadocrashed.com\/site\/wp-json\/wp\/v2\/posts\/2261\/revisions\/3201"}],"wp:featuredmedia":[{"embeddable":true,"href":"https:\/\/www.galeriadocrashed.com\/site\/wp-json\/wp\/v2\/media\/2257"}],"wp:attachment":[{"href":"https:\/\/www.galeriadocrashed.com\/site\/wp-json\/wp\/v2\/media?parent=2261"}],"wp:term":[{"taxonomy":"category","embeddable":true,"href":"https:\/\/www.galeriadocrashed.com\/site\/wp-json\/wp\/v2\/categories?post=2261"},{"taxonomy":"post_tag","embeddable":true,"href":"https:\/\/www.galeriadocrashed.com\/site\/wp-json\/wp\/v2\/tags?post=2261"}],"curies":[{"name":"wp","href":"https:\/\/api.w.org\/{rel}","templated":true}]}}