{"id":2278,"date":"2012-04-16T11:44:45","date_gmt":"2012-04-16T10:44:45","guid":{"rendered":"https:\/\/www.galeriadocrashed.com\/wordpress\/index.php\/2012\/04\/16\/circuito-acdme-1-estoril\/"},"modified":"2022-01-10T18:01:19","modified_gmt":"2022-01-10T17:01:19","slug":"circuito-acdme-1-estoril","status":"publish","type":"post","link":"https:\/\/www.galeriadocrashed.com\/site\/circuito-acdme-1-estoril\/","title":{"rendered":"Circuito ACDME 1 @ Estoril"},"content":{"rendered":"<div style=\"margin-top: 0px; margin-bottom: 0px;\" class=\"sharethis-inline-share-buttons\" ><\/div><p>Realizou-se no passado fim de semana no Circuito do Estoril mais uma jornada de provas da Racing Weekend, incluindo as provas do CPC, CPCC, CPCC 1300 e Single Seaters.<\/p>\n<p><strong>CPCC 1300<\/strong><\/p>\n<p>Nos 1300 supremacia de Alexandre Beir\u00e3o nas duas provas no seu Alfa RomeoSprint, tendo mostrado que tanto a chuva (corrida da manha) como a seco leva vantagem sobre os seus advers\u00e1rios.\u00a0<\/p>\n<p>\u00a0\u00a0 <img loading=\"lazy\" decoding=\"async\" class=\" alignleft size-full wp-image-2262\" src=\"https:\/\/www.galeriadocrashed.com\/wordpress\/wp-content\/uploads\/2012\/04\/mg_6330.jpg\" border=\"0\" alt=\"CPCC 1300\" width=\"640\" height=\"426\" style=\"float: left;\" srcset=\"https:\/\/www.galeriadocrashed.com\/site\/wp-content\/uploads\/2012\/04\/mg_6330.jpg 800w, https:\/\/www.galeriadocrashed.com\/site\/wp-content\/uploads\/2012\/04\/mg_6330-300x200.jpg 300w, https:\/\/www.galeriadocrashed.com\/site\/wp-content\/uploads\/2012\/04\/mg_6330-768x512.jpg 768w\" sizes=\"auto, (max-width: 640px) 100vw, 640px\" \/><\/p>\n<table border=\"0\" align=\"center\">\n<tbody>\n<tr>\n<td><img loading=\"lazy\" decoding=\"async\" class=\" size-full wp-image-2263\" src=\"https:\/\/www.galeriadocrashed.com\/wordpress\/wp-content\/uploads\/2012\/04\/mg_6375.jpg\" border=\"0\" alt=\"CPCC 1300\" width=\"210\" height=\"140\" srcset=\"https:\/\/www.galeriadocrashed.com\/site\/wp-content\/uploads\/2012\/04\/mg_6375.jpg 800w, https:\/\/www.galeriadocrashed.com\/site\/wp-content\/uploads\/2012\/04\/mg_6375-300x200.jpg 300w, https:\/\/www.galeriadocrashed.com\/site\/wp-content\/uploads\/2012\/04\/mg_6375-768x512.jpg 768w\" sizes=\"auto, (max-width: 210px) 100vw, 210px\" \/><\/td>\n<td><img loading=\"lazy\" decoding=\"async\" class=\" size-full wp-image-2264\" src=\"https:\/\/www.galeriadocrashed.com\/wordpress\/wp-content\/uploads\/2012\/04\/mg_6381.jpg\" border=\"0\" alt=\"CPCC 1300\" width=\"210\" height=\"140\" srcset=\"https:\/\/www.galeriadocrashed.com\/site\/wp-content\/uploads\/2012\/04\/mg_6381.jpg 800w, https:\/\/www.galeriadocrashed.com\/site\/wp-content\/uploads\/2012\/04\/mg_6381-300x200.jpg 300w, https:\/\/www.galeriadocrashed.com\/site\/wp-content\/uploads\/2012\/04\/mg_6381-768x512.jpg 768w\" sizes=\"auto, (max-width: 210px) 100vw, 210px\" \/><\/td>\n<td><img loading=\"lazy\" decoding=\"async\" class=\" size-full wp-image-2265\" src=\"https:\/\/www.galeriadocrashed.com\/wordpress\/wp-content\/uploads\/2012\/04\/mg_7089.jpg\" border=\"0\" alt=\"CPCC 1300\" width=\"210\" height=\"140\" srcset=\"https:\/\/www.galeriadocrashed.com\/site\/wp-content\/uploads\/2012\/04\/mg_7089.jpg 800w, https:\/\/www.galeriadocrashed.com\/site\/wp-content\/uploads\/2012\/04\/mg_7089-300x200.jpg 300w, https:\/\/www.galeriadocrashed.com\/site\/wp-content\/uploads\/2012\/04\/mg_7089-768x512.jpg 768w\" sizes=\"auto, (max-width: 210px) 100vw, 210px\" \/><\/td>\n<\/tr>\n<\/tbody>\n<\/table>\n<table border=\"0\" align=\"center\">\n<tbody>\n<tr>\n<td><strong>Classifica\u00e7\u00e3o corrida 1<\/strong>:<\/td>\n<td><strong>Classifica\u00e7\u00e3o corrida 2<\/strong>:<\/td>\n<\/tr>\n<tr>\n<td>1\u00ba Alexandre Beir\u00e3o (Alfa RomeoSprint)<br \/> 2\u00ba Fernando Soares (Fiat 128 Sport)<br \/> 3\u00ba Vitor Ara\u00fajo (Datsun 1200)<\/td>\n<td>1\u00ba Alexandre Beir\u00e3o (Alfa Romeo Sprint)<br \/>2\u00ba Miguel Ferreira (Ford Escort 1300 GT)<br \/>3\u00ba Frederico Castro (Fiat 128 Sport)<\/td>\n<\/tr>\n<\/tbody>\n<\/table>\n<p><strong>CPCC<\/strong><\/p>\n<p><strong><\/strong><strong><\/strong><em><\/em>Na categoria dos cl\u00e1ssicos mais potentes vit\u00f3ria de Lu\u00eds Barros ao comando do\u00a0Porsche 930 Turbo na corrida da manh\u00e3 e n\u00e3o fossem os problemas que o obrigaram a abandonar a 2\u00aa corrida teria feito a dobradinha, assim sendo a segunda corrida foi ganha pelo Ant\u00f3nio Nogueira ao comando do seu Ford Capri 3100.<\/p>\n<p><img loading=\"lazy\" decoding=\"async\" class=\" size-full wp-image-2266\" src=\"https:\/\/www.galeriadocrashed.com\/wordpress\/wp-content\/uploads\/2012\/04\/mg_6516.jpg\" border=\"0\" alt=\"CPCC\" width=\"640\" height=\"426\" srcset=\"https:\/\/www.galeriadocrashed.com\/site\/wp-content\/uploads\/2012\/04\/mg_6516.jpg 800w, https:\/\/www.galeriadocrashed.com\/site\/wp-content\/uploads\/2012\/04\/mg_6516-300x200.jpg 300w, https:\/\/www.galeriadocrashed.com\/site\/wp-content\/uploads\/2012\/04\/mg_6516-768x512.jpg 768w\" sizes=\"auto, (max-width: 640px) 100vw, 640px\" \/><\/p>\n<table style=\"width: 16px; height: 24px;\" border=\"0\" align=\"center\">\n<tbody>\n<tr>\n<td><img loading=\"lazy\" decoding=\"async\" class=\" size-full wp-image-2267\" src=\"https:\/\/www.galeriadocrashed.com\/wordpress\/wp-content\/uploads\/2012\/04\/mg_6505.jpg\" border=\"0\" alt=\"CPCC\" width=\"210\" height=\"140\" srcset=\"https:\/\/www.galeriadocrashed.com\/site\/wp-content\/uploads\/2012\/04\/mg_6505.jpg 800w, https:\/\/www.galeriadocrashed.com\/site\/wp-content\/uploads\/2012\/04\/mg_6505-300x200.jpg 300w, https:\/\/www.galeriadocrashed.com\/site\/wp-content\/uploads\/2012\/04\/mg_6505-768x512.jpg 768w\" sizes=\"auto, (max-width: 210px) 100vw, 210px\" \/><\/td>\n<td><img loading=\"lazy\" decoding=\"async\" class=\" size-full wp-image-2268\" src=\"https:\/\/www.galeriadocrashed.com\/wordpress\/wp-content\/uploads\/2012\/04\/mg_7315.jpg\" border=\"0\" alt=\"CPCC\" width=\"210\" height=\"140\" srcset=\"https:\/\/www.galeriadocrashed.com\/site\/wp-content\/uploads\/2012\/04\/mg_7315.jpg 800w, https:\/\/www.galeriadocrashed.com\/site\/wp-content\/uploads\/2012\/04\/mg_7315-300x200.jpg 300w, https:\/\/www.galeriadocrashed.com\/site\/wp-content\/uploads\/2012\/04\/mg_7315-768x512.jpg 768w\" sizes=\"auto, (max-width: 210px) 100vw, 210px\" \/><\/td>\n<td><img loading=\"lazy\" decoding=\"async\" class=\" size-full wp-image-2269\" src=\"https:\/\/www.galeriadocrashed.com\/wordpress\/wp-content\/uploads\/2012\/04\/mg_7301.jpg\" border=\"0\" alt=\"CPCC\" width=\"210\" height=\"140\" srcset=\"https:\/\/www.galeriadocrashed.com\/site\/wp-content\/uploads\/2012\/04\/mg_7301.jpg 800w, https:\/\/www.galeriadocrashed.com\/site\/wp-content\/uploads\/2012\/04\/mg_7301-300x200.jpg 300w, https:\/\/www.galeriadocrashed.com\/site\/wp-content\/uploads\/2012\/04\/mg_7301-768x512.jpg 768w\" sizes=\"auto, (max-width: 210px) 100vw, 210px\" \/><\/td>\n<\/tr>\n<\/tbody>\n<\/table>\n<table border=\"0\" align=\"center\">\n<tbody>\n<tr>\n<td><strong>Classifica\u00e7\u00e3o corrida 1<\/strong>:<\/td>\n<td><strong>Classifica\u00e7\u00e3o corrida 2<\/strong>:<\/td>\n<\/tr>\n<tr>\n<td>\n<p><strong><\/strong>1\u00ba Luis Barros (Porsche 930 Turbo)<br \/>2\u00ba Ant\u00f3nio Nogueira (Ford Capri 3100)<br \/>3\u00ba Rui Costa (Ford Escort RS)<\/p>\n<\/td>\n<td>1\u00ba Antonio Nogueira (Ford Capri RS 3100)<br \/>2\u00ba Rui Costa (Ford RS 1600)<br \/>3\u00ba Jo\u00e3o Novo (Ford Escort RS 1600)<\/td>\n<\/tr>\n<\/tbody>\n<\/table>\n<p><strong>SINGLE SEATERS<\/strong><\/p>\n<p><em><strong><\/strong><\/em>Nos single Seaters vit\u00f3ria de Fernando Gaspar no Mygale SJ99.<\/p>\n<p><img loading=\"lazy\" decoding=\"async\" class=\" size-full wp-image-2270\" src=\"https:\/\/www.galeriadocrashed.com\/wordpress\/wp-content\/uploads\/2012\/04\/mg_6632.jpg\" border=\"0\" alt=\"Single Seaters\" width=\"640\" height=\"426\" srcset=\"https:\/\/www.galeriadocrashed.com\/site\/wp-content\/uploads\/2012\/04\/mg_6632.jpg 800w, https:\/\/www.galeriadocrashed.com\/site\/wp-content\/uploads\/2012\/04\/mg_6632-300x200.jpg 300w, https:\/\/www.galeriadocrashed.com\/site\/wp-content\/uploads\/2012\/04\/mg_6632-768x512.jpg 768w\" sizes=\"auto, (max-width: 640px) 100vw, 640px\" \/><\/p>\n<table border=\"0\" align=\"center\">\n<tbody>\n<tr>\n<td><img loading=\"lazy\" decoding=\"async\" class=\" size-full wp-image-2271\" src=\"https:\/\/www.galeriadocrashed.com\/wordpress\/wp-content\/uploads\/2012\/04\/mg_6282.jpg\" border=\"0\" alt=\"Single Seaters\" width=\"210\" height=\"140\" srcset=\"https:\/\/www.galeriadocrashed.com\/site\/wp-content\/uploads\/2012\/04\/mg_6282.jpg 800w, https:\/\/www.galeriadocrashed.com\/site\/wp-content\/uploads\/2012\/04\/mg_6282-300x200.jpg 300w, https:\/\/www.galeriadocrashed.com\/site\/wp-content\/uploads\/2012\/04\/mg_6282-768x512.jpg 768w\" sizes=\"auto, (max-width: 210px) 100vw, 210px\" \/><\/td>\n<td><img loading=\"lazy\" decoding=\"async\" class=\" size-full wp-image-2272\" src=\"https:\/\/www.galeriadocrashed.com\/wordpress\/wp-content\/uploads\/2012\/04\/mg_6649.jpg\" border=\"0\" alt=\"Single Seaters\" width=\"210\" height=\"140\" srcset=\"https:\/\/www.galeriadocrashed.com\/site\/wp-content\/uploads\/2012\/04\/mg_6649.jpg 800w, https:\/\/www.galeriadocrashed.com\/site\/wp-content\/uploads\/2012\/04\/mg_6649-300x200.jpg 300w, https:\/\/www.galeriadocrashed.com\/site\/wp-content\/uploads\/2012\/04\/mg_6649-768x512.jpg 768w\" sizes=\"auto, (max-width: 210px) 100vw, 210px\" \/><\/td>\n<td><img loading=\"lazy\" decoding=\"async\" class=\" size-full wp-image-2273\" src=\"https:\/\/www.galeriadocrashed.com\/wordpress\/wp-content\/uploads\/2012\/04\/mg_6666.jpg\" border=\"0\" alt=\"Single Seaters\" width=\"210\" height=\"140\" srcset=\"https:\/\/www.galeriadocrashed.com\/site\/wp-content\/uploads\/2012\/04\/mg_6666.jpg 800w, https:\/\/www.galeriadocrashed.com\/site\/wp-content\/uploads\/2012\/04\/mg_6666-300x200.jpg 300w, https:\/\/www.galeriadocrashed.com\/site\/wp-content\/uploads\/2012\/04\/mg_6666-768x512.jpg 768w\" sizes=\"auto, (max-width: 210px) 100vw, 210px\" \/><\/td>\n<\/tr>\n<\/tbody>\n<\/table>\n<table border=\"0\" align=\"center\">\n<tbody>\n<tr>\n<td><strong>Classifica\u00e7\u00e3o final<br \/><\/strong><\/td>\n<\/tr>\n<tr>\n<td>\n<p><strong><\/strong>1\u00ba Fernando Gaspar (Mygale SJ99)<br \/>2\u00ba Fernando M. Gaspar (Van Diemen RF 98Z)<br \/>3\u00ba Vitor Sampaio (Ray 98 FZ)<\/p>\n<\/td>\n<\/tr>\n<\/tbody>\n<\/table>\n<p><strong>CPC<\/p>\n<p><\/strong>Dupla vit\u00f3ria da dupla Patrick Cunha\/Jos\u00e9 Carlos Ramos no CPC ao volante do\u00a0Lamborghini Gallardo LP560 da Goodsense!!<\/p>\n<p><img loading=\"lazy\" decoding=\"async\" class=\" size-full wp-image-2274\" src=\"https:\/\/www.galeriadocrashed.com\/wordpress\/wp-content\/uploads\/2012\/04\/mg_6728.jpg\" border=\"0\" alt=\"CPC\" width=\"640\" height=\"426\" srcset=\"https:\/\/www.galeriadocrashed.com\/site\/wp-content\/uploads\/2012\/04\/mg_6728.jpg 800w, https:\/\/www.galeriadocrashed.com\/site\/wp-content\/uploads\/2012\/04\/mg_6728-300x200.jpg 300w, https:\/\/www.galeriadocrashed.com\/site\/wp-content\/uploads\/2012\/04\/mg_6728-768x512.jpg 768w\" sizes=\"auto, (max-width: 640px) 100vw, 640px\" \/><\/p>\n<table border=\"0\" align=\"center\">\n<tbody>\n<tr>\n<td><img loading=\"lazy\" decoding=\"async\" class=\" size-full wp-image-2275\" src=\"https:\/\/www.galeriadocrashed.com\/wordpress\/wp-content\/uploads\/2012\/04\/mg_7013.jpg\" border=\"0\" alt=\"CPC\" width=\"210\" height=\"140\" srcset=\"https:\/\/www.galeriadocrashed.com\/site\/wp-content\/uploads\/2012\/04\/mg_7013.jpg 800w, https:\/\/www.galeriadocrashed.com\/site\/wp-content\/uploads\/2012\/04\/mg_7013-300x200.jpg 300w, https:\/\/www.galeriadocrashed.com\/site\/wp-content\/uploads\/2012\/04\/mg_7013-768x512.jpg 768w\" sizes=\"auto, (max-width: 210px) 100vw, 210px\" \/><\/td>\n<td><img loading=\"lazy\" decoding=\"async\" class=\" size-full wp-image-2276\" src=\"https:\/\/www.galeriadocrashed.com\/wordpress\/wp-content\/uploads\/2012\/04\/mg_7031.jpg\" border=\"0\" alt=\"CPC\" width=\"210\" height=\"140\" srcset=\"https:\/\/www.galeriadocrashed.com\/site\/wp-content\/uploads\/2012\/04\/mg_7031.jpg 800w, https:\/\/www.galeriadocrashed.com\/site\/wp-content\/uploads\/2012\/04\/mg_7031-300x200.jpg 300w, https:\/\/www.galeriadocrashed.com\/site\/wp-content\/uploads\/2012\/04\/mg_7031-768x512.jpg 768w\" sizes=\"auto, (max-width: 210px) 100vw, 210px\" \/><\/td>\n<td><img loading=\"lazy\" decoding=\"async\" class=\" size-full wp-image-2277\" src=\"https:\/\/www.galeriadocrashed.com\/wordpress\/wp-content\/uploads\/2012\/04\/mg_6963.jpg\" border=\"0\" alt=\"CPC\" width=\"210\" height=\"140\" srcset=\"https:\/\/www.galeriadocrashed.com\/site\/wp-content\/uploads\/2012\/04\/mg_6963.jpg 800w, https:\/\/www.galeriadocrashed.com\/site\/wp-content\/uploads\/2012\/04\/mg_6963-300x200.jpg 300w, https:\/\/www.galeriadocrashed.com\/site\/wp-content\/uploads\/2012\/04\/mg_6963-768x512.jpg 768w\" sizes=\"auto, (max-width: 210px) 100vw, 210px\" \/><\/td>\n<\/tr>\n<\/tbody>\n<\/table>\n<table border=\"0\" align=\"center\">\n<tbody>\n<tr>\n<td><strong>Classifica\u00e7\u00e3o final<br \/><\/strong><\/td>\n<\/tr>\n<tr>\n<td>\n<p>1\u00baPatrick Cunha\/Jos\u00e9 Carlos Ramos Lamborghini Gallardo LP560-4GT 3<br \/>2\u00ba C\u00e9sar Campani\u00e7o\/Carlos VieiraAudi R8 LMSGT 3<br \/>3\u00ba Antonio NogueiraPorsche 996GT 2<\/p>\n<\/td>\n<\/tr>\n<\/tbody>\n<\/table>\n<p><strong><a href=\"2012-04-15-circuito-acdme-1.html\">CLIQUE AQUI<\/a>, <\/strong>para aceder \u00e0 galeria de fotos deste evento.<\/p>\n","protected":false},"excerpt":{"rendered":"<p>Realizou-se no passado fim de semana no Circuito do Estoril mais uma jornada de provas da Racing Weekend, incluindo as&hellip;<\/p>\n","protected":false},"author":1,"featured_media":2262,"comment_status":"closed","ping_status":"open","sticky":false,"template":"","format":"standard","meta":{"_seopress_robots_primary_cat":"","_seopress_titles_title":"","_seopress_titles_desc":"","_seopress_robots_index":"","ngg_post_thumbnail":0,"footnotes":""},"categories":[40],"tags":[],"class_list":["post-2278","post","type-post","status-publish","format-standard","has-post-thumbnail","hentry","category-competicao"],"_links":{"self":[{"href":"https:\/\/www.galeriadocrashed.com\/site\/wp-json\/wp\/v2\/posts\/2278","targetHints":{"allow":["GET"]}}],"collection":[{"href":"https:\/\/www.galeriadocrashed.com\/site\/wp-json\/wp\/v2\/posts"}],"about":[{"href":"https:\/\/www.galeriadocrashed.com\/site\/wp-json\/wp\/v2\/types\/post"}],"author":[{"embeddable":true,"href":"https:\/\/www.galeriadocrashed.com\/site\/wp-json\/wp\/v2\/users\/1"}],"replies":[{"embeddable":true,"href":"https:\/\/www.galeriadocrashed.com\/site\/wp-json\/wp\/v2\/comments?post=2278"}],"version-history":[{"count":1,"href":"https:\/\/www.galeriadocrashed.com\/site\/wp-json\/wp\/v2\/posts\/2278\/revisions"}],"predecessor-version":[{"id":3200,"href":"https:\/\/www.galeriadocrashed.com\/site\/wp-json\/wp\/v2\/posts\/2278\/revisions\/3200"}],"wp:featuredmedia":[{"embeddable":true,"href":"https:\/\/www.galeriadocrashed.com\/site\/wp-json\/wp\/v2\/media\/2262"}],"wp:attachment":[{"href":"https:\/\/www.galeriadocrashed.com\/site\/wp-json\/wp\/v2\/media?parent=2278"}],"wp:term":[{"taxonomy":"category","embeddable":true,"href":"https:\/\/www.galeriadocrashed.com\/site\/wp-json\/wp\/v2\/categories?post=2278"},{"taxonomy":"post_tag","embeddable":true,"href":"https:\/\/www.galeriadocrashed.com\/site\/wp-json\/wp\/v2\/tags?post=2278"}],"curies":[{"name":"wp","href":"https:\/\/api.w.org\/{rel}","templated":true}]}}