{"id":2283,"date":"2012-04-23T00:50:03","date_gmt":"2012-04-22T23:50:03","guid":{"rendered":"https:\/\/www.galeriadocrashed.com\/wordpress\/index.php\/2012\/04\/23\/fil-salao-motorclassico-2012\/"},"modified":"2022-01-10T18:01:19","modified_gmt":"2022-01-10T17:01:19","slug":"fil-salao-motorclassico-2012","status":"publish","type":"post","link":"https:\/\/www.galeriadocrashed.com\/site\/fil-salao-motorclassico-2012\/","title":{"rendered":"FIL &#8211; Sal\u00e3o Motorcl\u00e1ssico 2012"},"content":{"rendered":"<div style=\"margin-top: 0px; margin-bottom: 0px;\" class=\"sharethis-inline-share-buttons\" ><\/div><p>Realizou-se no passado fim de semana mais uma edi\u00e7\u00e3o do Sal\u00e3o Motorcl\u00e1ssico &#8211; <span>Sal\u00e3o Internacional de Autom\u00f3veis e Motociclos Cl\u00e1ssicos<\/span>\u00a0na FIL, este ano contando com uma zona\u00a0MOTOR RACING com v\u00e1rias presen\u00e7as de ve\u00edculos de competi\u00e7\u00e3o e com uma demonstra\u00e7\u00e3o da escola de drift no exterior.<\/p>\n<p>Al\u00e9m dos diversos stands dos Clubes, estavam presentes diversos stands de venda de miniaturas, comerciantes de carros e motos, venda de pe\u00e7as , comes e bebes, etc.<\/p>\n<p>Estivemos presentes no ultimo dia onde verificamos que a aflu\u00eancia de publico era abundante!<\/p>\n<p><img decoding=\"async\" class=\" size-full wp-image-2279\" src=\"https:\/\/www.galeriadocrashed.com\/wordpress\/wp-content\/uploads\/2012\/04\/mg_7841.jpg\" border=\"0\" alt=\"Motorcl\u00e1ssico 2012\" width=\"640\" srcset=\"https:\/\/www.galeriadocrashed.com\/site\/wp-content\/uploads\/2012\/04\/mg_7841.jpg 800w, https:\/\/www.galeriadocrashed.com\/site\/wp-content\/uploads\/2012\/04\/mg_7841-300x200.jpg 300w, https:\/\/www.galeriadocrashed.com\/site\/wp-content\/uploads\/2012\/04\/mg_7841-768x512.jpg 768w\" sizes=\"(max-width: 800px) 100vw, 800px\" \/><\/p>\n<table border=\"0\" align=\"center\">\n<tbody>\n<tr>\n<td><span style=\"color: #333333; font-family: Tahoma, Helvetica, Arial, sans-serif;\"><span style=\"font-size: 12px; line-height: 15px;\"><img loading=\"lazy\" decoding=\"async\" class=\" size-full wp-image-2280\" src=\"https:\/\/www.galeriadocrashed.com\/wordpress\/wp-content\/uploads\/2012\/04\/mg_8156.jpg\" border=\"0\" alt=\"Motorcl\u00e1ssico 2012\" width=\"89\" height=\"133\" srcset=\"https:\/\/www.galeriadocrashed.com\/site\/wp-content\/uploads\/2012\/04\/mg_8156.jpg 400w, https:\/\/www.galeriadocrashed.com\/site\/wp-content\/uploads\/2012\/04\/mg_8156-200x300.jpg 200w\" sizes=\"auto, (max-width: 89px) 100vw, 89px\" \/><\/span><\/span><\/td>\n<td><span style=\"color: #333333; font-family: Tahoma, Helvetica, Arial, sans-serif;\"><span style=\"font-size: 12px; line-height: 15px;\"><img loading=\"lazy\" decoding=\"async\" class=\" size-full wp-image-2281\" src=\"https:\/\/www.galeriadocrashed.com\/wordpress\/wp-content\/uploads\/2012\/04\/mg_7663.jpg\" border=\"0\" alt=\"Motorcl\u00e1ssico 2012\" width=\"200\" height=\"133\" srcset=\"https:\/\/www.galeriadocrashed.com\/site\/wp-content\/uploads\/2012\/04\/mg_7663.jpg 800w, https:\/\/www.galeriadocrashed.com\/site\/wp-content\/uploads\/2012\/04\/mg_7663-300x200.jpg 300w, https:\/\/www.galeriadocrashed.com\/site\/wp-content\/uploads\/2012\/04\/mg_7663-768x512.jpg 768w\" sizes=\"auto, (max-width: 200px) 100vw, 200px\" \/><\/span><\/span><\/td>\n<td><img loading=\"lazy\" decoding=\"async\" class=\" size-full wp-image-2282\" src=\"https:\/\/www.galeriadocrashed.com\/wordpress\/wp-content\/uploads\/2012\/04\/mg_8021.jpg\" border=\"0\" alt=\"Motorcl\u00e1ssico 2012\" width=\"200\" height=\"133\" srcset=\"https:\/\/www.galeriadocrashed.com\/site\/wp-content\/uploads\/2012\/04\/mg_8021.jpg 800w, https:\/\/www.galeriadocrashed.com\/site\/wp-content\/uploads\/2012\/04\/mg_8021-300x200.jpg 300w, https:\/\/www.galeriadocrashed.com\/site\/wp-content\/uploads\/2012\/04\/mg_8021-768x512.jpg 768w\" sizes=\"auto, (max-width: 200px) 100vw, 200px\" \/><\/td>\n<\/tr>\n<\/tbody>\n<\/table>\n<p>\u00a0<\/p>\n<p>\u00a0<\/p>\n<p><strong><a href=\"2012-04-22-salao-motorclassico.html\">CLIQUE AQUI<\/a>,\u00a0<\/strong><span>para aceder \u00e0 galeria de fotos deste evento.<\/span><\/p>\n","protected":false},"excerpt":{"rendered":"<p>Realizou-se no passado fim de semana mais uma edi\u00e7\u00e3o do Sal\u00e3o Motorcl\u00e1ssico &#8211; Sal\u00e3o Internacional de Autom\u00f3veis e Motociclos Cl\u00e1ssicos\u00a0na&hellip;<\/p>\n","protected":false},"author":1,"featured_media":2279,"comment_status":"closed","ping_status":"open","sticky":false,"template":"","format":"standard","meta":{"_seopress_robots_primary_cat":"","_seopress_titles_title":"","_seopress_titles_desc":"","_seopress_robots_index":"","ngg_post_thumbnail":0,"footnotes":""},"categories":[40],"tags":[],"class_list":["post-2283","post","type-post","status-publish","format-standard","has-post-thumbnail","hentry","category-competicao"],"_links":{"self":[{"href":"https:\/\/www.galeriadocrashed.com\/site\/wp-json\/wp\/v2\/posts\/2283","targetHints":{"allow":["GET"]}}],"collection":[{"href":"https:\/\/www.galeriadocrashed.com\/site\/wp-json\/wp\/v2\/posts"}],"about":[{"href":"https:\/\/www.galeriadocrashed.com\/site\/wp-json\/wp\/v2\/types\/post"}],"author":[{"embeddable":true,"href":"https:\/\/www.galeriadocrashed.com\/site\/wp-json\/wp\/v2\/users\/1"}],"replies":[{"embeddable":true,"href":"https:\/\/www.galeriadocrashed.com\/site\/wp-json\/wp\/v2\/comments?post=2283"}],"version-history":[{"count":1,"href":"https:\/\/www.galeriadocrashed.com\/site\/wp-json\/wp\/v2\/posts\/2283\/revisions"}],"predecessor-version":[{"id":3199,"href":"https:\/\/www.galeriadocrashed.com\/site\/wp-json\/wp\/v2\/posts\/2283\/revisions\/3199"}],"wp:featuredmedia":[{"embeddable":true,"href":"https:\/\/www.galeriadocrashed.com\/site\/wp-json\/wp\/v2\/media\/2279"}],"wp:attachment":[{"href":"https:\/\/www.galeriadocrashed.com\/site\/wp-json\/wp\/v2\/media?parent=2283"}],"wp:term":[{"taxonomy":"category","embeddable":true,"href":"https:\/\/www.galeriadocrashed.com\/site\/wp-json\/wp\/v2\/categories?post=2283"},{"taxonomy":"post_tag","embeddable":true,"href":"https:\/\/www.galeriadocrashed.com\/site\/wp-json\/wp\/v2\/tags?post=2283"}],"curies":[{"name":"wp","href":"https:\/\/api.w.org\/{rel}","templated":true}]}}