{"id":2313,"date":"2012-06-02T23:19:47","date_gmt":"2012-06-02T22:19:47","guid":{"rendered":"https:\/\/www.galeriadocrashed.com\/wordpress\/index.php\/2012\/06\/02\/1-rali-cidade-de-viana\/"},"modified":"2022-01-10T18:01:19","modified_gmt":"2022-01-10T17:01:19","slug":"1-rali-cidade-de-viana","status":"publish","type":"post","link":"https:\/\/www.galeriadocrashed.com\/site\/1-rali-cidade-de-viana\/","title":{"rendered":"1\u00ba. Rali Cidade de Viana"},"content":{"rendered":"<div style=\"margin-top: 0px; margin-bottom: 0px;\" class=\"sharethis-inline-share-buttons\" ><\/div><p style=\"text-align: justify;\">O 1\u00ba. Rali Cidade de Viana, disputado ontem e hoje sob a organiza\u00e7\u00e3o do Clube Autom\u00f3vel de Santo Tirso, pontu\u00e1vel para o campeonato Regional Norte de Ralis e que contou com uma prova extra, revelou-se um sucesso.<\/p>\n<table border=\"0\" align=\"center\">\n<tbody>\n<tr>\n<td><img loading=\"lazy\" decoding=\"async\" class=\" size-full wp-image-2304\" src=\"https:\/\/www.galeriadocrashed.com\/wordpress\/wp-content\/uploads\/2012\/06\/img_1288.jpg\" border=\"0\" alt=\"Viana12_1288\" width=\"600\" height=\"372\" srcset=\"https:\/\/www.galeriadocrashed.com\/site\/wp-content\/uploads\/2012\/06\/img_1288.jpg 804w, https:\/\/www.galeriadocrashed.com\/site\/wp-content\/uploads\/2012\/06\/img_1288-300x186.jpg 300w, https:\/\/www.galeriadocrashed.com\/site\/wp-content\/uploads\/2012\/06\/img_1288-768x476.jpg 768w\" sizes=\"auto, (max-width: 600px) 100vw, 600px\" \/><\/td>\n<\/tr>\n<\/tbody>\n<\/table>\n<p>O muito p\u00fablico presente pode assistir a uma prova bem disputada pelas posi\u00e7\u00f5es cimeiras na qual a dupla Daniel Nunes \/ Daniel Amaral em Mitsubishi Lancer Evo VI foram os vencedores.<\/p>\n<table border=\"0\" align=\"center\">\n<tbody>\n<tr>\n<td><img loading=\"lazy\" decoding=\"async\" class=\" size-full wp-image-2305\" src=\"https:\/\/www.galeriadocrashed.com\/wordpress\/wp-content\/uploads\/2012\/06\/img_1394.jpg\" border=\"0\" alt=\"Viana12_1344\" width=\"300\" height=\"201\" srcset=\"https:\/\/www.galeriadocrashed.com\/site\/wp-content\/uploads\/2012\/06\/img_1394.jpg 804w, https:\/\/www.galeriadocrashed.com\/site\/wp-content\/uploads\/2012\/06\/img_1394-300x201.jpg 300w, https:\/\/www.galeriadocrashed.com\/site\/wp-content\/uploads\/2012\/06\/img_1394-768x514.jpg 768w\" sizes=\"auto, (max-width: 300px) 100vw, 300px\" \/><\/td>\n<td><img loading=\"lazy\" decoding=\"async\" class=\" size-full wp-image-2306\" src=\"https:\/\/www.galeriadocrashed.com\/wordpress\/wp-content\/uploads\/2012\/06\/img_1408.jpg\" border=\"0\" alt=\"Viana12_1408\" width=\"300\" height=\"197\" \/><\/td>\n<\/tr>\n<tr>\n<td><img loading=\"lazy\" decoding=\"async\" class=\" size-full wp-image-2307\" src=\"https:\/\/www.galeriadocrashed.com\/wordpress\/wp-content\/uploads\/2012\/06\/img_1355.jpg\" border=\"0\" alt=\"Viana12_1355\" width=\"300\" height=\"200\" srcset=\"https:\/\/www.galeriadocrashed.com\/site\/wp-content\/uploads\/2012\/06\/img_1355.jpg 804w, https:\/\/www.galeriadocrashed.com\/site\/wp-content\/uploads\/2012\/06\/img_1355-300x200.jpg 300w, https:\/\/www.galeriadocrashed.com\/site\/wp-content\/uploads\/2012\/06\/img_1355-768x513.jpg 768w\" sizes=\"auto, (max-width: 300px) 100vw, 300px\" \/><\/td>\n<td><img loading=\"lazy\" decoding=\"async\" class=\" size-full wp-image-2308\" src=\"https:\/\/www.galeriadocrashed.com\/wordpress\/wp-content\/uploads\/2012\/06\/img_1305.jpg\" border=\"0\" alt=\"Viana12_1305\" width=\"300\" height=\"200\" srcset=\"https:\/\/www.galeriadocrashed.com\/site\/wp-content\/uploads\/2012\/06\/img_1305.jpg 804w, https:\/\/www.galeriadocrashed.com\/site\/wp-content\/uploads\/2012\/06\/img_1305-300x200.jpg 300w, https:\/\/www.galeriadocrashed.com\/site\/wp-content\/uploads\/2012\/06\/img_1305-768x513.jpg 768w\" sizes=\"auto, (max-width: 300px) 100vw, 300px\" \/><\/td>\n<\/tr>\n<tr>\n<td><img loading=\"lazy\" decoding=\"async\" class=\" size-full wp-image-2309\" src=\"https:\/\/www.galeriadocrashed.com\/wordpress\/wp-content\/uploads\/2012\/06\/img_1307.jpg\" border=\"0\" alt=\"Viana12_1307\" width=\"300\" height=\"200\" srcset=\"https:\/\/www.galeriadocrashed.com\/site\/wp-content\/uploads\/2012\/06\/img_1307.jpg 804w, https:\/\/www.galeriadocrashed.com\/site\/wp-content\/uploads\/2012\/06\/img_1307-300x200.jpg 300w, https:\/\/www.galeriadocrashed.com\/site\/wp-content\/uploads\/2012\/06\/img_1307-768x513.jpg 768w\" sizes=\"auto, (max-width: 300px) 100vw, 300px\" \/><\/td>\n<td><img decoding=\"async\" class=\" size-full wp-image-2310\" src=\"https:\/\/www.galeriadocrashed.com\/wordpress\/wp-content\/uploads\/2012\/06\/img_1317.jpg\" border=\"0\" alt=\"Viana12_1317\" width=\"300\" srcset=\"https:\/\/www.galeriadocrashed.com\/site\/wp-content\/uploads\/2012\/06\/img_1317.jpg 804w, https:\/\/www.galeriadocrashed.com\/site\/wp-content\/uploads\/2012\/06\/img_1317-300x200.jpg 300w, https:\/\/www.galeriadocrashed.com\/site\/wp-content\/uploads\/2012\/06\/img_1317-768x513.jpg 768w\" sizes=\"(max-width: 804px) 100vw, 804px\" \/><\/td>\n<\/tr>\n<\/tbody>\n<\/table>\n<p>O primeiro comandante da prova at\u00e9 tinha sido Andr\u00e9 Cabe\u00e7as no Golf III kit-car, fruto de um andamento bastante forte na fase inicial do rali, mas um despiste numa altura em que a chuva j\u00e1 tinha aparecido deitou tudo a perder. Luis Mota, no &#8216;EVO VII&#8217;, ainda chegou a passar pelo comando ap\u00f3s esta desist\u00eancia, mas teve de se contentar com o segundo lugar \u00e0 frente de um surpreendente Ricardo Coelho, que colocou o pequeno Starlet no lugar mais baixo do p\u00f3dio e \u00e0 frente de m\u00e1quinas, teoricamente, bem mais competitivas.<\/p>\n<p>Na prova extra, Jo\u00e3o Traila ao volante do EVO VIII foi o mais r\u00e1pido com um tempo total que lhe permitiria ficar a a apenas 0,2 s do vencedor da prova. J\u00falio Maia no Peugeot 206 S1600 foi segundo, \u00e0 frente do sempre espectacular e bonito BMW 325 I de Paulo Silva.<\/p>\n<table border=\"0\" align=\"center\">\n<tbody>\n<tr>\n<td><img loading=\"lazy\" decoding=\"async\" class=\" size-full wp-image-2311\" src=\"https:\/\/www.galeriadocrashed.com\/wordpress\/wp-content\/uploads\/2012\/06\/img_1311.jpg\" border=\"0\" alt=\"Viana12_1311\" width=\"300\" height=\"200\" srcset=\"https:\/\/www.galeriadocrashed.com\/site\/wp-content\/uploads\/2012\/06\/img_1311.jpg 804w, https:\/\/www.galeriadocrashed.com\/site\/wp-content\/uploads\/2012\/06\/img_1311-300x200.jpg 300w, https:\/\/www.galeriadocrashed.com\/site\/wp-content\/uploads\/2012\/06\/img_1311-768x513.jpg 768w\" sizes=\"auto, (max-width: 300px) 100vw, 300px\" \/><\/td>\n<td><img loading=\"lazy\" decoding=\"async\" class=\" size-full wp-image-2312\" src=\"https:\/\/www.galeriadocrashed.com\/wordpress\/wp-content\/uploads\/2012\/06\/img_1348.jpg\" border=\"0\" alt=\"Viana12_1348\" width=\"311\" height=\"200\" srcset=\"https:\/\/www.galeriadocrashed.com\/site\/wp-content\/uploads\/2012\/06\/img_1348.jpg 804w, https:\/\/www.galeriadocrashed.com\/site\/wp-content\/uploads\/2012\/06\/img_1348-300x193.jpg 300w, https:\/\/www.galeriadocrashed.com\/site\/wp-content\/uploads\/2012\/06\/img_1348-768x494.jpg 768w\" sizes=\"auto, (max-width: 311px) 100vw, 311px\" \/><\/td>\n<\/tr>\n<\/tbody>\n<\/table>\n<p>Classifica\u00e7\u00e3o Final :<\/p>\n<p>1\u00ba Daniel Nunes \/ Daniel Amaral \u2013 Mitsubishi Lancer Evo VI 34m10,7s<br \/>2\u00ba Lu\u00eds Mota \/ Alexandre Ramos \u2013 Mitsubishi Lancer Evo VII a 16,9s<br \/>3\u00ba Ricardo Coelho \/ Daniel Pereira \u2013 Toyota Starlet a 2m02,2s<br \/>4\u00ba Lu\u00eds Bastos \/ Paulo Marques \u2013 Mitsubushi Lancer Evo V a 2m07,1s<br \/>5\u00ba Ant\u00f3nio Dias \/ Jorge Galhardo \u2013 BMW 325 TI a 3m12,2s<br \/>6\u00ba J\u00falio Bastos \/ Anibal Pereira \u2013 BMW M3 a 3m27,9s<br \/>7\u00ba Francisco Azevedo \/ Sandra Barbosa \u2013 Peugeot 205 GTi a 4m23,0s<br \/>8\u00ba Jos\u00e9 Riveiro \/ Oscar Fernandes \u2013 Opel Corsa a 5m24,9s<\/p>\n<p><a href=\"index.php?option=com_wrapper&amp;view=wrapper&amp;Itemid=279\">CLIQUE AQUI<\/a>\u00a0 para aceder \u00e0 galeria de imagens desta prova<\/p>\n","protected":false},"excerpt":{"rendered":"<p>O 1\u00ba. Rali Cidade de Viana, disputado ontem e hoje sob a organiza\u00e7\u00e3o do Clube Autom\u00f3vel de Santo Tirso, pontu\u00e1vel&hellip;<\/p>\n","protected":false},"author":1,"featured_media":2304,"comment_status":"closed","ping_status":"open","sticky":false,"template":"","format":"standard","meta":{"_seopress_robots_primary_cat":"","_seopress_titles_title":"","_seopress_titles_desc":"","_seopress_robots_index":"","ngg_post_thumbnail":0,"footnotes":""},"categories":[40],"tags":[],"class_list":["post-2313","post","type-post","status-publish","format-standard","has-post-thumbnail","hentry","category-competicao"],"_links":{"self":[{"href":"https:\/\/www.galeriadocrashed.com\/site\/wp-json\/wp\/v2\/posts\/2313","targetHints":{"allow":["GET"]}}],"collection":[{"href":"https:\/\/www.galeriadocrashed.com\/site\/wp-json\/wp\/v2\/posts"}],"about":[{"href":"https:\/\/www.galeriadocrashed.com\/site\/wp-json\/wp\/v2\/types\/post"}],"author":[{"embeddable":true,"href":"https:\/\/www.galeriadocrashed.com\/site\/wp-json\/wp\/v2\/users\/1"}],"replies":[{"embeddable":true,"href":"https:\/\/www.galeriadocrashed.com\/site\/wp-json\/wp\/v2\/comments?post=2313"}],"version-history":[{"count":1,"href":"https:\/\/www.galeriadocrashed.com\/site\/wp-json\/wp\/v2\/posts\/2313\/revisions"}],"predecessor-version":[{"id":3196,"href":"https:\/\/www.galeriadocrashed.com\/site\/wp-json\/wp\/v2\/posts\/2313\/revisions\/3196"}],"wp:featuredmedia":[{"embeddable":true,"href":"https:\/\/www.galeriadocrashed.com\/site\/wp-json\/wp\/v2\/media\/2304"}],"wp:attachment":[{"href":"https:\/\/www.galeriadocrashed.com\/site\/wp-json\/wp\/v2\/media?parent=2313"}],"wp:term":[{"taxonomy":"category","embeddable":true,"href":"https:\/\/www.galeriadocrashed.com\/site\/wp-json\/wp\/v2\/categories?post=2313"},{"taxonomy":"post_tag","embeddable":true,"href":"https:\/\/www.galeriadocrashed.com\/site\/wp-json\/wp\/v2\/tags?post=2313"}],"curies":[{"name":"wp","href":"https:\/\/api.w.org\/{rel}","templated":true}]}}