{"id":2348,"date":"2012-09-03T10:33:32","date_gmt":"2012-09-03T09:33:32","guid":{"rendered":"https:\/\/www.galeriadocrashed.com\/wordpress\/index.php\/2012\/09\/03\/2012-09-01-encontro-honda-s800-oia\/"},"modified":"2022-01-10T18:27:07","modified_gmt":"2022-01-10T17:27:07","slug":"2012-09-01-encontro-honda-s800-oia","status":"publish","type":"post","link":"https:\/\/www.galeriadocrashed.com\/site\/2012-09-01-encontro-honda-s800-oia\/","title":{"rendered":"2012-09-01 Encontro Honda S800 @ Oi\u00e3"},"content":{"rendered":"<div style=\"margin-top: 0px; margin-bottom: 0px;\" class=\"sharethis-inline-share-buttons\" ><\/div><p>Realizou-se no passado dia 01 de Setembro de 2012 o 2\u00ba encontro de Honda S800 em Oi\u00e3 pela al\u00e7ada do amigo Alfredo Rodrigues, este ano infelizmente a ades\u00e3o foi fraca em termos de S800, s\u00f3 estando presentes 3 exemplares, mas compensou com o pessoal dos S2000 que compareceram 7.<\/p>\n<p><img loading=\"lazy\" decoding=\"async\" class=\" size-full wp-image-2344\" src=\"https:\/\/www.galeriadocrashed.com\/wordpress\/wp-content\/uploads\/2012\/09\/mg_1454.jpg\" border=\"0\" alt=\"s800\" width=\"640\" height=\"426\" srcset=\"https:\/\/www.galeriadocrashed.com\/site\/wp-content\/uploads\/2012\/09\/mg_1454.jpg 800w, https:\/\/www.galeriadocrashed.com\/site\/wp-content\/uploads\/2012\/09\/mg_1454-300x200.jpg 300w, https:\/\/www.galeriadocrashed.com\/site\/wp-content\/uploads\/2012\/09\/mg_1454-768x512.jpg 768w\" sizes=\"auto, (max-width: 640px) 100vw, 640px\" \/><\/p>\n<table border=\"0\">\n<tbody>\n<tr>\n<td><img loading=\"lazy\" decoding=\"async\" class=\" size-full wp-image-2345\" src=\"https:\/\/www.galeriadocrashed.com\/wordpress\/wp-content\/uploads\/2012\/09\/mg_1404.jpg\" border=\"0\" alt=\"S800\" width=\"220\" height=\"147\" srcset=\"https:\/\/www.galeriadocrashed.com\/site\/wp-content\/uploads\/2012\/09\/mg_1404.jpg 800w, https:\/\/www.galeriadocrashed.com\/site\/wp-content\/uploads\/2012\/09\/mg_1404-300x200.jpg 300w, https:\/\/www.galeriadocrashed.com\/site\/wp-content\/uploads\/2012\/09\/mg_1404-768x512.jpg 768w\" sizes=\"auto, (max-width: 220px) 100vw, 220px\" \/><\/td>\n<td><img loading=\"lazy\" decoding=\"async\" class=\" size-full wp-image-2346\" src=\"https:\/\/www.galeriadocrashed.com\/wordpress\/wp-content\/uploads\/2012\/09\/mg_1422.jpg\" border=\"0\" alt=\"s800\" width=\"200\" height=\"300\" srcset=\"https:\/\/www.galeriadocrashed.com\/site\/wp-content\/uploads\/2012\/09\/mg_1422.jpg 400w, https:\/\/www.galeriadocrashed.com\/site\/wp-content\/uploads\/2012\/09\/mg_1422-200x300.jpg 200w\" sizes=\"auto, (max-width: 200px) 100vw, 200px\" \/><\/td>\n<td><img loading=\"lazy\" decoding=\"async\" class=\" size-full wp-image-2347\" src=\"https:\/\/www.galeriadocrashed.com\/wordpress\/wp-content\/uploads\/2012\/09\/mg_1923.jpg\" border=\"0\" alt=\"s800\" width=\"220\" height=\"147\" srcset=\"https:\/\/www.galeriadocrashed.com\/site\/wp-content\/uploads\/2012\/09\/mg_1923.jpg 800w, https:\/\/www.galeriadocrashed.com\/site\/wp-content\/uploads\/2012\/09\/mg_1923-300x200.jpg 300w, https:\/\/www.galeriadocrashed.com\/site\/wp-content\/uploads\/2012\/09\/mg_1923-768x512.jpg 768w\" sizes=\"auto, (max-width: 220px) 100vw, 220px\" \/><\/td>\n<\/tr>\n<\/tbody>\n<\/table>\n<p><a href=\"2012-09-01-encontro-honda-s800-oia.html\">CLIQUE AQUI<\/a><span>\u00a0 para aceder \u00e0 galeria de imagens<\/span><\/p>\n<p><a href=\"2012-09-01-encontro-honda-s800-oia-by-j2mmachado.html\"><span>Actualiza\u00e7\u00e3o!! &#8211; Mais fotos tiradas pelo meu pai (J2MMachado)<\/span><\/a><\/p>\n<p><span>Queremos agradecer ao Alfredo pelo convite para estarmos presentes e ao meu pai pela companhia!!<\/span><\/p>\n","protected":false},"excerpt":{"rendered":"<p>Realizou-se no passado dia 01 de Setembro de 2012 o 2\u00ba encontro de Honda S800 em Oi\u00e3 pela al\u00e7ada do&hellip;<\/p>\n","protected":false},"author":1,"featured_media":2344,"comment_status":"closed","ping_status":"open","sticky":false,"template":"","format":"standard","meta":{"_seopress_robots_primary_cat":"","_seopress_titles_title":"","_seopress_titles_desc":"","_seopress_robots_index":"","ngg_post_thumbnail":0,"footnotes":""},"categories":[39],"tags":[],"class_list":["post-2348","post","type-post","status-publish","format-standard","has-post-thumbnail","hentry","category-eventos-eventos"],"_links":{"self":[{"href":"https:\/\/www.galeriadocrashed.com\/site\/wp-json\/wp\/v2\/posts\/2348","targetHints":{"allow":["GET"]}}],"collection":[{"href":"https:\/\/www.galeriadocrashed.com\/site\/wp-json\/wp\/v2\/posts"}],"about":[{"href":"https:\/\/www.galeriadocrashed.com\/site\/wp-json\/wp\/v2\/types\/post"}],"author":[{"embeddable":true,"href":"https:\/\/www.galeriadocrashed.com\/site\/wp-json\/wp\/v2\/users\/1"}],"replies":[{"embeddable":true,"href":"https:\/\/www.galeriadocrashed.com\/site\/wp-json\/wp\/v2\/comments?post=2348"}],"version-history":[{"count":1,"href":"https:\/\/www.galeriadocrashed.com\/site\/wp-json\/wp\/v2\/posts\/2348\/revisions"}],"predecessor-version":[{"id":3193,"href":"https:\/\/www.galeriadocrashed.com\/site\/wp-json\/wp\/v2\/posts\/2348\/revisions\/3193"}],"wp:featuredmedia":[{"embeddable":true,"href":"https:\/\/www.galeriadocrashed.com\/site\/wp-json\/wp\/v2\/media\/2344"}],"wp:attachment":[{"href":"https:\/\/www.galeriadocrashed.com\/site\/wp-json\/wp\/v2\/media?parent=2348"}],"wp:term":[{"taxonomy":"category","embeddable":true,"href":"https:\/\/www.galeriadocrashed.com\/site\/wp-json\/wp\/v2\/categories?post=2348"},{"taxonomy":"post_tag","embeddable":true,"href":"https:\/\/www.galeriadocrashed.com\/site\/wp-json\/wp\/v2\/tags?post=2348"}],"curies":[{"name":"wp","href":"https:\/\/api.w.org\/{rel}","templated":true}]}}