{"id":2364,"date":"2012-09-24T20:06:56","date_gmt":"2012-09-24T19:06:56","guid":{"rendered":"https:\/\/www.galeriadocrashed.com\/wordpress\/index.php\/2012\/09\/24\/completamente-a-conversa-na-povoa-de-varzim\/"},"modified":"2022-01-10T18:01:19","modified_gmt":"2022-01-10T17:01:19","slug":"completamente-a-conversa-na-povoa-de-varzim","status":"publish","type":"post","link":"https:\/\/www.galeriadocrashed.com\/site\/completamente-a-conversa-na-povoa-de-varzim\/","title":{"rendered":"Completamente \u00e0 Conversa na P\u00f3voa de Varzim"},"content":{"rendered":"<div style=\"margin-top: 0px; margin-bottom: 0px;\" class=\"sharethis-inline-share-buttons\" ><\/div><p style=\"margin-bottom: 0cm;\" align=\"JUSTIFY\">A Completa Mente &#8211; Comunica\u00e7\u00e3o e Eventos Lda., levou a efeito na passada 6\u00aa feira mais um evento &#8216; Completamente \u00e0 conversa &#8216;.<\/p>\n<p style=\"margin-bottom: 0cm;\" align=\"JUSTIFY\">O cen\u00e1rio escolhido foi a P\u00f3voa de Varzim e contou com convidados como Adruzilo Lopes, Diva Teixeira, Fernando Baptista, Jo\u00e3o Baptista, Jo\u00e3o Sousa, Jorge Ortig\u00e3o, Manuel Martins, Pedro Azeredo, Pedro Matos Chaves, Pedro Salvador e S\u00e9rgio Paiva.<\/p>\n<p style=\"margin-bottom: 0cm; text-align: center;\" align=\"JUSTIFY\"><img loading=\"lazy\" decoding=\"async\" class=\" size-full wp-image-2354\" src=\"https:\/\/www.galeriadocrashed.com\/wordpress\/wp-content\/uploads\/2012\/09\/image00042.jpg\" border=\"0\" alt=\"CCV-42\" width=\"600\" height=\"401\" style=\"vertical-align: middle;\" srcset=\"https:\/\/www.galeriadocrashed.com\/site\/wp-content\/uploads\/2012\/09\/image00042.jpg 804w, https:\/\/www.galeriadocrashed.com\/site\/wp-content\/uploads\/2012\/09\/image00042-300x200.jpg 300w, https:\/\/www.galeriadocrashed.com\/site\/wp-content\/uploads\/2012\/09\/image00042-768x513.jpg 768w\" sizes=\"auto, (max-width: 600px) 100vw, 600px\" \/><\/p>\n<p style=\"margin-bottom: 0cm;\" align=\"JUSTIFY\">Recebi o convite via Facebook e imediatamente, a desloca\u00e7\u00e3o \u00e0 P\u00f3voa de Varzim numa 6\u00aa feira \u00e0 noite por motivos automobilisticos, trouxe-me \u00e0 mem\u00f3ria uma \u00e9poca de ouro para os ralis portugueses e despertou uma saudade especial.<\/p>\n<table border=\"0\" align=\"center\">\n<tbody>\n<tr>\n<td><img loading=\"lazy\" decoding=\"async\" class=\" size-full wp-image-2355\" src=\"https:\/\/www.galeriadocrashed.com\/wordpress\/wp-content\/uploads\/2012\/09\/image00008.jpg\" border=\"0\" alt=\"CCV-08\" width=\"200\" height=\"134\" srcset=\"https:\/\/www.galeriadocrashed.com\/site\/wp-content\/uploads\/2012\/09\/image00008.jpg 804w, https:\/\/www.galeriadocrashed.com\/site\/wp-content\/uploads\/2012\/09\/image00008-300x200.jpg 300w, https:\/\/www.galeriadocrashed.com\/site\/wp-content\/uploads\/2012\/09\/image00008-768x513.jpg 768w\" sizes=\"auto, (max-width: 200px) 100vw, 200px\" \/><\/td>\n<td><img loading=\"lazy\" decoding=\"async\" class=\" size-full wp-image-2356\" src=\"https:\/\/www.galeriadocrashed.com\/wordpress\/wp-content\/uploads\/2012\/09\/image00026.jpg\" border=\"0\" alt=\"CCV-26\" width=\"200\" height=\"134\" srcset=\"https:\/\/www.galeriadocrashed.com\/site\/wp-content\/uploads\/2012\/09\/image00026.jpg 804w, https:\/\/www.galeriadocrashed.com\/site\/wp-content\/uploads\/2012\/09\/image00026-300x200.jpg 300w, https:\/\/www.galeriadocrashed.com\/site\/wp-content\/uploads\/2012\/09\/image00026-768x513.jpg 768w\" sizes=\"auto, (max-width: 200px) 100vw, 200px\" \/><\/td>\n<td><img loading=\"lazy\" decoding=\"async\" class=\" size-full wp-image-2357\" src=\"https:\/\/www.galeriadocrashed.com\/wordpress\/wp-content\/uploads\/2012\/09\/image00027.jpg\" border=\"0\" alt=\"CCV-27\" width=\"200\" height=\"134\" srcset=\"https:\/\/www.galeriadocrashed.com\/site\/wp-content\/uploads\/2012\/09\/image00027.jpg 804w, https:\/\/www.galeriadocrashed.com\/site\/wp-content\/uploads\/2012\/09\/image00027-300x201.jpg 300w, https:\/\/www.galeriadocrashed.com\/site\/wp-content\/uploads\/2012\/09\/image00027-768x514.jpg 768w\" sizes=\"auto, (max-width: 200px) 100vw, 200px\" \/><\/td>\n<\/tr>\n<\/tbody>\n<\/table>\n<p style=\"margin-bottom: 0cm;\" align=\"JUSTIFY\">\u00c0 mais de 20 anos atr\u00e1s, a semana que antecedia o rali Sopete, mais tarde denominado de Casino da P\u00f3voa (organizados pelo Targa Clube ), era vivida com especial expectativa&#8230;<\/p>\n<p style=\"margin-bottom: 0cm;\" align=\"JUSTIFY\">Sempre fui um aluno empenhado, mas as aulas desses dias eram frequentadas com especial aten\u00e7\u00e3o. Era uma forma de &#8216;fazer&#8217; com que o tempo &#8216;passasse mais rapidamente&#8217; e que por fim aparecesse a 6\u00aa feira, que viria depois tamb\u00e9m a dar, o pontap\u00e9 de sa\u00edda ao Campeonato Nacional de Ralis com a realiza\u00e7\u00e3o da Super Especial da P\u00f3voa de Varzim.As classificativas de asfalto que se disputavam ao S\u00e1bado de manh\u00e3 na zona de Ponte de Lima eram \u00fanicas, bem como o era, a neutraliza\u00e7\u00e3o \u00e0 hora de almo\u00e7o, na cidade em que se come o melhor arroz de sarrabulho em Portugal.<\/p>\n<p style=\"margin-bottom: 0cm;\" align=\"JUSTIFY\">Foram essencialmente hist\u00f3rias destes ralis que foram revividas, onde a tripla Matos Chaves, S\u00e9rgio Paiva e Adruzilo Lopes estiveram impar\u00e1veis, arrancando diversas gargalhadas ao p\u00fablico presente e onde Diva Teixeira emprestou um ponto de vista feminino.<\/p>\n<table border=\"0\" align=\"center\">\n<tbody>\n<tr>\n<td><img loading=\"lazy\" decoding=\"async\" class=\" size-full wp-image-2358\" src=\"https:\/\/www.galeriadocrashed.com\/wordpress\/wp-content\/uploads\/2012\/09\/image00085.jpg\" border=\"0\" alt=\"CCV-85\" width=\"300\" height=\"200\" srcset=\"https:\/\/www.galeriadocrashed.com\/site\/wp-content\/uploads\/2012\/09\/image00085.jpg 804w, https:\/\/www.galeriadocrashed.com\/site\/wp-content\/uploads\/2012\/09\/image00085-300x200.jpg 300w, https:\/\/www.galeriadocrashed.com\/site\/wp-content\/uploads\/2012\/09\/image00085-768x513.jpg 768w\" sizes=\"auto, (max-width: 300px) 100vw, 300px\" \/><\/td>\n<td><img loading=\"lazy\" decoding=\"async\" class=\" size-full wp-image-2359\" src=\"https:\/\/www.galeriadocrashed.com\/wordpress\/wp-content\/uploads\/2012\/09\/image00063.jpg\" border=\"0\" alt=\"CCV-63\" width=\"300\" height=\"200\" srcset=\"https:\/\/www.galeriadocrashed.com\/site\/wp-content\/uploads\/2012\/09\/image00063.jpg 804w, https:\/\/www.galeriadocrashed.com\/site\/wp-content\/uploads\/2012\/09\/image00063-300x200.jpg 300w, https:\/\/www.galeriadocrashed.com\/site\/wp-content\/uploads\/2012\/09\/image00063-768x513.jpg 768w\" sizes=\"auto, (max-width: 300px) 100vw, 300px\" \/><\/td>\n<\/tr>\n<\/tbody>\n<\/table>\n<p style=\"margin-bottom: 0cm;\" align=\"JUSTIFY\">A conversa passou tamb\u00e9m pelo Karting, Velocidade, e tocou no aspecto organizativo pela m\u00e3o do incontorn\u00e1vel Fernando Batista, respons\u00e1vel m\u00e1ximo pelo Targa Clube.<\/p>\n<table border=\"0\" align=\"center\">\n<tbody>\n<tr>\n<td><img loading=\"lazy\" decoding=\"async\" class=\" size-full wp-image-2360\" src=\"https:\/\/www.galeriadocrashed.com\/wordpress\/wp-content\/uploads\/2012\/09\/image00051.jpg\" border=\"0\" alt=\"CCV-51\" width=\"150\" height=\"224\" srcset=\"https:\/\/www.galeriadocrashed.com\/site\/wp-content\/uploads\/2012\/09\/image00051.jpg 404w, https:\/\/www.galeriadocrashed.com\/site\/wp-content\/uploads\/2012\/09\/image00051-201x300.jpg 201w\" sizes=\"auto, (max-width: 150px) 100vw, 150px\" \/><\/td>\n<td><img loading=\"lazy\" decoding=\"async\" class=\" size-full wp-image-2361\" src=\"https:\/\/www.galeriadocrashed.com\/wordpress\/wp-content\/uploads\/2012\/09\/image00066.jpg\" border=\"0\" alt=\"CCV-66\" width=\"150\" height=\"224\" srcset=\"https:\/\/www.galeriadocrashed.com\/site\/wp-content\/uploads\/2012\/09\/image00066.jpg 404w, https:\/\/www.galeriadocrashed.com\/site\/wp-content\/uploads\/2012\/09\/image00066-201x300.jpg 201w\" sizes=\"auto, (max-width: 150px) 100vw, 150px\" \/><\/td>\n<td><img loading=\"lazy\" decoding=\"async\" class=\" size-full wp-image-2362\" src=\"https:\/\/www.galeriadocrashed.com\/wordpress\/wp-content\/uploads\/2012\/09\/image00069.jpg\" border=\"0\" alt=\"CCV-69\" width=\"150\" height=\"224\" srcset=\"https:\/\/www.galeriadocrashed.com\/site\/wp-content\/uploads\/2012\/09\/image00069.jpg 404w, https:\/\/www.galeriadocrashed.com\/site\/wp-content\/uploads\/2012\/09\/image00069-201x300.jpg 201w\" sizes=\"auto, (max-width: 150px) 100vw, 150px\" \/><\/td>\n<td><img loading=\"lazy\" decoding=\"async\" class=\" size-full wp-image-2363\" src=\"https:\/\/www.galeriadocrashed.com\/wordpress\/wp-content\/uploads\/2012\/09\/image00090.jpg\" border=\"0\" alt=\"CCV-90\" width=\"150\" height=\"224\" srcset=\"https:\/\/www.galeriadocrashed.com\/site\/wp-content\/uploads\/2012\/09\/image00090.jpg 404w, https:\/\/www.galeriadocrashed.com\/site\/wp-content\/uploads\/2012\/09\/image00090-201x300.jpg 201w\" sizes=\"auto, (max-width: 150px) 100vw, 150px\" \/><\/td>\n<\/tr>\n<\/tbody>\n<\/table>\n<p style=\"margin-bottom: 0cm;\" align=\"JUSTIFY\">Quatro meses ap\u00f3s a minha \u00faltima desloca\u00e7\u00e3o a um evento automobilistico ( certamente um record ), esta foi uma excelente forma de &#8216;regressar&#8217;.<\/p>\n<p style=\"margin-bottom: 0cm;\" align=\"JUSTIFY\">Um grande amor est\u00e1 sempre presente, mesmo quando lhe tent\u00e1mos &#8216;passar ao lado&#8217; .<\/p>\n<p style=\"margin-bottom: 0cm;\" align=\"JUSTIFY\">\u00a0<\/p>\n<p style=\"margin-bottom: 0cm;\" align=\"JUSTIFY\"><a href=\"index.php?option=com_wrapper&amp;view=wrapper&amp;Itemid=294\">CLIQUE AQUI<\/a> para aceder \u00e0 nossa galeria de imagens.<\/p>\n<p style=\"margin-bottom: 0cm;\" align=\"JUSTIFY\">contas@galeriadocrashed.com<\/p>\n","protected":false},"excerpt":{"rendered":"<p>A Completa Mente &#8211; Comunica\u00e7\u00e3o e Eventos Lda., levou a efeito na passada 6\u00aa feira mais um evento &#8216; Completamente&hellip;<\/p>\n","protected":false},"author":1,"featured_media":2354,"comment_status":"closed","ping_status":"open","sticky":false,"template":"","format":"standard","meta":{"_seopress_robots_primary_cat":"","_seopress_titles_title":"","_seopress_titles_desc":"","_seopress_robots_index":"","ngg_post_thumbnail":0,"footnotes":""},"categories":[40],"tags":[],"class_list":["post-2364","post","type-post","status-publish","format-standard","has-post-thumbnail","hentry","category-competicao"],"_links":{"self":[{"href":"https:\/\/www.galeriadocrashed.com\/site\/wp-json\/wp\/v2\/posts\/2364","targetHints":{"allow":["GET"]}}],"collection":[{"href":"https:\/\/www.galeriadocrashed.com\/site\/wp-json\/wp\/v2\/posts"}],"about":[{"href":"https:\/\/www.galeriadocrashed.com\/site\/wp-json\/wp\/v2\/types\/post"}],"author":[{"embeddable":true,"href":"https:\/\/www.galeriadocrashed.com\/site\/wp-json\/wp\/v2\/users\/1"}],"replies":[{"embeddable":true,"href":"https:\/\/www.galeriadocrashed.com\/site\/wp-json\/wp\/v2\/comments?post=2364"}],"version-history":[{"count":1,"href":"https:\/\/www.galeriadocrashed.com\/site\/wp-json\/wp\/v2\/posts\/2364\/revisions"}],"predecessor-version":[{"id":3191,"href":"https:\/\/www.galeriadocrashed.com\/site\/wp-json\/wp\/v2\/posts\/2364\/revisions\/3191"}],"wp:featuredmedia":[{"embeddable":true,"href":"https:\/\/www.galeriadocrashed.com\/site\/wp-json\/wp\/v2\/media\/2354"}],"wp:attachment":[{"href":"https:\/\/www.galeriadocrashed.com\/site\/wp-json\/wp\/v2\/media?parent=2364"}],"wp:term":[{"taxonomy":"category","embeddable":true,"href":"https:\/\/www.galeriadocrashed.com\/site\/wp-json\/wp\/v2\/categories?post=2364"},{"taxonomy":"post_tag","embeddable":true,"href":"https:\/\/www.galeriadocrashed.com\/site\/wp-json\/wp\/v2\/tags?post=2364"}],"curies":[{"name":"wp","href":"https:\/\/api.w.org\/{rel}","templated":true}]}}