{"id":2393,"date":"2012-10-11T23:04:06","date_gmt":"2012-10-11T22:04:06","guid":{"rendered":"https:\/\/www.galeriadocrashed.com\/wordpress\/index.php\/2012\/10\/11\/autoclassico-e-motorshow-porto-2012\/"},"modified":"2022-01-10T18:01:19","modified_gmt":"2022-01-10T17:01:19","slug":"autoclassico-e-motorshow-porto-2012","status":"publish","type":"post","link":"https:\/\/www.galeriadocrashed.com\/site\/autoclassico-e-motorshow-porto-2012\/","title":{"rendered":"Autocl\u00e1ssico e Motorshow Porto 2012"},"content":{"rendered":"<div style=\"margin-top: 0px; margin-bottom: 0px;\" class=\"sharethis-inline-share-buttons\" ><\/div><p>A 10\u00aa edi\u00e7\u00e3o do Autocl\u00e1ssico \u2013 Sal\u00e3o Internacional do Autom\u00f3vel e Motociclo Cl\u00e1ssico e de \u00c9poca, realizou-se no passado fim-de-semana na Exponor e repetiu o\u00a0 sucesso dos anos anteriores.<\/p>\n<table border=\"0\" align=\"center\">\n<tbody>\n<tr>\n<td><img loading=\"lazy\" decoding=\"async\" class=\" size-full wp-image-2378\" src=\"https:\/\/www.galeriadocrashed.com\/wordpress\/wp-content\/uploads\/2012\/10\/img_2715.jpg\" border=\"0\" alt=\"AC2012-2715\" width=\"200\" height=\"134\" srcset=\"https:\/\/www.galeriadocrashed.com\/site\/wp-content\/uploads\/2012\/10\/img_2715.jpg 804w, https:\/\/www.galeriadocrashed.com\/site\/wp-content\/uploads\/2012\/10\/img_2715-300x200.jpg 300w, https:\/\/www.galeriadocrashed.com\/site\/wp-content\/uploads\/2012\/10\/img_2715-768x513.jpg 768w\" sizes=\"auto, (max-width: 200px) 100vw, 200px\" \/><\/td>\n<td><img loading=\"lazy\" decoding=\"async\" class=\" size-full wp-image-2379\" src=\"https:\/\/www.galeriadocrashed.com\/wordpress\/wp-content\/uploads\/2012\/10\/img_2663.jpg\" border=\"0\" alt=\"AC2012-2663\" width=\"200\" height=\"134\" srcset=\"https:\/\/www.galeriadocrashed.com\/site\/wp-content\/uploads\/2012\/10\/img_2663.jpg 804w, https:\/\/www.galeriadocrashed.com\/site\/wp-content\/uploads\/2012\/10\/img_2663-300x200.jpg 300w, https:\/\/www.galeriadocrashed.com\/site\/wp-content\/uploads\/2012\/10\/img_2663-768x513.jpg 768w\" sizes=\"auto, (max-width: 200px) 100vw, 200px\" \/><\/td>\n<td><img loading=\"lazy\" decoding=\"async\" class=\" size-full wp-image-2380\" src=\"https:\/\/www.galeriadocrashed.com\/wordpress\/wp-content\/uploads\/2012\/10\/img_2712.jpg\" border=\"0\" alt=\"AC2012-2712\" width=\"200\" height=\"134\" srcset=\"https:\/\/www.galeriadocrashed.com\/site\/wp-content\/uploads\/2012\/10\/img_2712.jpg 804w, https:\/\/www.galeriadocrashed.com\/site\/wp-content\/uploads\/2012\/10\/img_2712-300x200.jpg 300w, https:\/\/www.galeriadocrashed.com\/site\/wp-content\/uploads\/2012\/10\/img_2712-768x513.jpg 768w\" sizes=\"auto, (max-width: 200px) 100vw, 200px\" \/><\/td>\n<\/tr>\n<\/tbody>\n<\/table>\n<p>Mais de 30.000 visitantes marcaram presen\u00e7a nos diversos pavilh\u00f5es, onde foi\u00a0 tamb\u00e9m poss\u00edvel assistir ao habitual Motorshow .<\/p>\n<table border=\"0\" align=\"center\">\n<tbody>\n<tr>\n<td><img loading=\"lazy\" decoding=\"async\" class=\" size-full wp-image-2381\" src=\"https:\/\/www.galeriadocrashed.com\/wordpress\/wp-content\/uploads\/2012\/10\/img_2875.jpg\" border=\"0\" alt=\"AC2012-2875\" width=\"200\" height=\"134\" srcset=\"https:\/\/www.galeriadocrashed.com\/site\/wp-content\/uploads\/2012\/10\/img_2875.jpg 804w, https:\/\/www.galeriadocrashed.com\/site\/wp-content\/uploads\/2012\/10\/img_2875-300x200.jpg 300w, https:\/\/www.galeriadocrashed.com\/site\/wp-content\/uploads\/2012\/10\/img_2875-768x513.jpg 768w\" sizes=\"auto, (max-width: 200px) 100vw, 200px\" \/><\/td>\n<td><img loading=\"lazy\" decoding=\"async\" class=\" size-full wp-image-2382\" src=\"https:\/\/www.galeriadocrashed.com\/wordpress\/wp-content\/uploads\/2012\/10\/img_2817.jpg\" border=\"0\" alt=\"AC2012-2817\" width=\"200\" height=\"134\" srcset=\"https:\/\/www.galeriadocrashed.com\/site\/wp-content\/uploads\/2012\/10\/img_2817.jpg 804w, https:\/\/www.galeriadocrashed.com\/site\/wp-content\/uploads\/2012\/10\/img_2817-300x200.jpg 300w, https:\/\/www.galeriadocrashed.com\/site\/wp-content\/uploads\/2012\/10\/img_2817-768x513.jpg 768w\" sizes=\"auto, (max-width: 200px) 100vw, 200px\" \/><\/td>\n<td><img loading=\"lazy\" decoding=\"async\" class=\" size-full wp-image-2383\" src=\"https:\/\/www.galeriadocrashed.com\/wordpress\/wp-content\/uploads\/2012\/10\/img_2824.jpg\" border=\"0\" alt=\"AC2012-2824\" width=\"200\" height=\"134\" srcset=\"https:\/\/www.galeriadocrashed.com\/site\/wp-content\/uploads\/2012\/10\/img_2824.jpg 804w, https:\/\/www.galeriadocrashed.com\/site\/wp-content\/uploads\/2012\/10\/img_2824-300x200.jpg 300w, https:\/\/www.galeriadocrashed.com\/site\/wp-content\/uploads\/2012\/10\/img_2824-768x513.jpg 768w\" sizes=\"auto, (max-width: 200px) 100vw, 200px\" \/><\/td>\n<\/tr>\n<\/tbody>\n<\/table>\n<p>A Ferrari esteve em particular destaque com 20 exclusivos modelos expostos, num ano em que comemora 65 anos de exist\u00eancia, mas a mostra foi extens\u00edvel a cerca de 300 expositores no total.<\/p>\n<table border=\"0\" align=\"center\">\n<tbody>\n<tr>\n<td><img loading=\"lazy\" decoding=\"async\" class=\" size-full wp-image-2384\" src=\"https:\/\/www.galeriadocrashed.com\/wordpress\/wp-content\/uploads\/2012\/10\/img_2674.jpg\" border=\"0\" alt=\"AC2012-2674\" width=\"200\" height=\"134\" srcset=\"https:\/\/www.galeriadocrashed.com\/site\/wp-content\/uploads\/2012\/10\/img_2674.jpg 804w, https:\/\/www.galeriadocrashed.com\/site\/wp-content\/uploads\/2012\/10\/img_2674-300x200.jpg 300w, https:\/\/www.galeriadocrashed.com\/site\/wp-content\/uploads\/2012\/10\/img_2674-768x513.jpg 768w\" sizes=\"auto, (max-width: 200px) 100vw, 200px\" \/><\/td>\n<td><img loading=\"lazy\" decoding=\"async\" class=\" size-full wp-image-2385\" src=\"https:\/\/www.galeriadocrashed.com\/wordpress\/wp-content\/uploads\/2012\/10\/img_2606.jpg\" border=\"0\" alt=\"AC2012-2606\" width=\"200\" height=\"134\" srcset=\"https:\/\/www.galeriadocrashed.com\/site\/wp-content\/uploads\/2012\/10\/img_2606.jpg 804w, https:\/\/www.galeriadocrashed.com\/site\/wp-content\/uploads\/2012\/10\/img_2606-300x200.jpg 300w, https:\/\/www.galeriadocrashed.com\/site\/wp-content\/uploads\/2012\/10\/img_2606-768x513.jpg 768w\" sizes=\"auto, (max-width: 200px) 100vw, 200px\" \/><\/td>\n<td><img loading=\"lazy\" decoding=\"async\" class=\" size-full wp-image-2386\" src=\"https:\/\/www.galeriadocrashed.com\/wordpress\/wp-content\/uploads\/2012\/10\/img_2691.jpg\" border=\"0\" alt=\"AC2012-2691\" width=\"200\" height=\"134\" srcset=\"https:\/\/www.galeriadocrashed.com\/site\/wp-content\/uploads\/2012\/10\/img_2691.jpg 804w, https:\/\/www.galeriadocrashed.com\/site\/wp-content\/uploads\/2012\/10\/img_2691-300x200.jpg 300w, https:\/\/www.galeriadocrashed.com\/site\/wp-content\/uploads\/2012\/10\/img_2691-768x513.jpg 768w\" sizes=\"auto, (max-width: 200px) 100vw, 200px\" \/><\/td>\n<\/tr>\n<\/tbody>\n<\/table>\n<p>O convite que recebemos do AJA-Amigos dos Japoneses Antigos, permitiu-nos acompanhar de perto a visita que os conhecidos apresentadores de televis\u00e3o Jorge Gabriel e S\u00f3nia Ara\u00fajo fizeram ao seu stand, e cujo tema, era a\u00a0 comemora\u00e7\u00e3o dos 40 anos de exist\u00eancia do modelo Honda CIVIC.\u00a0 Embaixadores em Portugal da marca, a dupla espalhou a sua simpatia e boa disposi\u00e7\u00e3o, observou com particular aten\u00e7\u00e3o os modelos expostos e acabou mesmo por assinar o livro de honra do clube.<\/p>\n<table border=\"0\" align=\"center\">\n<tbody>\n<tr>\n<td><img loading=\"lazy\" decoding=\"async\" class=\" size-full wp-image-2387\" src=\"https:\/\/www.galeriadocrashed.com\/wordpress\/wp-content\/uploads\/2012\/10\/img_3213.jpg\" border=\"0\" alt=\"MS2012-3213\" width=\"200\" height=\"134\" srcset=\"https:\/\/www.galeriadocrashed.com\/site\/wp-content\/uploads\/2012\/10\/img_3213.jpg 804w, https:\/\/www.galeriadocrashed.com\/site\/wp-content\/uploads\/2012\/10\/img_3213-300x200.jpg 300w, https:\/\/www.galeriadocrashed.com\/site\/wp-content\/uploads\/2012\/10\/img_3213-768x513.jpg 768w\" sizes=\"auto, (max-width: 200px) 100vw, 200px\" \/><\/td>\n<td><img loading=\"lazy\" decoding=\"async\" class=\" size-full wp-image-2388\" src=\"https:\/\/www.galeriadocrashed.com\/wordpress\/wp-content\/uploads\/2012\/10\/img_2752.jpg\" border=\"0\" alt=\"MS2012-2752\" width=\"200\" height=\"134\" srcset=\"https:\/\/www.galeriadocrashed.com\/site\/wp-content\/uploads\/2012\/10\/img_2752.jpg 804w, https:\/\/www.galeriadocrashed.com\/site\/wp-content\/uploads\/2012\/10\/img_2752-300x200.jpg 300w, https:\/\/www.galeriadocrashed.com\/site\/wp-content\/uploads\/2012\/10\/img_2752-768x513.jpg 768w\" sizes=\"auto, (max-width: 200px) 100vw, 200px\" \/><\/td>\n<td><img loading=\"lazy\" decoding=\"async\" class=\" size-full wp-image-2389\" src=\"https:\/\/www.galeriadocrashed.com\/wordpress\/wp-content\/uploads\/2012\/10\/img_2901.jpg\" border=\"0\" alt=\"MS2012-2901\" width=\"200\" height=\"134\" srcset=\"https:\/\/www.galeriadocrashed.com\/site\/wp-content\/uploads\/2012\/10\/img_2901.jpg 804w, https:\/\/www.galeriadocrashed.com\/site\/wp-content\/uploads\/2012\/10\/img_2901-300x200.jpg 300w, https:\/\/www.galeriadocrashed.com\/site\/wp-content\/uploads\/2012\/10\/img_2901-768x513.jpg 768w\" sizes=\"auto, (max-width: 200px) 100vw, 200px\" \/><\/td>\n<\/tr>\n<\/tbody>\n<\/table>\n<p>No pavilh\u00e3o N\u00ba.6, encontrava-se montada a pista destinada ao Motorshow.<\/p>\n<table border=\"0\" align=\"center\">\n<tbody>\n<tr>\n<td><img loading=\"lazy\" decoding=\"async\" class=\" size-full wp-image-2390\" src=\"https:\/\/www.galeriadocrashed.com\/wordpress\/wp-content\/uploads\/2012\/10\/img_2910.jpg\" border=\"0\" alt=\"MS2012-2910\" width=\"200\" height=\"134\" srcset=\"https:\/\/www.galeriadocrashed.com\/site\/wp-content\/uploads\/2012\/10\/img_2910.jpg 804w, https:\/\/www.galeriadocrashed.com\/site\/wp-content\/uploads\/2012\/10\/img_2910-300x200.jpg 300w, https:\/\/www.galeriadocrashed.com\/site\/wp-content\/uploads\/2012\/10\/img_2910-768x513.jpg 768w\" sizes=\"auto, (max-width: 200px) 100vw, 200px\" \/><\/td>\n<td><img loading=\"lazy\" decoding=\"async\" class=\" size-full wp-image-2391\" src=\"https:\/\/www.galeriadocrashed.com\/wordpress\/wp-content\/uploads\/2012\/10\/img_3120.jpg\" border=\"0\" alt=\"MS2012-3120\" width=\"200\" height=\"134\" srcset=\"https:\/\/www.galeriadocrashed.com\/site\/wp-content\/uploads\/2012\/10\/img_3120.jpg 804w, https:\/\/www.galeriadocrashed.com\/site\/wp-content\/uploads\/2012\/10\/img_3120-300x200.jpg 300w, https:\/\/www.galeriadocrashed.com\/site\/wp-content\/uploads\/2012\/10\/img_3120-768x513.jpg 768w\" sizes=\"auto, (max-width: 200px) 100vw, 200px\" \/><\/td>\n<td><img loading=\"lazy\" decoding=\"async\" class=\" size-full wp-image-2392\" src=\"https:\/\/www.galeriadocrashed.com\/wordpress\/wp-content\/uploads\/2012\/10\/img_2967.jpg\" border=\"0\" alt=\"MS2012-2967\" width=\"200\" height=\"134\" srcset=\"https:\/\/www.galeriadocrashed.com\/site\/wp-content\/uploads\/2012\/10\/img_2967.jpg 804w, https:\/\/www.galeriadocrashed.com\/site\/wp-content\/uploads\/2012\/10\/img_2967-300x200.jpg 300w, https:\/\/www.galeriadocrashed.com\/site\/wp-content\/uploads\/2012\/10\/img_2967-768x513.jpg 768w\" sizes=\"auto, (max-width: 200px) 100vw, 200px\" \/><\/td>\n<\/tr>\n<\/tbody>\n<\/table>\n<p style=\"text-align: justify;\">Mais de seis dezenas de pilotos oriundos de diversas disciplinas do desporto autom\u00f3vel nacional e da Galiza marcaram presen\u00e7a. O piloto internacional convidado pela organiza\u00e7\u00e3o este ano foi o ex-campe\u00e3o do mundo de ralis Stig Blomqvist, que apesar de provar que quem sabe nunca esquece, teve que se curvar na final perante os argumentos de Adruzilo Lopes e Pedro Leal, que dividiram a condu\u00e7\u00e3o de um Mitsubishi EVO X.<\/p>\n<p style=\"text-align: justify;\">Em tempo de fim-de-semana prolongado, e mesmo com um curto descanso na sexta-feira e S\u00e1bado, acompanh\u00e1mos este evento no seu \u00faltimo dia, recolhendo as imagens que poder\u00e1 encontrar nestes dois links:<\/p>\n<p><a href=\"..\/categories.php?cat_id=558\">CLIQUE AQUI<\/a>\u00a0 &#8211; Para aceder \u00e0 galeria de\u00a0 fotos do Autocl\u00e1ssico<\/p>\n<p><a href=\"..\/categories.php?cat_id=557\">CLIQUE AQUI<\/a>\u00a0 &#8211; Para aceder \u00e0 galeria de fotos do Motorshow<\/p>\n<p>\u00a0<\/p>\n<p><span style=\"font-family: helvetica; color: #0000ff;\"><em>contas@galeriadocrashed.com<\/em><\/span><\/p>\n","protected":false},"excerpt":{"rendered":"<p>A 10\u00aa edi\u00e7\u00e3o do Autocl\u00e1ssico \u2013 Sal\u00e3o Internacional do Autom\u00f3vel e Motociclo Cl\u00e1ssico e de \u00c9poca, realizou-se no passado fim-de-semana&hellip;<\/p>\n","protected":false},"author":1,"featured_media":2378,"comment_status":"closed","ping_status":"open","sticky":false,"template":"","format":"standard","meta":{"_seopress_robots_primary_cat":"","_seopress_titles_title":"","_seopress_titles_desc":"","_seopress_robots_index":"","ngg_post_thumbnail":0,"footnotes":""},"categories":[40],"tags":[],"class_list":["post-2393","post","type-post","status-publish","format-standard","has-post-thumbnail","hentry","category-competicao"],"_links":{"self":[{"href":"https:\/\/www.galeriadocrashed.com\/site\/wp-json\/wp\/v2\/posts\/2393","targetHints":{"allow":["GET"]}}],"collection":[{"href":"https:\/\/www.galeriadocrashed.com\/site\/wp-json\/wp\/v2\/posts"}],"about":[{"href":"https:\/\/www.galeriadocrashed.com\/site\/wp-json\/wp\/v2\/types\/post"}],"author":[{"embeddable":true,"href":"https:\/\/www.galeriadocrashed.com\/site\/wp-json\/wp\/v2\/users\/1"}],"replies":[{"embeddable":true,"href":"https:\/\/www.galeriadocrashed.com\/site\/wp-json\/wp\/v2\/comments?post=2393"}],"version-history":[{"count":1,"href":"https:\/\/www.galeriadocrashed.com\/site\/wp-json\/wp\/v2\/posts\/2393\/revisions"}],"predecessor-version":[{"id":3189,"href":"https:\/\/www.galeriadocrashed.com\/site\/wp-json\/wp\/v2\/posts\/2393\/revisions\/3189"}],"wp:featuredmedia":[{"embeddable":true,"href":"https:\/\/www.galeriadocrashed.com\/site\/wp-json\/wp\/v2\/media\/2378"}],"wp:attachment":[{"href":"https:\/\/www.galeriadocrashed.com\/site\/wp-json\/wp\/v2\/media?parent=2393"}],"wp:term":[{"taxonomy":"category","embeddable":true,"href":"https:\/\/www.galeriadocrashed.com\/site\/wp-json\/wp\/v2\/categories?post=2393"},{"taxonomy":"post_tag","embeddable":true,"href":"https:\/\/www.galeriadocrashed.com\/site\/wp-json\/wp\/v2\/tags?post=2393"}],"curies":[{"name":"wp","href":"https:\/\/api.w.org\/{rel}","templated":true}]}}