{"id":2424,"date":"2013-02-06T14:13:09","date_gmt":"2013-02-06T13:13:09","guid":{"rendered":"https:\/\/www.galeriadocrashed.com\/wordpress\/index.php\/2013\/02\/06\/2013-02-02-rali-de-inverno\/"},"modified":"2022-01-10T18:01:18","modified_gmt":"2022-01-10T17:01:18","slug":"2013-02-02-rali-de-inverno","status":"publish","type":"post","link":"https:\/\/www.galeriadocrashed.com\/site\/2013-02-02-rali-de-inverno\/","title":{"rendered":"2013-02-02 Rali de Inverno"},"content":{"rendered":"<div style=\"margin-top: 0px; margin-bottom: 0px;\" class=\"sharethis-inline-share-buttons\" ><\/div><p>Realizou-se no passado dia 02 de Fevereiro mais uma edi\u00e7\u00e3o do Rali de Inverno organizado pelo\u00a0N\u00facleo de Desportos Motorizados de Leiria, prova de regularidade com inicio no Kartodromo Internacional de Leiria (Milagres) contanto com 120 participantes a partida divididos por 2 classes, Cl\u00e1ssicos e desportivos.<\/p>\n<p>Este ano s\u00f3 n\u00f3s foi poss\u00edvel ir ao inicio da prova e como tal s\u00f3 temos fotos da primeira passagem no Kartodromo de Leiria.<\/p>\n<p><img loading=\"lazy\" decoding=\"async\" class=\" size-full wp-image-2420\" src=\"https:\/\/www.galeriadocrashed.com\/wordpress\/wp-content\/uploads\/2013\/02\/mg_9298.jpg\" border=\"0\" alt=\"2013-02-02 Rali de Inverno\" width=\"640\" height=\"426\" srcset=\"https:\/\/www.galeriadocrashed.com\/site\/wp-content\/uploads\/2013\/02\/mg_9298.jpg 800w, https:\/\/www.galeriadocrashed.com\/site\/wp-content\/uploads\/2013\/02\/mg_9298-300x200.jpg 300w, https:\/\/www.galeriadocrashed.com\/site\/wp-content\/uploads\/2013\/02\/mg_9298-768x512.jpg 768w\" sizes=\"auto, (max-width: 640px) 100vw, 640px\" \/><\/p>\n<table border=\"0\">\n<tbody>\n<tr>\n<td><img loading=\"lazy\" decoding=\"async\" class=\" size-full wp-image-2421\" src=\"https:\/\/www.galeriadocrashed.com\/wordpress\/wp-content\/uploads\/2013\/02\/mg_8925.jpg\" border=\"0\" alt=\"2013-02-02 Rali de Inverno\" width=\"200\" height=\"133\" srcset=\"https:\/\/www.galeriadocrashed.com\/site\/wp-content\/uploads\/2013\/02\/mg_8925.jpg 800w, https:\/\/www.galeriadocrashed.com\/site\/wp-content\/uploads\/2013\/02\/mg_8925-300x200.jpg 300w, https:\/\/www.galeriadocrashed.com\/site\/wp-content\/uploads\/2013\/02\/mg_8925-768x512.jpg 768w\" sizes=\"auto, (max-width: 200px) 100vw, 200px\" \/>\u00a0<\/td>\n<td>\u00a0<img loading=\"lazy\" decoding=\"async\" class=\" size-full wp-image-2422\" src=\"https:\/\/www.galeriadocrashed.com\/wordpress\/wp-content\/uploads\/2013\/02\/mg_9309.jpg\" border=\"0\" alt=\"2013-02-02 Rali de Inverno\" width=\"200\" height=\"133\" srcset=\"https:\/\/www.galeriadocrashed.com\/site\/wp-content\/uploads\/2013\/02\/mg_9309.jpg 800w, https:\/\/www.galeriadocrashed.com\/site\/wp-content\/uploads\/2013\/02\/mg_9309-300x200.jpg 300w, https:\/\/www.galeriadocrashed.com\/site\/wp-content\/uploads\/2013\/02\/mg_9309-768x512.jpg 768w\" sizes=\"auto, (max-width: 200px) 100vw, 200px\" \/><\/td>\n<td><img loading=\"lazy\" decoding=\"async\" class=\" size-full wp-image-2423\" src=\"https:\/\/www.galeriadocrashed.com\/wordpress\/wp-content\/uploads\/2013\/02\/mg_9139.jpg\" border=\"0\" alt=\"2013-02-02 Rali de Inverno\" width=\"200\" height=\"133\" srcset=\"https:\/\/www.galeriadocrashed.com\/site\/wp-content\/uploads\/2013\/02\/mg_9139.jpg 800w, https:\/\/www.galeriadocrashed.com\/site\/wp-content\/uploads\/2013\/02\/mg_9139-300x200.jpg 300w, https:\/\/www.galeriadocrashed.com\/site\/wp-content\/uploads\/2013\/02\/mg_9139-768x512.jpg 768w\" sizes=\"auto, (max-width: 200px) 100vw, 200px\" \/><\/td>\n<\/tr>\n<\/tbody>\n<\/table>\n<p>\u00a0<\/p>\n<p><a href=\"2013-02-02-rali-de-inverno.html\">CLIQUE AQUI<\/a><span>\u00a0para ver as restantes fotos na nossa galeria de imagens.<\/span><\/p>\n<p><a href=\"mailto:crashed@galeriadocrashed.com\">crashed@galeriadocrashed.com<\/a><\/p>\n<p>\u00a0<\/p>\n<p>\u00a0<\/p>\n","protected":false},"excerpt":{"rendered":"<p>Realizou-se no passado dia 02 de Fevereiro mais uma edi\u00e7\u00e3o do Rali de Inverno organizado pelo\u00a0N\u00facleo de Desportos Motorizados de&hellip;<\/p>\n","protected":false},"author":1,"featured_media":2420,"comment_status":"closed","ping_status":"open","sticky":false,"template":"","format":"standard","meta":{"_seopress_robots_primary_cat":"","_seopress_titles_title":"","_seopress_titles_desc":"","_seopress_robots_index":"","ngg_post_thumbnail":0,"footnotes":""},"categories":[40],"tags":[],"class_list":["post-2424","post","type-post","status-publish","format-standard","has-post-thumbnail","hentry","category-competicao"],"_links":{"self":[{"href":"https:\/\/www.galeriadocrashed.com\/site\/wp-json\/wp\/v2\/posts\/2424","targetHints":{"allow":["GET"]}}],"collection":[{"href":"https:\/\/www.galeriadocrashed.com\/site\/wp-json\/wp\/v2\/posts"}],"about":[{"href":"https:\/\/www.galeriadocrashed.com\/site\/wp-json\/wp\/v2\/types\/post"}],"author":[{"embeddable":true,"href":"https:\/\/www.galeriadocrashed.com\/site\/wp-json\/wp\/v2\/users\/1"}],"replies":[{"embeddable":true,"href":"https:\/\/www.galeriadocrashed.com\/site\/wp-json\/wp\/v2\/comments?post=2424"}],"version-history":[{"count":1,"href":"https:\/\/www.galeriadocrashed.com\/site\/wp-json\/wp\/v2\/posts\/2424\/revisions"}],"predecessor-version":[{"id":3184,"href":"https:\/\/www.galeriadocrashed.com\/site\/wp-json\/wp\/v2\/posts\/2424\/revisions\/3184"}],"wp:featuredmedia":[{"embeddable":true,"href":"https:\/\/www.galeriadocrashed.com\/site\/wp-json\/wp\/v2\/media\/2420"}],"wp:attachment":[{"href":"https:\/\/www.galeriadocrashed.com\/site\/wp-json\/wp\/v2\/media?parent=2424"}],"wp:term":[{"taxonomy":"category","embeddable":true,"href":"https:\/\/www.galeriadocrashed.com\/site\/wp-json\/wp\/v2\/categories?post=2424"},{"taxonomy":"post_tag","embeddable":true,"href":"https:\/\/www.galeriadocrashed.com\/site\/wp-json\/wp\/v2\/tags?post=2424"}],"curies":[{"name":"wp","href":"https:\/\/api.w.org\/{rel}","templated":true}]}}