{"id":2438,"date":"2013-02-24T18:02:12","date_gmt":"2013-02-24T17:02:12","guid":{"rendered":"https:\/\/www.galeriadocrashed.com\/wordpress\/index.php\/2013\/02\/24\/bernardo-sousa-venceu-rali-serras-de-fafe-2013\/"},"modified":"2022-01-10T18:01:18","modified_gmt":"2022-01-10T17:01:18","slug":"bernardo-sousa-venceu-rali-serras-de-fafe-2013","status":"publish","type":"post","link":"https:\/\/www.galeriadocrashed.com\/site\/bernardo-sousa-venceu-rali-serras-de-fafe-2013\/","title":{"rendered":"Bernardo Sousa venceu Rali Serras de Fafe 2013"},"content":{"rendered":"<div style=\"margin-top: 0px; margin-bottom: 0px;\" class=\"sharethis-inline-share-buttons\" ><\/div><p>Aliando rapidez e exuber\u00e2ncia aos comandos do Peugeot 207 S2000, o madeirense e ex-campe\u00e3o nacional de ralis Bernardo Sousa venceu ontem o rali Serras de Fafe, prova que abriu o nacional da especialidade para 2013 e confirmou o favoritismo que lhe era atribu\u00eddo.<\/p>\n<table border=\"0\" align=\"center\">\n<tbody>\n<tr>\n<td><img loading=\"lazy\" decoding=\"async\" class=\" size-full wp-image-2430\" src=\"https:\/\/www.galeriadocrashed.com\/wordpress\/wp-content\/uploads\/2013\/02\/img_3875.jpg\" border=\"0\" alt=\"SerrasFafe_2013_3875\" width=\"600\" height=\"401\" srcset=\"https:\/\/www.galeriadocrashed.com\/site\/wp-content\/uploads\/2013\/02\/img_3875.jpg 804w, https:\/\/www.galeriadocrashed.com\/site\/wp-content\/uploads\/2013\/02\/img_3875-300x200.jpg 300w, https:\/\/www.galeriadocrashed.com\/site\/wp-content\/uploads\/2013\/02\/img_3875-768x513.jpg 768w\" sizes=\"auto, (max-width: 600px) 100vw, 600px\" \/><\/td>\n<\/tr>\n<\/tbody>\n<\/table>\n<p>Numa organiza\u00e7\u00e3o da D<a href=\"http:\/\/www.demoporto.com\/\">emoporto<\/a>, a prova contou com a presen\u00e7a de milhares de espectadores que puderam assistir a um excelente inicio de campeonato.<\/p>\n<table border=\"0\" align=\"center\">\n<tbody>\n<tr>\n<td><img loading=\"lazy\" decoding=\"async\" class=\" size-full wp-image-2431\" src=\"https:\/\/www.galeriadocrashed.com\/wordpress\/wp-content\/uploads\/2013\/02\/img_3766.jpg\" border=\"0\" alt=\"SerrasFafe_2013_3766\" width=\"600\" height=\"401\" srcset=\"https:\/\/www.galeriadocrashed.com\/site\/wp-content\/uploads\/2013\/02\/img_3766.jpg 804w, https:\/\/www.galeriadocrashed.com\/site\/wp-content\/uploads\/2013\/02\/img_3766-300x200.jpg 300w, https:\/\/www.galeriadocrashed.com\/site\/wp-content\/uploads\/2013\/02\/img_3766-768x513.jpg 768w\" sizes=\"auto, (max-width: 600px) 100vw, 600px\" \/><\/td>\n<\/tr>\n<\/tbody>\n<\/table>\n<p>O campe\u00e3o Nacional Ricardo Moura foi o mais r\u00e1pido nas primeiras especiais com o seu habitual Mitsubishi Evo IX, mas n\u00e3o resistiu ao superior andamento do Peugeot, \u00e0 medida que Sousa foi\u00a0 corrigindo algumas afina\u00e7\u00f5es, se foi recuperando da falta de ritmo em pisos de terra e simultaneamente adaptando \u00e0 nova montada.<\/p>\n<table border=\"0\" align=\"center\">\n<tbody>\n<tr>\n<td><img loading=\"lazy\" decoding=\"async\" class=\" size-full wp-image-2432\" src=\"https:\/\/www.galeriadocrashed.com\/wordpress\/wp-content\/uploads\/2013\/02\/img_3873.jpg\" border=\"0\" alt=\"SerrasFafe_2013_3873\" width=\"600\" height=\"401\" srcset=\"https:\/\/www.galeriadocrashed.com\/site\/wp-content\/uploads\/2013\/02\/img_3873.jpg 804w, https:\/\/www.galeriadocrashed.com\/site\/wp-content\/uploads\/2013\/02\/img_3873-300x200.jpg 300w, https:\/\/www.galeriadocrashed.com\/site\/wp-content\/uploads\/2013\/02\/img_3873-768x513.jpg 768w\" sizes=\"auto, (max-width: 600px) 100vw, 600px\" \/><\/td>\n<\/tr>\n<\/tbody>\n<\/table>\n<p>\u00a0Estreando em solo nacional o Skoda Fabia S2000, Pedro Meireles foi o 3\u00ba.classificado. Entrando um pouco \u00e0 defensiva, viria ainda ser penalizado pelo facto de s\u00f3 mantar pneus macios para a \u00faltima especial, mas ficou bem patente que a margem de progress\u00e3o lhe abre boas expectativas para o campeonato.<\/p>\n<p>Atr\u00e1s de si, Jos\u00e9 Pedro Fontes e Miguel Campos ( ambos tamb\u00e9m de regresso ao Nacional ), Miguel Barbosa e Ivo Nogueira ( a estrear-se com o Subaru de trac\u00e7\u00e3o total ), terminaram por esta ordem ap\u00f3s um interessante duelo com Fernando Peres que viria a abandonar na pen\u00faltima PEC.<\/p>\n<table border=\"0\" align=\"center\">\n<tbody>\n<tr>\n<td><img loading=\"lazy\" decoding=\"async\" class=\" size-full wp-image-2433\" src=\"https:\/\/www.galeriadocrashed.com\/wordpress\/wp-content\/uploads\/2013\/02\/img_3780.jpg\" border=\"0\" alt=\"SerrasFafe_2013_3780\" width=\"300\" height=\"200\" srcset=\"https:\/\/www.galeriadocrashed.com\/site\/wp-content\/uploads\/2013\/02\/img_3780.jpg 804w, https:\/\/www.galeriadocrashed.com\/site\/wp-content\/uploads\/2013\/02\/img_3780-300x200.jpg 300w, https:\/\/www.galeriadocrashed.com\/site\/wp-content\/uploads\/2013\/02\/img_3780-768x513.jpg 768w\" sizes=\"auto, (max-width: 300px) 100vw, 300px\" \/><img loading=\"lazy\" decoding=\"async\" class=\" size-full wp-image-2434\" src=\"https:\/\/www.galeriadocrashed.com\/wordpress\/wp-content\/uploads\/2013\/02\/img_3877.jpg\" border=\"0\" alt=\"SerrasFafe_2013_3877\" width=\"300\" height=\"200\" srcset=\"https:\/\/www.galeriadocrashed.com\/site\/wp-content\/uploads\/2013\/02\/img_3877.jpg 804w, https:\/\/www.galeriadocrashed.com\/site\/wp-content\/uploads\/2013\/02\/img_3877-300x200.jpg 300w, https:\/\/www.galeriadocrashed.com\/site\/wp-content\/uploads\/2013\/02\/img_3877-768x513.jpg 768w\" sizes=\"auto, (max-width: 300px) 100vw, 300px\" \/><\/td>\n<td>\u00a0<\/td>\n<\/tr>\n<tr>\n<td><img loading=\"lazy\" decoding=\"async\" class=\" size-full wp-image-2435\" src=\"https:\/\/www.galeriadocrashed.com\/wordpress\/wp-content\/uploads\/2013\/02\/img_3868.jpg\" border=\"0\" alt=\"SerrasFafe_2013_3868\" width=\"300\" height=\"200\" srcset=\"https:\/\/www.galeriadocrashed.com\/site\/wp-content\/uploads\/2013\/02\/img_3868.jpg 804w, https:\/\/www.galeriadocrashed.com\/site\/wp-content\/uploads\/2013\/02\/img_3868-300x200.jpg 300w, https:\/\/www.galeriadocrashed.com\/site\/wp-content\/uploads\/2013\/02\/img_3868-768x513.jpg 768w\" sizes=\"auto, (max-width: 300px) 100vw, 300px\" \/><img loading=\"lazy\" decoding=\"async\" class=\" size-full wp-image-2436\" src=\"https:\/\/www.galeriadocrashed.com\/wordpress\/wp-content\/uploads\/2013\/02\/img_3816.jpg\" border=\"0\" alt=\"SerrasFafe_2013_3816\" width=\"300\" height=\"200\" srcset=\"https:\/\/www.galeriadocrashed.com\/site\/wp-content\/uploads\/2013\/02\/img_3816.jpg 804w, https:\/\/www.galeriadocrashed.com\/site\/wp-content\/uploads\/2013\/02\/img_3816-300x200.jpg 300w, https:\/\/www.galeriadocrashed.com\/site\/wp-content\/uploads\/2013\/02\/img_3816-768x513.jpg 768w\" sizes=\"auto, (max-width: 300px) 100vw, 300px\" \/><\/td>\n<td>\u00a0<\/td>\n<\/tr>\n<\/tbody>\n<\/table>\n<p>No CPR 2L\/2RM Ricardo Marques (Citroen C2 R2Max) foi o vencedor, enquanto que no campeonato Open, Carlos Martins revelou-se imbat\u00edvel ao volante do EVO VII.<\/p>\n<table border=\"0\" align=\"center\">\n<tbody>\n<tr>\n<td><img loading=\"lazy\" decoding=\"async\" class=\" size-full wp-image-2437\" src=\"https:\/\/www.galeriadocrashed.com\/wordpress\/wp-content\/uploads\/2013\/02\/img_3902.jpg\" border=\"0\" alt=\"SerrasFafe_2013_3902\" width=\"600\" height=\"387\" srcset=\"https:\/\/www.galeriadocrashed.com\/site\/wp-content\/uploads\/2013\/02\/img_3902.jpg 804w, https:\/\/www.galeriadocrashed.com\/site\/wp-content\/uploads\/2013\/02\/img_3902-300x193.jpg 300w, https:\/\/www.galeriadocrashed.com\/site\/wp-content\/uploads\/2013\/02\/img_3902-768x495.jpg 768w\" sizes=\"auto, (max-width: 600px) 100vw, 600px\" \/><\/td>\n<\/tr>\n<\/tbody>\n<\/table>\n<p>\u00a0<a href=\"index.php?option=com_wrapper&amp;view=wrapper&amp;Itemid=242\">CLIQUE AQUI<\/a> para aceder \u00e0 galeria de fotos desta prova.<\/p>\n<p>contas@galeriadocrashed.com<\/p>\n","protected":false},"excerpt":{"rendered":"<p>Aliando rapidez e exuber\u00e2ncia aos comandos do Peugeot 207 S2000, o madeirense e ex-campe\u00e3o nacional de ralis Bernardo Sousa venceu&hellip;<\/p>\n","protected":false},"author":1,"featured_media":2430,"comment_status":"closed","ping_status":"open","sticky":false,"template":"","format":"standard","meta":{"_seopress_robots_primary_cat":"","_seopress_titles_title":"","_seopress_titles_desc":"","_seopress_robots_index":"","ngg_post_thumbnail":0,"footnotes":""},"categories":[40],"tags":[],"class_list":["post-2438","post","type-post","status-publish","format-standard","has-post-thumbnail","hentry","category-competicao"],"_links":{"self":[{"href":"https:\/\/www.galeriadocrashed.com\/site\/wp-json\/wp\/v2\/posts\/2438","targetHints":{"allow":["GET"]}}],"collection":[{"href":"https:\/\/www.galeriadocrashed.com\/site\/wp-json\/wp\/v2\/posts"}],"about":[{"href":"https:\/\/www.galeriadocrashed.com\/site\/wp-json\/wp\/v2\/types\/post"}],"author":[{"embeddable":true,"href":"https:\/\/www.galeriadocrashed.com\/site\/wp-json\/wp\/v2\/users\/1"}],"replies":[{"embeddable":true,"href":"https:\/\/www.galeriadocrashed.com\/site\/wp-json\/wp\/v2\/comments?post=2438"}],"version-history":[{"count":1,"href":"https:\/\/www.galeriadocrashed.com\/site\/wp-json\/wp\/v2\/posts\/2438\/revisions"}],"predecessor-version":[{"id":3182,"href":"https:\/\/www.galeriadocrashed.com\/site\/wp-json\/wp\/v2\/posts\/2438\/revisions\/3182"}],"wp:featuredmedia":[{"embeddable":true,"href":"https:\/\/www.galeriadocrashed.com\/site\/wp-json\/wp\/v2\/media\/2430"}],"wp:attachment":[{"href":"https:\/\/www.galeriadocrashed.com\/site\/wp-json\/wp\/v2\/media?parent=2438"}],"wp:term":[{"taxonomy":"category","embeddable":true,"href":"https:\/\/www.galeriadocrashed.com\/site\/wp-json\/wp\/v2\/categories?post=2438"},{"taxonomy":"post_tag","embeddable":true,"href":"https:\/\/www.galeriadocrashed.com\/site\/wp-json\/wp\/v2\/tags?post=2438"}],"curies":[{"name":"wp","href":"https:\/\/api.w.org\/{rel}","templated":true}]}}