{"id":2442,"date":"2013-03-19T16:49:19","date_gmt":"2013-03-19T15:49:19","guid":{"rendered":"https:\/\/www.galeriadocrashed.com\/wordpress\/index.php\/2013\/03\/19\/rali-coracao-de-ouro-2013\/"},"modified":"2022-01-10T18:01:18","modified_gmt":"2022-01-10T17:01:18","slug":"rali-coracao-de-ouro-2013","status":"publish","type":"post","link":"https:\/\/www.galeriadocrashed.com\/site\/rali-coracao-de-ouro-2013\/","title":{"rendered":"Rali Cora\u00e7\u00e3o de Ouro 2013"},"content":{"rendered":"<div style=\"margin-top: 0px; margin-bottom: 0px;\" class=\"sharethis-inline-share-buttons\" ><\/div><p>Numa organiza\u00e7\u00e3o do <a href=\"http:\/\/gaspt.weebly.com\/\">GAS-Gondomar Autom\u00f3vel Sport<\/a> , foi para a estrada no passado Domingo a edi\u00e7\u00e3o de 2013 do Rali Cora\u00e7\u00e3o de Ouro. A exemplo dos anos anteriores,\u00a0 a prova disputou-se na classificativa da Lomba, sendo a mesma percorrida pelos concorrentes\u00a0 por quatro vezes.<\/p>\n<table border=\"0\" align=\"center\">\n<tbody>\n<tr>\n<td><img loading=\"lazy\" decoding=\"async\" class=\" size-full wp-image-2439\" src=\"https:\/\/www.galeriadocrashed.com\/wordpress\/wp-content\/uploads\/2013\/03\/img_4390-2.jpg\" border=\"0\" alt=\"Lomba_2013_4390\" width=\"600\" height=\"401\" srcset=\"https:\/\/www.galeriadocrashed.com\/site\/wp-content\/uploads\/2013\/03\/img_4390-2.jpg 804w, https:\/\/www.galeriadocrashed.com\/site\/wp-content\/uploads\/2013\/03\/img_4390-2-300x200.jpg 300w, https:\/\/www.galeriadocrashed.com\/site\/wp-content\/uploads\/2013\/03\/img_4390-2-768x513.jpg 768w\" sizes=\"auto, (max-width: 600px) 100vw, 600px\" \/><\/td>\n<\/tr>\n<\/tbody>\n<\/table>\n<p>Com muito p\u00fablico a assistir, Nuno Cardoso ao volante de um Mitsubishi EVO VIII dominou completamente a prova e terminou com quase um minuto de vantagem sobre Gaspar Pinto ao volante de um BMW 323.<\/p>\n<table border=\"0\" align=\"center\">\n<tbody>\n<tr>\n<td><img loading=\"lazy\" decoding=\"async\" class=\" size-full wp-image-2440\" src=\"https:\/\/www.galeriadocrashed.com\/wordpress\/wp-content\/uploads\/2013\/03\/img_4497-2.jpg\" border=\"0\" alt=\"Lomba_2013_4497\" width=\"600\" height=\"401\" srcset=\"https:\/\/www.galeriadocrashed.com\/site\/wp-content\/uploads\/2013\/03\/img_4497-2.jpg 804w, https:\/\/www.galeriadocrashed.com\/site\/wp-content\/uploads\/2013\/03\/img_4497-2-300x200.jpg 300w, https:\/\/www.galeriadocrashed.com\/site\/wp-content\/uploads\/2013\/03\/img_4497-2-768x513.jpg 768w\" sizes=\"auto, (max-width: 600px) 100vw, 600px\" \/><\/td>\n<\/tr>\n<tr>\n<td><img loading=\"lazy\" decoding=\"async\" class=\" size-full wp-image-2441\" src=\"https:\/\/www.galeriadocrashed.com\/wordpress\/wp-content\/uploads\/2013\/03\/img_4529-2.jpg\" border=\"0\" alt=\"Lomba_2013_4529\" width=\"600\" height=\"401\" srcset=\"https:\/\/www.galeriadocrashed.com\/site\/wp-content\/uploads\/2013\/03\/img_4529-2.jpg 804w, https:\/\/www.galeriadocrashed.com\/site\/wp-content\/uploads\/2013\/03\/img_4529-2-300x200.jpg 300w, https:\/\/www.galeriadocrashed.com\/site\/wp-content\/uploads\/2013\/03\/img_4529-2-768x513.jpg 768w\" sizes=\"auto, (max-width: 600px) 100vw, 600px\" \/><\/td>\n<\/tr>\n<\/tbody>\n<\/table>\n<p><a href=\"index.php?option=com_wrapper&amp;view=wrapper&amp;Itemid=315\">CLIQUE AQUI<\/a> para aceder \u00e0 galeria de fotos desta prova.<\/p>\n<p>contas@galeriadocrashed.com<\/p>\n","protected":false},"excerpt":{"rendered":"<p>Numa organiza\u00e7\u00e3o do GAS-Gondomar Autom\u00f3vel Sport , foi para a estrada no passado Domingo a edi\u00e7\u00e3o de 2013 do Rali&hellip;<\/p>\n","protected":false},"author":1,"featured_media":2439,"comment_status":"closed","ping_status":"open","sticky":false,"template":"","format":"standard","meta":{"_seopress_robots_primary_cat":"","_seopress_titles_title":"","_seopress_titles_desc":"","_seopress_robots_index":"","ngg_post_thumbnail":0,"footnotes":""},"categories":[40],"tags":[],"class_list":["post-2442","post","type-post","status-publish","format-standard","has-post-thumbnail","hentry","category-competicao"],"_links":{"self":[{"href":"https:\/\/www.galeriadocrashed.com\/site\/wp-json\/wp\/v2\/posts\/2442","targetHints":{"allow":["GET"]}}],"collection":[{"href":"https:\/\/www.galeriadocrashed.com\/site\/wp-json\/wp\/v2\/posts"}],"about":[{"href":"https:\/\/www.galeriadocrashed.com\/site\/wp-json\/wp\/v2\/types\/post"}],"author":[{"embeddable":true,"href":"https:\/\/www.galeriadocrashed.com\/site\/wp-json\/wp\/v2\/users\/1"}],"replies":[{"embeddable":true,"href":"https:\/\/www.galeriadocrashed.com\/site\/wp-json\/wp\/v2\/comments?post=2442"}],"version-history":[{"count":1,"href":"https:\/\/www.galeriadocrashed.com\/site\/wp-json\/wp\/v2\/posts\/2442\/revisions"}],"predecessor-version":[{"id":3181,"href":"https:\/\/www.galeriadocrashed.com\/site\/wp-json\/wp\/v2\/posts\/2442\/revisions\/3181"}],"wp:featuredmedia":[{"embeddable":true,"href":"https:\/\/www.galeriadocrashed.com\/site\/wp-json\/wp\/v2\/media\/2439"}],"wp:attachment":[{"href":"https:\/\/www.galeriadocrashed.com\/site\/wp-json\/wp\/v2\/media?parent=2442"}],"wp:term":[{"taxonomy":"category","embeddable":true,"href":"https:\/\/www.galeriadocrashed.com\/site\/wp-json\/wp\/v2\/categories?post=2442"},{"taxonomy":"post_tag","embeddable":true,"href":"https:\/\/www.galeriadocrashed.com\/site\/wp-json\/wp\/v2\/tags?post=2442"}],"curies":[{"name":"wp","href":"https:\/\/api.w.org\/{rel}","templated":true}]}}