{"id":2477,"date":"2013-06-09T11:36:13","date_gmt":"2013-06-09T10:36:13","guid":{"rendered":"https:\/\/www.galeriadocrashed.com\/wordpress\/index.php\/2013\/06\/09\/2013-06-08-50-anos-porsche-911-cascais\/"},"modified":"2022-01-10T18:01:18","modified_gmt":"2022-01-10T17:01:18","slug":"2013-06-08-50-anos-porsche-911-cascais","status":"publish","type":"post","link":"https:\/\/www.galeriadocrashed.com\/site\/2013-06-08-50-anos-porsche-911-cascais\/","title":{"rendered":"2013-06-08 50 anos Porsche 911 @ Cascais"},"content":{"rendered":"<div style=\"margin-top: 0px; margin-bottom: 0px;\" class=\"sharethis-inline-share-buttons\" ><\/div><p>\u00a0Realizou-se no passado dia 08 de Junho as comemora\u00e7\u00f5es dos 50 anos do modelo m\u00edtico Porsche 911, tendo como \u00a0 ponto de partida a Marina de Cascais, onde se inicio um desfile de mais de 200 exemplares deste modelo at\u00e9 aos jardins do Casino do Estoril<\/p>\n<p><img loading=\"lazy\" decoding=\"async\" class=\" size-full wp-image-2469\" src=\"https:\/\/www.galeriadocrashed.com\/wordpress\/wp-content\/uploads\/2013\/06\/mg_2696.jpg\" border=\"0\" alt=\"911 Cascais\" width=\"640\" height=\"426\" srcset=\"https:\/\/www.galeriadocrashed.com\/site\/wp-content\/uploads\/2013\/06\/mg_2696.jpg 800w, https:\/\/www.galeriadocrashed.com\/site\/wp-content\/uploads\/2013\/06\/mg_2696-300x200.jpg 300w, https:\/\/www.galeriadocrashed.com\/site\/wp-content\/uploads\/2013\/06\/mg_2696-768x512.jpg 768w\" sizes=\"auto, (max-width: 640px) 100vw, 640px\" \/><\/p>\n<p>\u00a0<\/p>\n<table border=\"0\">\n<tbody>\n<tr>\n<td><img loading=\"lazy\" decoding=\"async\" class=\" size-full wp-image-2470\" src=\"https:\/\/www.galeriadocrashed.com\/wordpress\/wp-content\/uploads\/2013\/06\/mg_2553.jpg\" border=\"0\" width=\"200\" height=\"133\" srcset=\"https:\/\/www.galeriadocrashed.com\/site\/wp-content\/uploads\/2013\/06\/mg_2553.jpg 800w, https:\/\/www.galeriadocrashed.com\/site\/wp-content\/uploads\/2013\/06\/mg_2553-300x200.jpg 300w, https:\/\/www.galeriadocrashed.com\/site\/wp-content\/uploads\/2013\/06\/mg_2553-768x512.jpg 768w\" sizes=\"auto, (max-width: 200px) 100vw, 200px\" \/><\/td>\n<td><img loading=\"lazy\" decoding=\"async\" class=\" size-full wp-image-2471\" src=\"https:\/\/www.galeriadocrashed.com\/wordpress\/wp-content\/uploads\/2013\/06\/mg_2590.jpg\" border=\"0\" alt=\"911 cascais\" width=\"200\" height=\"133\" srcset=\"https:\/\/www.galeriadocrashed.com\/site\/wp-content\/uploads\/2013\/06\/mg_2590.jpg 800w, https:\/\/www.galeriadocrashed.com\/site\/wp-content\/uploads\/2013\/06\/mg_2590-300x200.jpg 300w, https:\/\/www.galeriadocrashed.com\/site\/wp-content\/uploads\/2013\/06\/mg_2590-768x512.jpg 768w\" sizes=\"auto, (max-width: 200px) 100vw, 200px\" \/><\/td>\n<td><img loading=\"lazy\" decoding=\"async\" class=\" size-full wp-image-2472\" src=\"https:\/\/www.galeriadocrashed.com\/wordpress\/wp-content\/uploads\/2013\/06\/mg_2522.jpg\" border=\"0\" alt=\"911 cascais\" width=\"200\" height=\"133\" srcset=\"https:\/\/www.galeriadocrashed.com\/site\/wp-content\/uploads\/2013\/06\/mg_2522.jpg 800w, https:\/\/www.galeriadocrashed.com\/site\/wp-content\/uploads\/2013\/06\/mg_2522-300x200.jpg 300w, https:\/\/www.galeriadocrashed.com\/site\/wp-content\/uploads\/2013\/06\/mg_2522-768x512.jpg 768w\" sizes=\"auto, (max-width: 200px) 100vw, 200px\" \/><\/td>\n<\/tr>\n<\/tbody>\n<\/table>\n<p>Ap\u00f3s o desfile ouve uma prova de regularidade onde s\u00f3 alguns dos participantes estavam incritos, que levou os mesmos a fazerem os trajectos do antigo rali de Portugal passando pela mitica serra de Sintra<\/p>\n<p><img loading=\"lazy\" decoding=\"async\" class=\" size-full wp-image-2473\" src=\"https:\/\/www.galeriadocrashed.com\/wordpress\/wp-content\/uploads\/2013\/06\/mg_3090.jpg\" border=\"0\" alt=\"911 Sintra\" width=\"640\" height=\"426\" srcset=\"https:\/\/www.galeriadocrashed.com\/site\/wp-content\/uploads\/2013\/06\/mg_3090.jpg 800w, https:\/\/www.galeriadocrashed.com\/site\/wp-content\/uploads\/2013\/06\/mg_3090-300x200.jpg 300w, https:\/\/www.galeriadocrashed.com\/site\/wp-content\/uploads\/2013\/06\/mg_3090-768x512.jpg 768w\" sizes=\"auto, (max-width: 640px) 100vw, 640px\" \/><\/p>\n<table border=\"0\">\n<tbody>\n<tr>\n<td><img loading=\"lazy\" decoding=\"async\" class=\" size-full wp-image-2474\" src=\"https:\/\/www.galeriadocrashed.com\/wordpress\/wp-content\/uploads\/2013\/06\/mg_2959.jpg\" border=\"0\" alt=\"911 sintra\" width=\"200\" height=\"133\" srcset=\"https:\/\/www.galeriadocrashed.com\/site\/wp-content\/uploads\/2013\/06\/mg_2959.jpg 800w, https:\/\/www.galeriadocrashed.com\/site\/wp-content\/uploads\/2013\/06\/mg_2959-300x200.jpg 300w, https:\/\/www.galeriadocrashed.com\/site\/wp-content\/uploads\/2013\/06\/mg_2959-768x512.jpg 768w\" sizes=\"auto, (max-width: 200px) 100vw, 200px\" \/><\/td>\n<td><img loading=\"lazy\" decoding=\"async\" class=\" size-full wp-image-2475\" src=\"https:\/\/www.galeriadocrashed.com\/wordpress\/wp-content\/uploads\/2013\/06\/mg_3075.jpg\" border=\"0\" alt=\"911 sintra\" width=\"200\" height=\"133\" srcset=\"https:\/\/www.galeriadocrashed.com\/site\/wp-content\/uploads\/2013\/06\/mg_3075.jpg 800w, https:\/\/www.galeriadocrashed.com\/site\/wp-content\/uploads\/2013\/06\/mg_3075-300x200.jpg 300w, https:\/\/www.galeriadocrashed.com\/site\/wp-content\/uploads\/2013\/06\/mg_3075-768x512.jpg 768w\" sizes=\"auto, (max-width: 200px) 100vw, 200px\" \/><\/td>\n<td><img loading=\"lazy\" decoding=\"async\" class=\" size-full wp-image-2476\" src=\"https:\/\/www.galeriadocrashed.com\/wordpress\/wp-content\/uploads\/2013\/06\/mg_3070.jpg\" border=\"0\" alt=\"911 sintra\" width=\"200\" height=\"133\" srcset=\"https:\/\/www.galeriadocrashed.com\/site\/wp-content\/uploads\/2013\/06\/mg_3070.jpg 800w, https:\/\/www.galeriadocrashed.com\/site\/wp-content\/uploads\/2013\/06\/mg_3070-300x200.jpg 300w, https:\/\/www.galeriadocrashed.com\/site\/wp-content\/uploads\/2013\/06\/mg_3070-768x512.jpg 768w\" sizes=\"auto, (max-width: 200px) 100vw, 200px\" \/><\/td>\n<\/tr>\n<\/tbody>\n<\/table>\n<p>\u00a0<\/p>\n<p><a href=\"2013-06-09-50-anos-porsche-911-cascais.html\">CLIQUE AQUI<\/a><span>\u00a0para ver as restantes fotos na nossa galeria de imagens.<\/span><\/p>\n<p><a href=\"mailto:crashed@galeriadocrashed.com\">crashed@galeriadocrashed.com<\/a><\/p>\n<p><span>\u00a0<\/span><\/p>\n<p><span>\u00a0<\/span><\/p>\n<p>\u00a0<\/p>\n","protected":false},"excerpt":{"rendered":"<p>\u00a0Realizou-se no passado dia 08 de Junho as comemora\u00e7\u00f5es dos 50 anos do modelo m\u00edtico Porsche 911, tendo como \u00a0&hellip;<\/p>\n","protected":false},"author":1,"featured_media":2469,"comment_status":"closed","ping_status":"open","sticky":false,"template":"","format":"standard","meta":{"_seopress_robots_primary_cat":"","_seopress_titles_title":"","_seopress_titles_desc":"","_seopress_robots_index":"","ngg_post_thumbnail":0,"footnotes":""},"categories":[40],"tags":[],"class_list":["post-2477","post","type-post","status-publish","format-standard","has-post-thumbnail","hentry","category-competicao"],"_links":{"self":[{"href":"https:\/\/www.galeriadocrashed.com\/site\/wp-json\/wp\/v2\/posts\/2477","targetHints":{"allow":["GET"]}}],"collection":[{"href":"https:\/\/www.galeriadocrashed.com\/site\/wp-json\/wp\/v2\/posts"}],"about":[{"href":"https:\/\/www.galeriadocrashed.com\/site\/wp-json\/wp\/v2\/types\/post"}],"author":[{"embeddable":true,"href":"https:\/\/www.galeriadocrashed.com\/site\/wp-json\/wp\/v2\/users\/1"}],"replies":[{"embeddable":true,"href":"https:\/\/www.galeriadocrashed.com\/site\/wp-json\/wp\/v2\/comments?post=2477"}],"version-history":[{"count":1,"href":"https:\/\/www.galeriadocrashed.com\/site\/wp-json\/wp\/v2\/posts\/2477\/revisions"}],"predecessor-version":[{"id":3178,"href":"https:\/\/www.galeriadocrashed.com\/site\/wp-json\/wp\/v2\/posts\/2477\/revisions\/3178"}],"wp:featuredmedia":[{"embeddable":true,"href":"https:\/\/www.galeriadocrashed.com\/site\/wp-json\/wp\/v2\/media\/2469"}],"wp:attachment":[{"href":"https:\/\/www.galeriadocrashed.com\/site\/wp-json\/wp\/v2\/media?parent=2477"}],"wp:term":[{"taxonomy":"category","embeddable":true,"href":"https:\/\/www.galeriadocrashed.com\/site\/wp-json\/wp\/v2\/categories?post=2477"},{"taxonomy":"post_tag","embeddable":true,"href":"https:\/\/www.galeriadocrashed.com\/site\/wp-json\/wp\/v2\/tags?post=2477"}],"curies":[{"name":"wp","href":"https:\/\/api.w.org\/{rel}","templated":true}]}}