{"id":2493,"date":"2013-06-24T15:20:25","date_gmt":"2013-06-24T14:20:25","guid":{"rendered":"https:\/\/www.galeriadocrashed.com\/wordpress\/index.php\/2013\/06\/24\/2013-06-22-encontro-nacional-aja\/"},"modified":"2022-01-10T18:27:07","modified_gmt":"2022-01-10T17:27:07","slug":"2013-06-22-encontro-nacional-aja","status":"publish","type":"post","link":"https:\/\/www.galeriadocrashed.com\/site\/2013-06-22-encontro-nacional-aja\/","title":{"rendered":"2013-06-22 Encontro Nacional AJA"},"content":{"rendered":"<div style=\"margin-top: 0px; margin-bottom: 0px;\" class=\"sharethis-inline-share-buttons\" ><\/div><p>Realizou-se no passado dia 22 de Junho o Encontro Nacional do AJA (<a href=\"http:\/\/www.amigosjaponesesantigos.pt\/forum\/index.php?topic=8812.120\" target=\"_blank\" rel=\"noopener\">www.amigosjaponesesantigos.pt<\/a>) na zona das Caldas da Rainha.<\/p>\n<p>O Encontro iniciou-se com um pequeno almo\u00e7o no stand da Toyota das Caldas da Rainha<\/p>\n<p><img loading=\"lazy\" decoding=\"async\" class=\" size-full wp-image-2478\" src=\"https:\/\/www.galeriadocrashed.com\/wordpress\/wp-content\/uploads\/2013\/06\/mg_3478.jpg\" border=\"0\" alt=\"NAcional AJA\" width=\"640\" height=\"426\" srcset=\"https:\/\/www.galeriadocrashed.com\/site\/wp-content\/uploads\/2013\/06\/mg_3478.jpg 800w, https:\/\/www.galeriadocrashed.com\/site\/wp-content\/uploads\/2013\/06\/mg_3478-300x200.jpg 300w, https:\/\/www.galeriadocrashed.com\/site\/wp-content\/uploads\/2013\/06\/mg_3478-768x512.jpg 768w\" sizes=\"auto, (max-width: 640px) 100vw, 640px\" \/><\/p>\n<p>Passando depois por um passeio pela zona com recurso a Road Book,<\/p>\n<p><img loading=\"lazy\" decoding=\"async\" class=\" size-full wp-image-2479\" src=\"https:\/\/www.galeriadocrashed.com\/wordpress\/wp-content\/uploads\/2013\/06\/mg_3575.jpg\" border=\"0\" alt=\"NAcional AJA\" width=\"640\" height=\"426\" srcset=\"https:\/\/www.galeriadocrashed.com\/site\/wp-content\/uploads\/2013\/06\/mg_3575.jpg 800w, https:\/\/www.galeriadocrashed.com\/site\/wp-content\/uploads\/2013\/06\/mg_3575-300x200.jpg 300w, https:\/\/www.galeriadocrashed.com\/site\/wp-content\/uploads\/2013\/06\/mg_3575-768x512.jpg 768w\" sizes=\"auto, (max-width: 640px) 100vw, 640px\" \/><\/p>\n<p><span style=\"line-height: 1.3em;\">paragem a meio da manh\u00e3 na Frut\u00f3bidos onde se pode aprender como fazem a famosa Ginginha de \u00d3bidos e provar a mesma.<\/span><\/p>\n<p>\u00a0<img loading=\"lazy\" decoding=\"async\" class=\" size-full wp-image-2480\" src=\"https:\/\/www.galeriadocrashed.com\/wordpress\/wp-content\/uploads\/2013\/06\/mg_3624.jpg\" border=\"0\" alt=\"Nacional AJA\" width=\"400\" height=\"600\" srcset=\"https:\/\/www.galeriadocrashed.com\/site\/wp-content\/uploads\/2013\/06\/mg_3624.jpg 400w, https:\/\/www.galeriadocrashed.com\/site\/wp-content\/uploads\/2013\/06\/mg_3624-200x300.jpg 200w\" sizes=\"auto, (max-width: 400px) 100vw, 400px\" \/><\/p>\n<p><img loading=\"lazy\" decoding=\"async\" class=\" size-full wp-image-2481\" src=\"https:\/\/www.galeriadocrashed.com\/wordpress\/wp-content\/uploads\/2013\/06\/mg_3613.jpg\" border=\"0\" alt=\"Nacional AJA\" width=\"640\" height=\"426\" srcset=\"https:\/\/www.galeriadocrashed.com\/site\/wp-content\/uploads\/2013\/06\/mg_3613.jpg 800w, https:\/\/www.galeriadocrashed.com\/site\/wp-content\/uploads\/2013\/06\/mg_3613-300x200.jpg 300w, https:\/\/www.galeriadocrashed.com\/site\/wp-content\/uploads\/2013\/06\/mg_3613-768x512.jpg 768w\" sizes=\"auto, (max-width: 640px) 100vw, 640px\" \/><\/p>\n<p><!--more--><\/p>\n<p>\u00a0<\/p>\n<p>De volta a estrada rumo ao Bombarral para almo\u00e7o na Escola Sede do agrupamento de Escolas Fern\u00e3o do P\u00f3.<\/p>\n<p>\u00a0<img loading=\"lazy\" decoding=\"async\" class=\" size-full wp-image-2482\" src=\"https:\/\/www.galeriadocrashed.com\/wordpress\/wp-content\/uploads\/2013\/06\/mg_3700.jpg\" border=\"0\" alt=\"Nacional AJA\" width=\"640\" height=\"426\" srcset=\"https:\/\/www.galeriadocrashed.com\/site\/wp-content\/uploads\/2013\/06\/mg_3700.jpg 800w, https:\/\/www.galeriadocrashed.com\/site\/wp-content\/uploads\/2013\/06\/mg_3700-300x200.jpg 300w, https:\/\/www.galeriadocrashed.com\/site\/wp-content\/uploads\/2013\/06\/mg_3700-768x512.jpg 768w\" sizes=\"auto, (max-width: 640px) 100vw, 640px\" \/><\/p>\n<p>Depois de almo\u00e7o seguiu-se novo passeio com recurso a road book at\u00e9 a a Serra de Montejunto com visita as ruinas do \u00a0Convento dos Dominicanos<\/p>\n<p>\u00a0<img loading=\"lazy\" decoding=\"async\" class=\" size-full wp-image-2483\" src=\"https:\/\/www.galeriadocrashed.com\/wordpress\/wp-content\/uploads\/2013\/06\/mg_3720.jpg\" border=\"0\" alt=\"Nacional AJA\" width=\"800\" height=\"533\" srcset=\"https:\/\/www.galeriadocrashed.com\/site\/wp-content\/uploads\/2013\/06\/mg_3720.jpg 800w, https:\/\/www.galeriadocrashed.com\/site\/wp-content\/uploads\/2013\/06\/mg_3720-300x200.jpg 300w, https:\/\/www.galeriadocrashed.com\/site\/wp-content\/uploads\/2013\/06\/mg_3720-768x512.jpg 768w\" sizes=\"auto, (max-width: 800px) 100vw, 800px\" \/><\/p>\n<p>De seguida visita a Real F\u00e1brica do Gelo com direito a lanche e bolo de Anivers\u00e1rio em comemora\u00e7\u00e3o dos 10 anos do AJA<\/p>\n<p>\u00a0<img loading=\"lazy\" decoding=\"async\" class=\" size-full wp-image-2484\" src=\"https:\/\/www.galeriadocrashed.com\/wordpress\/wp-content\/uploads\/2013\/06\/mg_3820.jpg\" border=\"0\" alt=\"NAcional AJA\" width=\"640\" height=\"426\" srcset=\"https:\/\/www.galeriadocrashed.com\/site\/wp-content\/uploads\/2013\/06\/mg_3820.jpg 800w, https:\/\/www.galeriadocrashed.com\/site\/wp-content\/uploads\/2013\/06\/mg_3820-300x200.jpg 300w, https:\/\/www.galeriadocrashed.com\/site\/wp-content\/uploads\/2013\/06\/mg_3820-768x512.jpg 768w\" sizes=\"auto, (max-width: 640px) 100vw, 640px\" \/><\/p>\n<p><img loading=\"lazy\" decoding=\"async\" class=\" size-full wp-image-2485\" src=\"https:\/\/www.galeriadocrashed.com\/wordpress\/wp-content\/uploads\/2013\/06\/mg_3826.jpg\" border=\"0\" alt=\"Nacional AJA\" width=\"400\" height=\"600\" srcset=\"https:\/\/www.galeriadocrashed.com\/site\/wp-content\/uploads\/2013\/06\/mg_3826.jpg 400w, https:\/\/www.galeriadocrashed.com\/site\/wp-content\/uploads\/2013\/06\/mg_3826-200x300.jpg 200w\" sizes=\"auto, (max-width: 400px) 100vw, 400px\" \/><\/p>\n<p><img loading=\"lazy\" decoding=\"async\" class=\" size-full wp-image-2486\" src=\"https:\/\/www.galeriadocrashed.com\/wordpress\/wp-content\/uploads\/2013\/06\/mg_3839.jpg\" border=\"0\" alt=\"Nacional AJA\" width=\"640\" height=\"426\" srcset=\"https:\/\/www.galeriadocrashed.com\/site\/wp-content\/uploads\/2013\/06\/mg_3839.jpg 800w, https:\/\/www.galeriadocrashed.com\/site\/wp-content\/uploads\/2013\/06\/mg_3839-300x200.jpg 300w, https:\/\/www.galeriadocrashed.com\/site\/wp-content\/uploads\/2013\/06\/mg_3839-768x512.jpg 768w\" sizes=\"auto, (max-width: 640px) 100vw, 640px\" \/><\/p>\n<p><img loading=\"lazy\" decoding=\"async\" class=\" size-full wp-image-2487\" src=\"https:\/\/www.galeriadocrashed.com\/wordpress\/wp-content\/uploads\/2013\/06\/mg_3848.jpg\" border=\"0\" alt=\"Nacional AJA\" width=\"640\" height=\"426\" srcset=\"https:\/\/www.galeriadocrashed.com\/site\/wp-content\/uploads\/2013\/06\/mg_3848.jpg 800w, https:\/\/www.galeriadocrashed.com\/site\/wp-content\/uploads\/2013\/06\/mg_3848-300x200.jpg 300w, https:\/\/www.galeriadocrashed.com\/site\/wp-content\/uploads\/2013\/06\/mg_3848-768x512.jpg 768w\" sizes=\"auto, (max-width: 640px) 100vw, 640px\" \/><\/p>\n<p><img loading=\"lazy\" decoding=\"async\" class=\" size-full wp-image-2488\" src=\"https:\/\/www.galeriadocrashed.com\/wordpress\/wp-content\/uploads\/2013\/06\/mg_3849.jpg\" border=\"0\" alt=\"NAcional AJA\" width=\"640\" height=\"426\" srcset=\"https:\/\/www.galeriadocrashed.com\/site\/wp-content\/uploads\/2013\/06\/mg_3849.jpg 800w, https:\/\/www.galeriadocrashed.com\/site\/wp-content\/uploads\/2013\/06\/mg_3849-300x200.jpg 300w, https:\/\/www.galeriadocrashed.com\/site\/wp-content\/uploads\/2013\/06\/mg_3849-768x512.jpg 768w\" sizes=\"auto, (max-width: 640px) 100vw, 640px\" \/><\/p>\n<p>Finalmente rumou-se ao Kart\u00f3dromo do Bombarral para soltar os cavalos das maquinas onde foi feita uma prova de regularidade ganhando o piloto que fosse mais r\u00e1pido e mais consistente nas duas voltas efectuadas ao circuito.<\/p>\n<p><img loading=\"lazy\" decoding=\"async\" class=\" size-full wp-image-2489\" src=\"https:\/\/www.galeriadocrashed.com\/wordpress\/wp-content\/uploads\/2013\/06\/mg_3892.jpg\" border=\"0\" alt=\"NAcional AJA\" width=\"640\" height=\"426\" srcset=\"https:\/\/www.galeriadocrashed.com\/site\/wp-content\/uploads\/2013\/06\/mg_3892.jpg 800w, https:\/\/www.galeriadocrashed.com\/site\/wp-content\/uploads\/2013\/06\/mg_3892-300x200.jpg 300w, https:\/\/www.galeriadocrashed.com\/site\/wp-content\/uploads\/2013\/06\/mg_3892-768x512.jpg 768w\" sizes=\"auto, (max-width: 640px) 100vw, 640px\" \/><\/p>\n<p><img loading=\"lazy\" decoding=\"async\" class=\" size-full wp-image-2490\" src=\"https:\/\/www.galeriadocrashed.com\/wordpress\/wp-content\/uploads\/2013\/06\/mg_3971.jpg\" border=\"0\" alt=\"NAcional AJA\" width=\"640\" height=\"426\" srcset=\"https:\/\/www.galeriadocrashed.com\/site\/wp-content\/uploads\/2013\/06\/mg_3971.jpg 800w, https:\/\/www.galeriadocrashed.com\/site\/wp-content\/uploads\/2013\/06\/mg_3971-300x200.jpg 300w, https:\/\/www.galeriadocrashed.com\/site\/wp-content\/uploads\/2013\/06\/mg_3971-768x512.jpg 768w\" sizes=\"auto, (max-width: 640px) 100vw, 640px\" \/><\/p>\n<p><img loading=\"lazy\" decoding=\"async\" class=\" size-full wp-image-2491\" src=\"https:\/\/www.galeriadocrashed.com\/wordpress\/wp-content\/uploads\/2013\/06\/mg_4004.jpg\" border=\"0\" alt=\"NAcional AJA\" width=\"640\" height=\"426\" srcset=\"https:\/\/www.galeriadocrashed.com\/site\/wp-content\/uploads\/2013\/06\/mg_4004.jpg 800w, https:\/\/www.galeriadocrashed.com\/site\/wp-content\/uploads\/2013\/06\/mg_4004-300x200.jpg 300w, https:\/\/www.galeriadocrashed.com\/site\/wp-content\/uploads\/2013\/06\/mg_4004-768x512.jpg 768w\" sizes=\"auto, (max-width: 640px) 100vw, 640px\" \/><\/p>\n<p>\u00a0<\/p>\n<p>Foto de fam\u00edlia<\/p>\n<p><img loading=\"lazy\" decoding=\"async\" class=\" size-full wp-image-2492\" src=\"https:\/\/www.galeriadocrashed.com\/wordpress\/wp-content\/uploads\/2013\/06\/mg_4092.jpg\" border=\"0\" alt=\"NAcional AJA\" width=\"640\" height=\"426\" srcset=\"https:\/\/www.galeriadocrashed.com\/site\/wp-content\/uploads\/2013\/06\/mg_4092.jpg 800w, https:\/\/www.galeriadocrashed.com\/site\/wp-content\/uploads\/2013\/06\/mg_4092-300x200.jpg 300w, https:\/\/www.galeriadocrashed.com\/site\/wp-content\/uploads\/2013\/06\/mg_4092-768x512.jpg 768w\" sizes=\"auto, (max-width: 640px) 100vw, 640px\" \/><\/p>\n<p>Para completar deixamos os parab\u00e9ns ao AJA tanto pelos 10 anos como pelo excelente evento que colocou de p\u00e9 pela al\u00e7ada do Lu\u00eds e do H\u00e9lder!<\/p>\n<p>\u00a0<\/p>\n<p><a href=\"2013-06-22-encontro-nacional-aja.html\">CLIQUE AQUI<\/a><span>\u00a0para ver as restantes fotos na nossa galeria de imagens.<\/span><\/p>\n<p><a href=\"mailto:crashed@galeriadocrashed.com\">crashed@galeriadocrashed.com<\/a><\/p>\n<p>\u00a0<\/p>\n","protected":false},"excerpt":{"rendered":"<p>Realizou-se no passado dia 22 de Junho o Encontro Nacional do AJA (www.amigosjaponesesantigos.pt) na zona das Caldas da Rainha. O&hellip;<\/p>\n","protected":false},"author":1,"featured_media":2478,"comment_status":"closed","ping_status":"open","sticky":false,"template":"","format":"standard","meta":{"_seopress_robots_primary_cat":"","_seopress_titles_title":"","_seopress_titles_desc":"","_seopress_robots_index":"","ngg_post_thumbnail":0,"footnotes":""},"categories":[39],"tags":[],"class_list":["post-2493","post","type-post","status-publish","format-standard","has-post-thumbnail","hentry","category-eventos-eventos"],"_links":{"self":[{"href":"https:\/\/www.galeriadocrashed.com\/site\/wp-json\/wp\/v2\/posts\/2493","targetHints":{"allow":["GET"]}}],"collection":[{"href":"https:\/\/www.galeriadocrashed.com\/site\/wp-json\/wp\/v2\/posts"}],"about":[{"href":"https:\/\/www.galeriadocrashed.com\/site\/wp-json\/wp\/v2\/types\/post"}],"author":[{"embeddable":true,"href":"https:\/\/www.galeriadocrashed.com\/site\/wp-json\/wp\/v2\/users\/1"}],"replies":[{"embeddable":true,"href":"https:\/\/www.galeriadocrashed.com\/site\/wp-json\/wp\/v2\/comments?post=2493"}],"version-history":[{"count":1,"href":"https:\/\/www.galeriadocrashed.com\/site\/wp-json\/wp\/v2\/posts\/2493\/revisions"}],"predecessor-version":[{"id":3177,"href":"https:\/\/www.galeriadocrashed.com\/site\/wp-json\/wp\/v2\/posts\/2493\/revisions\/3177"}],"wp:featuredmedia":[{"embeddable":true,"href":"https:\/\/www.galeriadocrashed.com\/site\/wp-json\/wp\/v2\/media\/2478"}],"wp:attachment":[{"href":"https:\/\/www.galeriadocrashed.com\/site\/wp-json\/wp\/v2\/media?parent=2493"}],"wp:term":[{"taxonomy":"category","embeddable":true,"href":"https:\/\/www.galeriadocrashed.com\/site\/wp-json\/wp\/v2\/categories?post=2493"},{"taxonomy":"post_tag","embeddable":true,"href":"https:\/\/www.galeriadocrashed.com\/site\/wp-json\/wp\/v2\/tags?post=2493"}],"curies":[{"name":"wp","href":"https:\/\/api.w.org\/{rel}","templated":true}]}}