{"id":2534,"date":"2013-10-22T14:25:32","date_gmt":"2013-10-22T13:25:32","guid":{"rendered":"https:\/\/www.galeriadocrashed.com\/wordpress\/index.php\/2013\/10\/22\/2013-10-19-estoril-motorsport-weekend-2013-trackday\/"},"modified":"2022-01-10T18:01:18","modified_gmt":"2022-01-10T17:01:18","slug":"2013-10-19-estoril-motorsport-weekend-2013-trackday","status":"publish","type":"post","link":"https:\/\/www.galeriadocrashed.com\/site\/2013-10-19-estoril-motorsport-weekend-2013-trackday\/","title":{"rendered":"2013-10-19 Estoril Motorsport Weekend 2013 (Trackday)"},"content":{"rendered":"<div style=\"margin-top: 0px; margin-bottom: 0px;\" class=\"sharethis-inline-share-buttons\" ><\/div><p><span class=\"userContent\">Realizou-se no passado fim de semana o Estoril Motorsport Weekend 2013, infelizmente devido a compromissos familiares s\u00f3 pudemos estar presentes na manh\u00e3 de s\u00e1bado, logo s\u00f3 dispomos de fotos do trackday.<\/span><\/p>\n<p><span class=\"userContent\"><img loading=\"lazy\" decoding=\"async\" class=\" size-full wp-image-2530\" src=\"https:\/\/www.galeriadocrashed.com\/wordpress\/wp-content\/uploads\/2013\/10\/mg_7182.jpg\" border=\"0\" alt=\"td 19-10-2013\" width=\"640\" height=\"426\" srcset=\"https:\/\/www.galeriadocrashed.com\/site\/wp-content\/uploads\/2013\/10\/mg_7182.jpg 800w, https:\/\/www.galeriadocrashed.com\/site\/wp-content\/uploads\/2013\/10\/mg_7182-300x200.jpg 300w, https:\/\/www.galeriadocrashed.com\/site\/wp-content\/uploads\/2013\/10\/mg_7182-768x512.jpg 768w\" sizes=\"auto, (max-width: 640px) 100vw, 640px\" \/><\/span><\/p>\n<p>\u00a0<\/p>\n<table border=\"0\">\n<tbody>\n<tr>\n<td><img loading=\"lazy\" decoding=\"async\" class=\" size-full wp-image-2531\" src=\"https:\/\/www.galeriadocrashed.com\/wordpress\/wp-content\/uploads\/2013\/10\/mg_6612.jpg\" border=\"0\" alt=\"td19102013\" width=\"200\" height=\"133\" srcset=\"https:\/\/www.galeriadocrashed.com\/site\/wp-content\/uploads\/2013\/10\/mg_6612.jpg 800w, https:\/\/www.galeriadocrashed.com\/site\/wp-content\/uploads\/2013\/10\/mg_6612-300x200.jpg 300w, https:\/\/www.galeriadocrashed.com\/site\/wp-content\/uploads\/2013\/10\/mg_6612-768x512.jpg 768w\" sizes=\"auto, (max-width: 200px) 100vw, 200px\" \/><\/td>\n<td><img loading=\"lazy\" decoding=\"async\" class=\" size-full wp-image-2532\" src=\"https:\/\/www.galeriadocrashed.com\/wordpress\/wp-content\/uploads\/2013\/10\/mg_6756.jpg\" border=\"0\" alt=\"td19102013\" width=\"200\" height=\"133\" srcset=\"https:\/\/www.galeriadocrashed.com\/site\/wp-content\/uploads\/2013\/10\/mg_6756.jpg 800w, https:\/\/www.galeriadocrashed.com\/site\/wp-content\/uploads\/2013\/10\/mg_6756-300x200.jpg 300w, https:\/\/www.galeriadocrashed.com\/site\/wp-content\/uploads\/2013\/10\/mg_6756-768x512.jpg 768w\" sizes=\"auto, (max-width: 200px) 100vw, 200px\" \/><\/td>\n<td><img loading=\"lazy\" decoding=\"async\" class=\" size-full wp-image-2533\" src=\"https:\/\/www.galeriadocrashed.com\/wordpress\/wp-content\/uploads\/2013\/10\/mg_6972.jpg\" border=\"0\" alt=\"td19102013\" width=\"200\" height=\"133\" srcset=\"https:\/\/www.galeriadocrashed.com\/site\/wp-content\/uploads\/2013\/10\/mg_6972.jpg 800w, https:\/\/www.galeriadocrashed.com\/site\/wp-content\/uploads\/2013\/10\/mg_6972-300x200.jpg 300w, https:\/\/www.galeriadocrashed.com\/site\/wp-content\/uploads\/2013\/10\/mg_6972-768x512.jpg 768w\" sizes=\"auto, (max-width: 200px) 100vw, 200px\" \/><\/td>\n<\/tr>\n<\/tbody>\n<\/table>\n<p>\u00a0<\/p>\n<p><a href=\"2013-10-19-trackday-estoril.html\">CLIQUE AQUI<\/a><span>\u00a0para ver as restantes fotos na nossa galeria de imagens.<\/span><\/p>\n<p><a href=\"mailto:crashed@galeriadocrashed.com\">crashed@galeriadocrashed.com<\/a><\/p>\n","protected":false},"excerpt":{"rendered":"<p>Realizou-se no passado fim de semana o Estoril Motorsport Weekend 2013, infelizmente devido a compromissos familiares s\u00f3 pudemos estar presentes&hellip;<\/p>\n","protected":false},"author":1,"featured_media":2530,"comment_status":"closed","ping_status":"open","sticky":false,"template":"","format":"standard","meta":{"_seopress_robots_primary_cat":"","_seopress_titles_title":"","_seopress_titles_desc":"","_seopress_robots_index":"","ngg_post_thumbnail":0,"footnotes":""},"categories":[40],"tags":[],"class_list":["post-2534","post","type-post","status-publish","format-standard","has-post-thumbnail","hentry","category-competicao"],"_links":{"self":[{"href":"https:\/\/www.galeriadocrashed.com\/site\/wp-json\/wp\/v2\/posts\/2534","targetHints":{"allow":["GET"]}}],"collection":[{"href":"https:\/\/www.galeriadocrashed.com\/site\/wp-json\/wp\/v2\/posts"}],"about":[{"href":"https:\/\/www.galeriadocrashed.com\/site\/wp-json\/wp\/v2\/types\/post"}],"author":[{"embeddable":true,"href":"https:\/\/www.galeriadocrashed.com\/site\/wp-json\/wp\/v2\/users\/1"}],"replies":[{"embeddable":true,"href":"https:\/\/www.galeriadocrashed.com\/site\/wp-json\/wp\/v2\/comments?post=2534"}],"version-history":[{"count":1,"href":"https:\/\/www.galeriadocrashed.com\/site\/wp-json\/wp\/v2\/posts\/2534\/revisions"}],"predecessor-version":[{"id":3173,"href":"https:\/\/www.galeriadocrashed.com\/site\/wp-json\/wp\/v2\/posts\/2534\/revisions\/3173"}],"wp:featuredmedia":[{"embeddable":true,"href":"https:\/\/www.galeriadocrashed.com\/site\/wp-json\/wp\/v2\/media\/2530"}],"wp:attachment":[{"href":"https:\/\/www.galeriadocrashed.com\/site\/wp-json\/wp\/v2\/media?parent=2534"}],"wp:term":[{"taxonomy":"category","embeddable":true,"href":"https:\/\/www.galeriadocrashed.com\/site\/wp-json\/wp\/v2\/categories?post=2534"},{"taxonomy":"post_tag","embeddable":true,"href":"https:\/\/www.galeriadocrashed.com\/site\/wp-json\/wp\/v2\/tags?post=2534"}],"curies":[{"name":"wp","href":"https:\/\/api.w.org\/{rel}","templated":true}]}}