{"id":2566,"date":"2014-01-28T21:09:00","date_gmt":"2014-01-28T20:09:00","guid":{"rendered":"https:\/\/www.galeriadocrashed.com\/wordpress\/index.php\/2014\/01\/28\/6-cam-rali-festival\/"},"modified":"2022-01-10T18:01:18","modified_gmt":"2022-01-10T17:01:18","slug":"6-cam-rali-festival","status":"publish","type":"post","link":"https:\/\/www.galeriadocrashed.com\/site\/6-cam-rali-festival\/","title":{"rendered":"6\u00ba CAM Rali Festival"},"content":{"rendered":"<div style=\"margin-top: 0px; margin-bottom: 0px;\" class=\"sharethis-inline-share-buttons\" ><\/div><p style=\"margin-bottom: 0cm;\">O <a href=\"http:\/\/www.camminho.com\/camsite\/\">Clube Autom\u00f3vel do Minho<\/a> realizou no passado fim-de-semana o seu 6\u00ba. CAM Rali Festival.<\/p>\n<p style=\"margin-bottom: 0cm;\">Como habitualmente, este evento foi concentrado no kartodromo internacional de Braga e no circuito Vasco Sameiro, mantendo o formato \u00fanico e inovador a n\u00edvel nacional e internacional que se traduz na jun\u00e7\u00e3o dos dois circuitos.<\/p>\n<p style=\"margin-bottom: 0cm;\">\u00a0Este verdadeiro espect\u00e1culo motorizado, atraiu uma vez mais muitas equipas e espectadores, com destaque para a grande ades\u00e3o espanhola. O baixo custo de participa\u00e7\u00e3o e a presen\u00e7a de bel\u00edssimas m\u00e1quinas de competi\u00e7\u00e3o, s\u00e3o sem d\u00favida um forte incentivo para ambos.<\/p>\n<p style=\"margin-bottom: 0cm;\">\u00a0<\/p>\n<table border=\"0\" align=\"center\">\n<tbody>\n<tr>\n<td><img loading=\"lazy\" decoding=\"async\" class=\" size-full wp-image-2555\" src=\"https:\/\/www.galeriadocrashed.com\/wordpress\/wp-content\/uploads\/2014\/01\/image00427.jpg\" border=\"0\" alt=\"CAMRF14427\" width=\"600\" height=\"401\" srcset=\"https:\/\/www.galeriadocrashed.com\/site\/wp-content\/uploads\/2014\/01\/image00427.jpg 804w, https:\/\/www.galeriadocrashed.com\/site\/wp-content\/uploads\/2014\/01\/image00427-300x200.jpg 300w, https:\/\/www.galeriadocrashed.com\/site\/wp-content\/uploads\/2014\/01\/image00427-768x513.jpg 768w\" sizes=\"auto, (max-width: 600px) 100vw, 600px\" \/>\u00a0<\/td>\n<\/tr>\n<tr>\n<td>\u00a0<img loading=\"lazy\" decoding=\"async\" class=\" size-full wp-image-2556\" src=\"https:\/\/www.galeriadocrashed.com\/wordpress\/wp-content\/uploads\/2014\/01\/image00210.jpg\" border=\"0\" alt=\"CAMRF14210\" width=\"600\" height=\"401\" style=\"vertical-align: middle;\" srcset=\"https:\/\/www.galeriadocrashed.com\/site\/wp-content\/uploads\/2014\/01\/image00210.jpg 804w, https:\/\/www.galeriadocrashed.com\/site\/wp-content\/uploads\/2014\/01\/image00210-300x200.jpg 300w, https:\/\/www.galeriadocrashed.com\/site\/wp-content\/uploads\/2014\/01\/image00210-768x513.jpg 768w\" sizes=\"auto, (max-width: 600px) 100vw, 600px\" \/><\/td>\n<\/tr>\n<tr>\n<td>\u00a0<img loading=\"lazy\" decoding=\"async\" class=\" size-full wp-image-2557\" src=\"https:\/\/www.galeriadocrashed.com\/wordpress\/wp-content\/uploads\/2014\/01\/image00366.jpg\" border=\"0\" alt=\"CAMRF14366\" width=\"600\" height=\"401\" style=\"vertical-align: middle;\" srcset=\"https:\/\/www.galeriadocrashed.com\/site\/wp-content\/uploads\/2014\/01\/image00366.jpg 804w, https:\/\/www.galeriadocrashed.com\/site\/wp-content\/uploads\/2014\/01\/image00366-300x200.jpg 300w, https:\/\/www.galeriadocrashed.com\/site\/wp-content\/uploads\/2014\/01\/image00366-768x513.jpg 768w\" sizes=\"auto, (max-width: 600px) 100vw, 600px\" \/><\/td>\n<\/tr>\n<\/tbody>\n<\/table>\n<p style=\"margin-bottom: 0cm;\">\u00a0No plano desportivo, Jos\u00e9 Iglesias em Mitsubishi Lancer EVO VIII foi o grande vencedor, tendo contado com forte oposi\u00e7\u00e3o do seu compatriota Manuel Senra ao volante do imponente Peugeot 306 Maxi. O p\u00f3dio foi completado pelo piloto portugu\u00eas Gon\u00e7alo Manahu que trouxe o seu bonito Porsche 911 GT3 para um ambiente diferente dio que lhe \u00e9 habitual.<\/p>\n<p style=\"margin-bottom: 0cm;\">\u00a0<\/p>\n<table border=\"0\" align=\"center\">\n<tbody>\n<tr>\n<td><img loading=\"lazy\" decoding=\"async\" class=\" size-full wp-image-2558\" src=\"https:\/\/www.galeriadocrashed.com\/wordpress\/wp-content\/uploads\/2014\/01\/image00188.jpg\" border=\"0\" alt=\"CAMRF14188\" width=\"200\" height=\"134\" style=\"vertical-align: middle;\" srcset=\"https:\/\/www.galeriadocrashed.com\/site\/wp-content\/uploads\/2014\/01\/image00188.jpg 804w, https:\/\/www.galeriadocrashed.com\/site\/wp-content\/uploads\/2014\/01\/image00188-300x200.jpg 300w, https:\/\/www.galeriadocrashed.com\/site\/wp-content\/uploads\/2014\/01\/image00188-768x513.jpg 768w\" sizes=\"auto, (max-width: 200px) 100vw, 200px\" \/><\/td>\n<td><img loading=\"lazy\" decoding=\"async\" class=\" size-full wp-image-2559\" src=\"https:\/\/www.galeriadocrashed.com\/wordpress\/wp-content\/uploads\/2014\/01\/image00129.jpg\" border=\"0\" alt=\"CAMRF14129\" width=\"200\" height=\"134\" style=\"vertical-align: middle;\" srcset=\"https:\/\/www.galeriadocrashed.com\/site\/wp-content\/uploads\/2014\/01\/image00129.jpg 804w, https:\/\/www.galeriadocrashed.com\/site\/wp-content\/uploads\/2014\/01\/image00129-300x200.jpg 300w, https:\/\/www.galeriadocrashed.com\/site\/wp-content\/uploads\/2014\/01\/image00129-768x513.jpg 768w\" sizes=\"auto, (max-width: 200px) 100vw, 200px\" \/><\/td>\n<td><img loading=\"lazy\" decoding=\"async\" class=\" size-full wp-image-2560\" src=\"https:\/\/www.galeriadocrashed.com\/wordpress\/wp-content\/uploads\/2014\/01\/image00363.jpg\" border=\"0\" alt=\"CAMRF14363\" width=\"200\" height=\"134\" style=\"vertical-align: middle;\" srcset=\"https:\/\/www.galeriadocrashed.com\/site\/wp-content\/uploads\/2014\/01\/image00363.jpg 804w, https:\/\/www.galeriadocrashed.com\/site\/wp-content\/uploads\/2014\/01\/image00363-300x200.jpg 300w, https:\/\/www.galeriadocrashed.com\/site\/wp-content\/uploads\/2014\/01\/image00363-768x513.jpg 768w\" sizes=\"auto, (max-width: 200px) 100vw, 200px\" \/><\/td>\n<\/tr>\n<tr>\n<td><img loading=\"lazy\" decoding=\"async\" class=\" size-full wp-image-2561\" src=\"https:\/\/www.galeriadocrashed.com\/wordpress\/wp-content\/uploads\/2014\/01\/image00422.jpg\" border=\"0\" alt=\"CAMRF14422\" width=\"200\" height=\"134\" style=\"vertical-align: middle;\" srcset=\"https:\/\/www.galeriadocrashed.com\/site\/wp-content\/uploads\/2014\/01\/image00422.jpg 804w, https:\/\/www.galeriadocrashed.com\/site\/wp-content\/uploads\/2014\/01\/image00422-300x200.jpg 300w, https:\/\/www.galeriadocrashed.com\/site\/wp-content\/uploads\/2014\/01\/image00422-768x513.jpg 768w\" sizes=\"auto, (max-width: 200px) 100vw, 200px\" \/><\/td>\n<td><img loading=\"lazy\" decoding=\"async\" class=\" size-full wp-image-2562\" src=\"https:\/\/www.galeriadocrashed.com\/wordpress\/wp-content\/uploads\/2014\/01\/image00297.jpg\" border=\"0\" alt=\"CAMRF14297\" width=\"200\" height=\"134\" srcset=\"https:\/\/www.galeriadocrashed.com\/site\/wp-content\/uploads\/2014\/01\/image00297.jpg 804w, https:\/\/www.galeriadocrashed.com\/site\/wp-content\/uploads\/2014\/01\/image00297-300x200.jpg 300w, https:\/\/www.galeriadocrashed.com\/site\/wp-content\/uploads\/2014\/01\/image00297-768x513.jpg 768w\" sizes=\"auto, (max-width: 200px) 100vw, 200px\" \/><\/td>\n<td><img loading=\"lazy\" decoding=\"async\" class=\" size-full wp-image-2563\" src=\"https:\/\/www.galeriadocrashed.com\/wordpress\/wp-content\/uploads\/2014\/01\/image00169.jpg\" border=\"0\" alt=\"CAMRF14169\" width=\"200\" height=\"134\" style=\"vertical-align: middle;\" srcset=\"https:\/\/www.galeriadocrashed.com\/site\/wp-content\/uploads\/2014\/01\/image00169.jpg 804w, https:\/\/www.galeriadocrashed.com\/site\/wp-content\/uploads\/2014\/01\/image00169-300x200.jpg 300w, https:\/\/www.galeriadocrashed.com\/site\/wp-content\/uploads\/2014\/01\/image00169-768x513.jpg 768w\" sizes=\"auto, (max-width: 200px) 100vw, 200px\" \/><\/td>\n<\/tr>\n<\/tbody>\n<\/table>\n<p style=\"margin-bottom: 0cm;\">Paralelamente disputou-se ainda o rali de regularidade, em que Pedro Martins ao volante de um Ford Escort saiu vitorioso e uma prova extra ao campeonato CIN 2014 na qual Jos\u00e9 Rodrigues imp\u00f4s a lei do muito competitivo Honda Civic.<\/p>\n<table border=\"0\" align=\"center\">\n<tbody>\n<tr>\n<td><img loading=\"lazy\" decoding=\"async\" class=\" size-full wp-image-2564\" src=\"https:\/\/www.galeriadocrashed.com\/wordpress\/wp-content\/uploads\/2014\/01\/image00121.jpg\" border=\"0\" alt=\"CAMRF14121\" width=\"300\" height=\"200\" style=\"vertical-align: middle;\" srcset=\"https:\/\/www.galeriadocrashed.com\/site\/wp-content\/uploads\/2014\/01\/image00121.jpg 804w, https:\/\/www.galeriadocrashed.com\/site\/wp-content\/uploads\/2014\/01\/image00121-300x200.jpg 300w, https:\/\/www.galeriadocrashed.com\/site\/wp-content\/uploads\/2014\/01\/image00121-768x513.jpg 768w\" sizes=\"auto, (max-width: 300px) 100vw, 300px\" \/><\/td>\n<td><img loading=\"lazy\" decoding=\"async\" class=\" size-full wp-image-2565\" src=\"https:\/\/www.galeriadocrashed.com\/wordpress\/wp-content\/uploads\/2014\/01\/image00251.jpg\" border=\"0\" alt=\"CAMRF14251\" width=\"300\" height=\"200\" srcset=\"https:\/\/www.galeriadocrashed.com\/site\/wp-content\/uploads\/2014\/01\/image00251.jpg 804w, https:\/\/www.galeriadocrashed.com\/site\/wp-content\/uploads\/2014\/01\/image00251-300x200.jpg 300w, https:\/\/www.galeriadocrashed.com\/site\/wp-content\/uploads\/2014\/01\/image00251-768x513.jpg 768w\" sizes=\"auto, (max-width: 300px) 100vw, 300px\" \/><\/td>\n<\/tr>\n<\/tbody>\n<\/table>\n<p style=\"margin-bottom: 0cm;\"><a href=\"index.php?option=com_wrapper&amp;view=wrapper&amp;Itemid=333\">CLIQUE AQUI<\/a> para aceder \u00e0 nossa galeria de fotos deste evento<\/p>\n<p style=\"margin-bottom: 0cm;\">contas@galeriadocrashed.com<\/p>\n","protected":false},"excerpt":{"rendered":"<p>O Clube Autom\u00f3vel do Minho realizou no passado fim-de-semana o seu 6\u00ba. CAM Rali Festival. Como habitualmente, este evento foi&hellip;<\/p>\n","protected":false},"author":1,"featured_media":2555,"comment_status":"closed","ping_status":"open","sticky":false,"template":"","format":"standard","meta":{"_seopress_robots_primary_cat":"","_seopress_titles_title":"","_seopress_titles_desc":"","_seopress_robots_index":"","ngg_post_thumbnail":0,"footnotes":""},"categories":[40],"tags":[],"class_list":["post-2566","post","type-post","status-publish","format-standard","has-post-thumbnail","hentry","category-competicao"],"_links":{"self":[{"href":"https:\/\/www.galeriadocrashed.com\/site\/wp-json\/wp\/v2\/posts\/2566","targetHints":{"allow":["GET"]}}],"collection":[{"href":"https:\/\/www.galeriadocrashed.com\/site\/wp-json\/wp\/v2\/posts"}],"about":[{"href":"https:\/\/www.galeriadocrashed.com\/site\/wp-json\/wp\/v2\/types\/post"}],"author":[{"embeddable":true,"href":"https:\/\/www.galeriadocrashed.com\/site\/wp-json\/wp\/v2\/users\/1"}],"replies":[{"embeddable":true,"href":"https:\/\/www.galeriadocrashed.com\/site\/wp-json\/wp\/v2\/comments?post=2566"}],"version-history":[{"count":1,"href":"https:\/\/www.galeriadocrashed.com\/site\/wp-json\/wp\/v2\/posts\/2566\/revisions"}],"predecessor-version":[{"id":3165,"href":"https:\/\/www.galeriadocrashed.com\/site\/wp-json\/wp\/v2\/posts\/2566\/revisions\/3165"}],"wp:featuredmedia":[{"embeddable":true,"href":"https:\/\/www.galeriadocrashed.com\/site\/wp-json\/wp\/v2\/media\/2555"}],"wp:attachment":[{"href":"https:\/\/www.galeriadocrashed.com\/site\/wp-json\/wp\/v2\/media?parent=2566"}],"wp:term":[{"taxonomy":"category","embeddable":true,"href":"https:\/\/www.galeriadocrashed.com\/site\/wp-json\/wp\/v2\/categories?post=2566"},{"taxonomy":"post_tag","embeddable":true,"href":"https:\/\/www.galeriadocrashed.com\/site\/wp-json\/wp\/v2\/tags?post=2566"}],"curies":[{"name":"wp","href":"https:\/\/api.w.org\/{rel}","templated":true}]}}