{"id":2596,"date":"2014-02-26T22:06:17","date_gmt":"2014-02-26T21:06:17","guid":{"rendered":"https:\/\/www.galeriadocrashed.com\/wordpress\/index.php\/2014\/02\/26\/pedro-meireles-venceu-rali-serras-de-fafe-2014\/"},"modified":"2022-01-10T18:01:18","modified_gmt":"2022-01-10T17:01:18","slug":"pedro-meireles-venceu-rali-serras-de-fafe-2014","status":"publish","type":"post","link":"https:\/\/www.galeriadocrashed.com\/site\/pedro-meireles-venceu-rali-serras-de-fafe-2014\/","title":{"rendered":"Pedro Meireles venceu rali serras de Fafe 2014"},"content":{"rendered":"<div style=\"margin-top: 0px; margin-bottom: 0px;\" class=\"sharethis-inline-share-buttons\" ><\/div><p>Pedro Meireles, ao volante de um Skoda Fabia S2000 entrou com o p\u00e9 direito no campeonato nacional de ralis de 2014, vencendo no passado S\u00e1bado o rali serras de Fafe.<\/p>\n<p><img loading=\"lazy\" decoding=\"async\" class=\" size-full wp-image-2579\" src=\"https:\/\/www.galeriadocrashed.com\/wordpress\/wp-content\/uploads\/2014\/02\/image00041.jpg\" border=\"0\" alt=\"fafe1441\" width=\"600\" height=\"401\" style=\"vertical-align: middle;\" srcset=\"https:\/\/www.galeriadocrashed.com\/site\/wp-content\/uploads\/2014\/02\/image00041.jpg 804w, https:\/\/www.galeriadocrashed.com\/site\/wp-content\/uploads\/2014\/02\/image00041-300x200.jpg 300w, https:\/\/www.galeriadocrashed.com\/site\/wp-content\/uploads\/2014\/02\/image00041-768x513.jpg 768w\" sizes=\"auto, (max-width: 600px) 100vw, 600px\" \/><\/p>\n<p>Mas n\u00e3o foi f\u00e1cil a primeira vit\u00f3ria do vimaranense ao volante do carro checo. A prov\u00e1-lo est\u00e1 o tempo que separou os dois primeiros classificados&#8230; Nada mais nada menos do que 1,3 segundos!<\/p>\n<p><img loading=\"lazy\" decoding=\"async\" class=\" size-full wp-image-2580\" src=\"https:\/\/www.galeriadocrashed.com\/wordpress\/wp-content\/uploads\/2014\/02\/image00114.jpg\" border=\"0\" alt=\"fafe14114\" width=\"600\" height=\"401\" style=\"vertical-align: middle;\" srcset=\"https:\/\/www.galeriadocrashed.com\/site\/wp-content\/uploads\/2014\/02\/image00114.jpg 804w, https:\/\/www.galeriadocrashed.com\/site\/wp-content\/uploads\/2014\/02\/image00114-300x200.jpg 300w, https:\/\/www.galeriadocrashed.com\/site\/wp-content\/uploads\/2014\/02\/image00114-768x513.jpg 768w\" sizes=\"auto, (max-width: 600px) 100vw, 600px\" \/><\/p>\n<p>A &#8216;culpa&#8217; foi do est\u00f3nio Martin Kangur que veio a Portugal fazer a sua estreia ao volante de um Ford Fiesta S2000 e provou por que raz\u00e3o \u00e9 considerado uma das esperan\u00e7as do WRC.<\/p>\n<p><img loading=\"lazy\" decoding=\"async\" class=\" size-full wp-image-2581\" src=\"https:\/\/www.galeriadocrashed.com\/wordpress\/wp-content\/uploads\/2014\/02\/image00077.jpg\" border=\"0\" alt=\"fafe1477\" width=\"600\" height=\"401\" style=\"vertical-align: middle;\" srcset=\"https:\/\/www.galeriadocrashed.com\/site\/wp-content\/uploads\/2014\/02\/image00077.jpg 804w, https:\/\/www.galeriadocrashed.com\/site\/wp-content\/uploads\/2014\/02\/image00077-300x200.jpg 300w, https:\/\/www.galeriadocrashed.com\/site\/wp-content\/uploads\/2014\/02\/image00077-768x513.jpg 768w\" sizes=\"auto, (max-width: 600px) 100vw, 600px\" \/><\/p>\n<p>No entanto, o primeiro l\u00edder do rali foi mesmo o actual campe\u00e3o nacional de ralis, Ricardo Moura. Entrando verdadeiramente ao ataque, o piloto A\u00e7oreano venceu as tr\u00eas primeiras classificativas e liderou at\u00e9 ao inicio da segunda sec\u00e7\u00e3o onde um toque provocou o seu abandono.<\/p>\n<p>\u00a0<\/p>\n<p>E no que toca a abandonos, de salientar a desist\u00eancia de Jo\u00e3o Barros que partiu uma transmiss\u00e3o do seu bel\u00edssimo Ford Fiesta R5, logo no arranque para a primeira especial.<\/p>\n<p><img loading=\"lazy\" decoding=\"async\" class=\" size-full wp-image-2582\" src=\"https:\/\/www.galeriadocrashed.com\/wordpress\/wp-content\/uploads\/2014\/02\/image00046.jpg\" border=\"0\" alt=\"fafe1446\" width=\"600\" height=\"401\" srcset=\"https:\/\/www.galeriadocrashed.com\/site\/wp-content\/uploads\/2014\/02\/image00046.jpg 804w, https:\/\/www.galeriadocrashed.com\/site\/wp-content\/uploads\/2014\/02\/image00046-300x200.jpg 300w, https:\/\/www.galeriadocrashed.com\/site\/wp-content\/uploads\/2014\/02\/image00046-768x513.jpg 768w\" sizes=\"auto, (max-width: 600px) 100vw, 600px\" \/><\/p>\n<p>De regresso e provando que quem sabe nunca esquece, esteve Rui Madeira. A presen\u00e7a do primeiro piloto portugu\u00eas Campe\u00e3o do Mundo FIA de Produ\u00e7\u00e3o (1995) e bi-Campe\u00e3o Nacional do Grupo N (1993 e 1994) ao volante do novo Ford Fiesta R5, teve como objectivo preparar a sua presen\u00e7a no WRC Fafe Rally Sprint e no Vodafone Rali de Portugal. No final, um lugar no p\u00f3dio foi um merecido pr\u00e9mio para o andamento imposto pelo piloto que venceu em 1996 \u00e0 geral o Rali de Portugal e comemora 25 anos de carreira.<\/p>\n<p><img loading=\"lazy\" decoding=\"async\" class=\" size-full wp-image-2583\" src=\"https:\/\/www.galeriadocrashed.com\/wordpress\/wp-content\/uploads\/2014\/02\/image00159.jpg\" border=\"0\" alt=\"fafe14159\" width=\"600\" height=\"401\" style=\"vertical-align: middle;\" srcset=\"https:\/\/www.galeriadocrashed.com\/site\/wp-content\/uploads\/2014\/02\/image00159.jpg 804w, https:\/\/www.galeriadocrashed.com\/site\/wp-content\/uploads\/2014\/02\/image00159-300x200.jpg 300w, https:\/\/www.galeriadocrashed.com\/site\/wp-content\/uploads\/2014\/02\/image00159-768x513.jpg 768w\" sizes=\"auto, (max-width: 600px) 100vw, 600px\" \/><\/p>\n<p>E por falar em andamento, uma palavra muito especial para o ex-campe\u00e3o nacional Bernardo Sousa. Ao volante de um Fiesta RRC e com a miss\u00e3o de abrir a estrada como carro &#8216;zero&#8217;, o piloto madeirense encheu as medidas ao muito p\u00fablico\u00a0 presente. Fic\u00e1mos com a curiosidade de saber os tempos de Bernardo Sousa&#8230;<\/p>\n<p><img loading=\"lazy\" decoding=\"async\" class=\" size-full wp-image-2584\" src=\"https:\/\/www.galeriadocrashed.com\/wordpress\/wp-content\/uploads\/2014\/02\/image00036.jpg\" border=\"0\" alt=\"fafe1436\" width=\"600\" height=\"401\" style=\"vertical-align: middle;\" srcset=\"https:\/\/www.galeriadocrashed.com\/site\/wp-content\/uploads\/2014\/02\/image00036.jpg 804w, https:\/\/www.galeriadocrashed.com\/site\/wp-content\/uploads\/2014\/02\/image00036-300x200.jpg 300w, https:\/\/www.galeriadocrashed.com\/site\/wp-content\/uploads\/2014\/02\/image00036-768x513.jpg 768w\" sizes=\"auto, (max-width: 600px) 100vw, 600px\" \/><\/p>\n<p>No agrupamento de produ\u00e7\u00e3o, Adruzilio Lopes foi o vencedor ao volante do Subaru Impreza R4, enquanto que em 8\u00ba da geral ficou o primeiro duas rodas motrizes, Gil Antunes, que em Fafe se estreava no Nacional e aos comandos do Peugeot 208 R2.<\/p>\n<p><img loading=\"lazy\" decoding=\"async\" class=\" size-full wp-image-2585\" src=\"https:\/\/www.galeriadocrashed.com\/wordpress\/wp-content\/uploads\/2014\/02\/image00112.jpg\" border=\"0\" alt=\"fafe14112\" width=\"600\" height=\"401\" srcset=\"https:\/\/www.galeriadocrashed.com\/site\/wp-content\/uploads\/2014\/02\/image00112.jpg 804w, https:\/\/www.galeriadocrashed.com\/site\/wp-content\/uploads\/2014\/02\/image00112-300x200.jpg 300w, https:\/\/www.galeriadocrashed.com\/site\/wp-content\/uploads\/2014\/02\/image00112-768x513.jpg 768w\" sizes=\"auto, (max-width: 600px) 100vw, 600px\" \/><\/p>\n<p><strong>Classifica\u00e7\u00e3o FINAL<\/strong><\/p>\n<p>1\u00ba Pedro Meireles \/ M\u00e1rio Castro &#8211; Skoda Fabia S2000 &#8211; 1h27m32,9s<\/p>\n<p>2\u00ba Martin Kangur \/ Andres Ots &#8211; Ford Fiesta S2000 &#8211; a 1,3s<\/p>\n<p>3\u00ba Rui Madeira \/ Paulo Fiuza &#8211; Ford Fiesta R5 &#8211; a 19,9s<\/p>\n<p>4\u00ba Adruzilo Lopes \/ Vasco Ferreira &#8211; Subaru Impreza R4 &#8211; a 2m49,8s<\/p>\n<p>5\u00ba Digo Salvi \/ Paulo Babo &#8211; Ford Fiesta R5 &#8211; a 4m49,5s<\/p>\n<p>6\u00ba Ricardo Teod\u00f3sio \/ Jos\u00e9 Teixeira &#8211; Mitsubishi Evo IX &#8211; a 4m50,5s<\/p>\n<p>7\u00ba Jo\u00e3o Correia \/ Ricardo Barreto &#8211; Mitsubishi Evo IX &#8211; a 8m39,3s<\/p>\n<p>8\u00ba Gil Antunes \/ Diogo Correia &#8211; Peugeot 208 R2 &#8211; a 10m20,4s<\/p>\n<p>9\u00ba Paulo Neto \/ Vitor Hugo &#8211; Citroen DS3 R3T &#8211; a 12m06,0s<\/p>\n<p>10\u00ba Ricardo Marques \/ Paulo Marques &#8211; Peugeot 208 R2 &#8211; a 14m06,2s<\/p>\n<table border=\"0\" align=\"center\">\n<tbody>\n<tr>\n<td><img loading=\"lazy\" decoding=\"async\" class=\" size-full wp-image-2586\" src=\"https:\/\/www.galeriadocrashed.com\/wordpress\/wp-content\/uploads\/2014\/02\/image00021.jpg\" border=\"0\" alt=\"CAMRF1421\" width=\"200\" height=\"134\" srcset=\"https:\/\/www.galeriadocrashed.com\/site\/wp-content\/uploads\/2014\/02\/image00021.jpg 804w, https:\/\/www.galeriadocrashed.com\/site\/wp-content\/uploads\/2014\/02\/image00021-300x200.jpg 300w, https:\/\/www.galeriadocrashed.com\/site\/wp-content\/uploads\/2014\/02\/image00021-768x513.jpg 768w\" sizes=\"auto, (max-width: 200px) 100vw, 200px\" \/><\/td>\n<td><img loading=\"lazy\" decoding=\"async\" class=\" size-full wp-image-2587\" src=\"https:\/\/www.galeriadocrashed.com\/wordpress\/wp-content\/uploads\/2014\/02\/image00062.jpg\" border=\"0\" alt=\"CAMRF1462\" width=\"200\" height=\"134\" srcset=\"https:\/\/www.galeriadocrashed.com\/site\/wp-content\/uploads\/2014\/02\/image00062.jpg 804w, https:\/\/www.galeriadocrashed.com\/site\/wp-content\/uploads\/2014\/02\/image00062-300x200.jpg 300w, https:\/\/www.galeriadocrashed.com\/site\/wp-content\/uploads\/2014\/02\/image00062-768x513.jpg 768w\" sizes=\"auto, (max-width: 200px) 100vw, 200px\" \/><\/td>\n<td><img loading=\"lazy\" decoding=\"async\" class=\" size-full wp-image-2588\" src=\"https:\/\/www.galeriadocrashed.com\/wordpress\/wp-content\/uploads\/2014\/02\/image00158.jpg\" border=\"0\" alt=\"CAMRF14158\" width=\"200\" height=\"134\" srcset=\"https:\/\/www.galeriadocrashed.com\/site\/wp-content\/uploads\/2014\/02\/image00158.jpg 804w, https:\/\/www.galeriadocrashed.com\/site\/wp-content\/uploads\/2014\/02\/image00158-300x200.jpg 300w, https:\/\/www.galeriadocrashed.com\/site\/wp-content\/uploads\/2014\/02\/image00158-768x513.jpg 768w\" sizes=\"auto, (max-width: 200px) 100vw, 200px\" \/><\/td>\n<\/tr>\n<tr>\n<td><img loading=\"lazy\" decoding=\"async\" class=\" size-full wp-image-2589\" src=\"https:\/\/www.galeriadocrashed.com\/wordpress\/wp-content\/uploads\/2014\/02\/image00082.jpg\" border=\"0\" alt=\"CAMRF1482\" width=\"200\" height=\"134\" srcset=\"https:\/\/www.galeriadocrashed.com\/site\/wp-content\/uploads\/2014\/02\/image00082.jpg 804w, https:\/\/www.galeriadocrashed.com\/site\/wp-content\/uploads\/2014\/02\/image00082-300x200.jpg 300w, https:\/\/www.galeriadocrashed.com\/site\/wp-content\/uploads\/2014\/02\/image00082-768x513.jpg 768w\" sizes=\"auto, (max-width: 200px) 100vw, 200px\" \/><\/td>\n<td><img loading=\"lazy\" decoding=\"async\" class=\" size-full wp-image-2590\" src=\"https:\/\/www.galeriadocrashed.com\/wordpress\/wp-content\/uploads\/2014\/02\/image00170.jpg\" border=\"0\" alt=\"CAMRF14170\" width=\"200\" height=\"134\" srcset=\"https:\/\/www.galeriadocrashed.com\/site\/wp-content\/uploads\/2014\/02\/image00170.jpg 804w, https:\/\/www.galeriadocrashed.com\/site\/wp-content\/uploads\/2014\/02\/image00170-300x200.jpg 300w, https:\/\/www.galeriadocrashed.com\/site\/wp-content\/uploads\/2014\/02\/image00170-768x513.jpg 768w\" sizes=\"auto, (max-width: 200px) 100vw, 200px\" \/><\/td>\n<td><img loading=\"lazy\" decoding=\"async\" class=\" size-full wp-image-2591\" src=\"https:\/\/www.galeriadocrashed.com\/wordpress\/wp-content\/uploads\/2014\/02\/image00066.jpg\" border=\"0\" alt=\"CAMRF1466\" width=\"200\" height=\"134\" srcset=\"https:\/\/www.galeriadocrashed.com\/site\/wp-content\/uploads\/2014\/02\/image00066.jpg 804w, https:\/\/www.galeriadocrashed.com\/site\/wp-content\/uploads\/2014\/02\/image00066-300x200.jpg 300w, https:\/\/www.galeriadocrashed.com\/site\/wp-content\/uploads\/2014\/02\/image00066-768x513.jpg 768w\" sizes=\"auto, (max-width: 200px) 100vw, 200px\" \/><\/td>\n<\/tr>\n<\/tbody>\n<\/table>\n<p>\u00a0<\/p>\n<p>Em simult\u00e2neo, realizou-se a primeira prova do Campeonato de Ralis do Norte.<\/p>\n<table border=\"0\" align=\"center\">\n<tbody>\n<tr>\n<td><img loading=\"lazy\" decoding=\"async\" class=\" size-full wp-image-2592\" src=\"https:\/\/www.galeriadocrashed.com\/wordpress\/wp-content\/uploads\/2014\/02\/image00130.jpg\" border=\"0\" alt=\"CAMRF14130\" width=\"300\" height=\"200\" srcset=\"https:\/\/www.galeriadocrashed.com\/site\/wp-content\/uploads\/2014\/02\/image00130.jpg 804w, https:\/\/www.galeriadocrashed.com\/site\/wp-content\/uploads\/2014\/02\/image00130-300x200.jpg 300w, https:\/\/www.galeriadocrashed.com\/site\/wp-content\/uploads\/2014\/02\/image00130-768x513.jpg 768w\" sizes=\"auto, (max-width: 300px) 100vw, 300px\" \/><\/td>\n<td><img loading=\"lazy\" decoding=\"async\" class=\" size-full wp-image-2593\" src=\"https:\/\/www.galeriadocrashed.com\/wordpress\/wp-content\/uploads\/2014\/02\/image00146.jpg\" border=\"0\" alt=\"CAMRF14146\" width=\"300\" height=\"200\" srcset=\"https:\/\/www.galeriadocrashed.com\/site\/wp-content\/uploads\/2014\/02\/image00146.jpg 804w, https:\/\/www.galeriadocrashed.com\/site\/wp-content\/uploads\/2014\/02\/image00146-300x200.jpg 300w, https:\/\/www.galeriadocrashed.com\/site\/wp-content\/uploads\/2014\/02\/image00146-768x513.jpg 768w\" sizes=\"auto, (max-width: 300px) 100vw, 300px\" \/><\/td>\n<\/tr>\n<tr>\n<td><img loading=\"lazy\" decoding=\"async\" class=\" size-full wp-image-2594\" src=\"https:\/\/www.galeriadocrashed.com\/wordpress\/wp-content\/uploads\/2014\/02\/image00144.jpg\" border=\"0\" alt=\"CAMRF14144\" width=\"300\" height=\"200\" srcset=\"https:\/\/www.galeriadocrashed.com\/site\/wp-content\/uploads\/2014\/02\/image00144.jpg 804w, https:\/\/www.galeriadocrashed.com\/site\/wp-content\/uploads\/2014\/02\/image00144-300x200.jpg 300w, https:\/\/www.galeriadocrashed.com\/site\/wp-content\/uploads\/2014\/02\/image00144-768x513.jpg 768w\" sizes=\"auto, (max-width: 300px) 100vw, 300px\" \/><\/td>\n<td><img loading=\"lazy\" decoding=\"async\" class=\" size-full wp-image-2595\" src=\"https:\/\/www.galeriadocrashed.com\/wordpress\/wp-content\/uploads\/2014\/02\/image00134.jpg\" border=\"0\" alt=\"CAMRF14134\" width=\"300\" height=\"200\" srcset=\"https:\/\/www.galeriadocrashed.com\/site\/wp-content\/uploads\/2014\/02\/image00134.jpg 804w, https:\/\/www.galeriadocrashed.com\/site\/wp-content\/uploads\/2014\/02\/image00134-300x200.jpg 300w, https:\/\/www.galeriadocrashed.com\/site\/wp-content\/uploads\/2014\/02\/image00134-768x513.jpg 768w\" sizes=\"auto, (max-width: 300px) 100vw, 300px\" \/><\/td>\n<\/tr>\n<\/tbody>\n<\/table>\n<p>Fernando Peres dominou a prova ao volante do Mitsubishi Lancer EVO VIII. Vitor Pascoal foi o 2\u00ba classificado, a 27.8 segundos de Peres e Nuno Cardoso completou o p\u00f3dio, a 1m47s de dist\u00e2ncia do vencedor.<\/p>\n<p>\u00a0<\/p>\n<p><a href=\"..\/categories.php?cat_id=603\">CLIQUE AQUI<\/a> para aceder \u00e0 <a href=\"..\/categories.php?cat_id=603\">GALERIA<\/a> completa de imagens<\/p>\n<p><span style=\"color: #0000ff;\">contas@galeriadocrashed.com<\/span><\/p>\n","protected":false},"excerpt":{"rendered":"<p>Pedro Meireles, ao volante de um Skoda Fabia S2000 entrou com o p\u00e9 direito no campeonato nacional de ralis de&hellip;<\/p>\n","protected":false},"author":1,"featured_media":2579,"comment_status":"closed","ping_status":"open","sticky":false,"template":"","format":"standard","meta":{"_seopress_robots_primary_cat":"","_seopress_titles_title":"","_seopress_titles_desc":"","_seopress_robots_index":"","ngg_post_thumbnail":0,"footnotes":""},"categories":[40],"tags":[],"class_list":["post-2596","post","type-post","status-publish","format-standard","has-post-thumbnail","hentry","category-competicao"],"_links":{"self":[{"href":"https:\/\/www.galeriadocrashed.com\/site\/wp-json\/wp\/v2\/posts\/2596","targetHints":{"allow":["GET"]}}],"collection":[{"href":"https:\/\/www.galeriadocrashed.com\/site\/wp-json\/wp\/v2\/posts"}],"about":[{"href":"https:\/\/www.galeriadocrashed.com\/site\/wp-json\/wp\/v2\/types\/post"}],"author":[{"embeddable":true,"href":"https:\/\/www.galeriadocrashed.com\/site\/wp-json\/wp\/v2\/users\/1"}],"replies":[{"embeddable":true,"href":"https:\/\/www.galeriadocrashed.com\/site\/wp-json\/wp\/v2\/comments?post=2596"}],"version-history":[{"count":1,"href":"https:\/\/www.galeriadocrashed.com\/site\/wp-json\/wp\/v2\/posts\/2596\/revisions"}],"predecessor-version":[{"id":3162,"href":"https:\/\/www.galeriadocrashed.com\/site\/wp-json\/wp\/v2\/posts\/2596\/revisions\/3162"}],"wp:featuredmedia":[{"embeddable":true,"href":"https:\/\/www.galeriadocrashed.com\/site\/wp-json\/wp\/v2\/media\/2579"}],"wp:attachment":[{"href":"https:\/\/www.galeriadocrashed.com\/site\/wp-json\/wp\/v2\/media?parent=2596"}],"wp:term":[{"taxonomy":"category","embeddable":true,"href":"https:\/\/www.galeriadocrashed.com\/site\/wp-json\/wp\/v2\/categories?post=2596"},{"taxonomy":"post_tag","embeddable":true,"href":"https:\/\/www.galeriadocrashed.com\/site\/wp-json\/wp\/v2\/tags?post=2596"}],"curies":[{"name":"wp","href":"https:\/\/api.w.org\/{rel}","templated":true}]}}