{"id":2608,"date":"2014-03-09T20:46:53","date_gmt":"2014-03-09T19:46:53","guid":{"rendered":"https:\/\/www.galeriadocrashed.com\/wordpress\/index.php\/2014\/03\/09\/pedro-meireles-vence-rali-cidade-de-guimaraes-2014-por-0-3-seg\/"},"modified":"2022-01-10T18:01:18","modified_gmt":"2022-01-10T17:01:18","slug":"pedro-meireles-vence-rali-cidade-de-guimaraes-2014-por-0-3-seg","status":"publish","type":"post","link":"https:\/\/www.galeriadocrashed.com\/site\/pedro-meireles-vence-rali-cidade-de-guimaraes-2014-por-0-3-seg\/","title":{"rendered":"Pedro Meireles vence Rali Cidade de Guimar\u00e3es 2014 por&#8230;0,3 seg.!!"},"content":{"rendered":"<div style=\"margin-top: 0px; margin-bottom: 0px;\" class=\"sharethis-inline-share-buttons\" ><\/div><p>Verdadeiramente emocionante \u00e9 o m\u00ednimo que se pode dizer do Rali cidade de Guimar\u00e3es, disputado ontem.<\/p>\n<table border=\"0\" align=\"center\">\n<tbody>\n<tr>\n<td><img loading=\"lazy\" decoding=\"async\" class=\" size-full wp-image-2597\" src=\"https:\/\/www.galeriadocrashed.com\/wordpress\/wp-content\/uploads\/2014\/03\/image00026.jpg\" border=\"0\" alt=\"Guimaraes1426\" width=\"600\" height=\"401\" srcset=\"https:\/\/www.galeriadocrashed.com\/site\/wp-content\/uploads\/2014\/03\/image00026.jpg 804w, https:\/\/www.galeriadocrashed.com\/site\/wp-content\/uploads\/2014\/03\/image00026-300x200.jpg 300w, https:\/\/www.galeriadocrashed.com\/site\/wp-content\/uploads\/2014\/03\/image00026-768x513.jpg 768w\" sizes=\"auto, (max-width: 600px) 100vw, 600px\" \/><\/td>\n<\/tr>\n<\/tbody>\n<\/table>\n<p>Poucos conseguiriam prever que depois do final de cortar a respira\u00e7\u00e3o \u00e0 15 dias atr\u00e1s em Fafe, a segunda prova do campeonato nacional de ralis pudesse trazer outro &#8216;photo finish&#8217;, mas foi precisamente isso que aconteceu, e desta vez, por uma margem ainda menor! Pedro Meireles conseguiu bisar no campeonato, terminando o &#8216;seu&#8217; rali com uma vantagem de 0,3 segundos!!<\/p>\n<table border=\"0\" align=\"center\">\n<tbody>\n<tr>\n<td><img loading=\"lazy\" decoding=\"async\" class=\" size-full wp-image-2598\" src=\"https:\/\/www.galeriadocrashed.com\/wordpress\/wp-content\/uploads\/2014\/03\/image00105.jpg\" border=\"0\" alt=\"Guimaraes14105\" width=\"600\" height=\"401\" srcset=\"https:\/\/www.galeriadocrashed.com\/site\/wp-content\/uploads\/2014\/03\/image00105.jpg 804w, https:\/\/www.galeriadocrashed.com\/site\/wp-content\/uploads\/2014\/03\/image00105-300x200.jpg 300w, https:\/\/www.galeriadocrashed.com\/site\/wp-content\/uploads\/2014\/03\/image00105-768x513.jpg 768w\" sizes=\"auto, (max-width: 600px) 100vw, 600px\" \/><\/td>\n<\/tr>\n<\/tbody>\n<\/table>\n<p>Ricardo Moura entrou para a \u00faltima classificativa com 3 segundos de vantagem, mas no final admitia que o facto de n\u00e3o ter ligado a calandra de far\u00f3is quando a visibilidade j\u00e1 era algo deficiente tinha sido o erro que possivelmente lhe teria custado a vit\u00f3ria.<\/p>\n<p>\u00a0<img loading=\"lazy\" decoding=\"async\" class=\" size-full wp-image-2599\" src=\"https:\/\/www.galeriadocrashed.com\/wordpress\/wp-content\/uploads\/2014\/03\/image00033.jpg\" border=\"0\" alt=\"Guimaraes1433\" width=\"600\" height=\"401\" srcset=\"https:\/\/www.galeriadocrashed.com\/site\/wp-content\/uploads\/2014\/03\/image00033.jpg 804w, https:\/\/www.galeriadocrashed.com\/site\/wp-content\/uploads\/2014\/03\/image00033-300x200.jpg 300w, https:\/\/www.galeriadocrashed.com\/site\/wp-content\/uploads\/2014\/03\/image00033-768x513.jpg 768w\" sizes=\"auto, (max-width: 600px) 100vw, 600px\" \/><\/p>\n<p>Foi a perip\u00e9cia final num rali que da parte da manh\u00e3 j\u00e1 tinha visto o ent\u00e3o comandante Jos\u00e9 Pedro Fontes, ao volante do bonito\u00a0 Porsche 911 GT3, abandonar ap\u00f3s um ligeiro despiste que deixou\u00a0 a potente m\u00e1quina dentro de um&#8230; galinheiro!<\/p>\n<table border=\"0\" align=\"center\">\n<tbody>\n<tr>\n<td><img loading=\"lazy\" decoding=\"async\" class=\" size-full wp-image-2600\" src=\"https:\/\/www.galeriadocrashed.com\/wordpress\/wp-content\/uploads\/2014\/03\/image00117.jpg\" border=\"0\" alt=\"Guimaraes14117\" width=\"600\" height=\"401\" srcset=\"https:\/\/www.galeriadocrashed.com\/site\/wp-content\/uploads\/2014\/03\/image00117.jpg 804w, https:\/\/www.galeriadocrashed.com\/site\/wp-content\/uploads\/2014\/03\/image00117-300x200.jpg 300w, https:\/\/www.galeriadocrashed.com\/site\/wp-content\/uploads\/2014\/03\/image00117-768x513.jpg 768w\" sizes=\"auto, (max-width: 600px) 100vw, 600px\" \/><\/td>\n<\/tr>\n<\/tbody>\n<\/table>\n<p>Foi nesta fase da prova que tamb\u00e9m Jo\u00e3o Barros ao volante do Fiesta R5 passou pelo comando e \u00e0 hora de almo\u00e7o, apenas 3 segundos (!) separavam os homens que lutavam pelo p\u00f3dio. Um problema com a direc\u00e7\u00e3o assistida da parte da tarde impediu-o de ter uma palavra a dizer quanto \u00e0 vit\u00f3ria.<\/p>\n<table border=\"0\" align=\"center\">\n<tbody>\n<tr>\n<td><img loading=\"lazy\" decoding=\"async\" class=\" size-full wp-image-2601\" src=\"https:\/\/www.galeriadocrashed.com\/wordpress\/wp-content\/uploads\/2014\/03\/image00186.jpg\" border=\"0\" alt=\"Guimaraes14186\" width=\"600\" height=\"401\" srcset=\"https:\/\/www.galeriadocrashed.com\/site\/wp-content\/uploads\/2014\/03\/image00186.jpg 804w, https:\/\/www.galeriadocrashed.com\/site\/wp-content\/uploads\/2014\/03\/image00186-300x200.jpg 300w, https:\/\/www.galeriadocrashed.com\/site\/wp-content\/uploads\/2014\/03\/image00186-768x513.jpg 768w\" sizes=\"auto, (max-width: 600px) 100vw, 600px\" \/><\/td>\n<\/tr>\n<\/tbody>\n<\/table>\n<p>Adruzilio Lopes repetiu o resultado de Fafe, vencendo o agrupamento de produ\u00e7\u00e3o<\/p>\n<table border=\"0\" align=\"center\">\n<tbody>\n<tr>\n<td><img loading=\"lazy\" decoding=\"async\" class=\" size-full wp-image-2602\" src=\"https:\/\/www.galeriadocrashed.com\/wordpress\/wp-content\/uploads\/2014\/03\/image00044.jpg\" border=\"0\" alt=\"Guimaraes1444\" width=\"200\" height=\"134\" srcset=\"https:\/\/www.galeriadocrashed.com\/site\/wp-content\/uploads\/2014\/03\/image00044.jpg 804w, https:\/\/www.galeriadocrashed.com\/site\/wp-content\/uploads\/2014\/03\/image00044-300x200.jpg 300w, https:\/\/www.galeriadocrashed.com\/site\/wp-content\/uploads\/2014\/03\/image00044-768x513.jpg 768w\" sizes=\"auto, (max-width: 200px) 100vw, 200px\" \/><\/td>\n<td><img loading=\"lazy\" decoding=\"async\" class=\" size-full wp-image-2603\" src=\"https:\/\/www.galeriadocrashed.com\/wordpress\/wp-content\/uploads\/2014\/03\/image00094.jpg\" border=\"0\" alt=\"Guimaraes1494\" width=\"200\" height=\"134\" srcset=\"https:\/\/www.galeriadocrashed.com\/site\/wp-content\/uploads\/2014\/03\/image00094.jpg 804w, https:\/\/www.galeriadocrashed.com\/site\/wp-content\/uploads\/2014\/03\/image00094-300x200.jpg 300w, https:\/\/www.galeriadocrashed.com\/site\/wp-content\/uploads\/2014\/03\/image00094-768x513.jpg 768w\" sizes=\"auto, (max-width: 200px) 100vw, 200px\" \/><\/td>\n<td><img loading=\"lazy\" decoding=\"async\" class=\" size-full wp-image-2604\" src=\"https:\/\/www.galeriadocrashed.com\/wordpress\/wp-content\/uploads\/2014\/03\/image00202.jpg\" border=\"0\" alt=\"Guimaraes14202\" width=\"200\" height=\"134\" srcset=\"https:\/\/www.galeriadocrashed.com\/site\/wp-content\/uploads\/2014\/03\/image00202.jpg 804w, https:\/\/www.galeriadocrashed.com\/site\/wp-content\/uploads\/2014\/03\/image00202-300x200.jpg 300w, https:\/\/www.galeriadocrashed.com\/site\/wp-content\/uploads\/2014\/03\/image00202-768x513.jpg 768w\" sizes=\"auto, (max-width: 200px) 100vw, 200px\" \/><\/td>\n<\/tr>\n<\/tbody>\n<\/table>\n<p>CLASSIFICA\u00c7\u00c3O FINAL<br \/>1. Pedro Meireles \/ M\u00e1rio Castro (POR) Skoda Fabia S2000 58:27,0<br \/>2. Ricardo Moura \/ Ant\u00f3nio Costa (POR) Skoda Fabia S2000 +00,3<br \/>3. Jo\u00e3o Barros \/ Jorge Henriques (POR) Ford Fiesta R5 +26,4<br \/>4. Adruzilo Lopes \/ Vasco Ferreira (POR) Subaru Impreza STI R4 +01:16,7<br \/>5. Joan Vinyes \/ Jordi Mercader (ESP) Suzuki Swift S1600 +02:11,0<br \/>6. Carlos Martins \/ Pedro Peres (POR) Mitsubishi Lancer Evo IX R4 +03:00,6<br \/>7. Diogo Salvi \/ Paulo Babo (POR) Ford Fiesta R5 +03:03,8<br \/>8. Ricardo Teod\u00f3sio \/ Jos\u00e9 Teixeira (POR) Mitsubishi Lancer Evo IX +04:13,6<br \/>9. Ricardo Marques \/ Paulo Marques (POR) Peugeot 208 R2 +05:29,8<br \/>10. Diogo Gago \/ Jorge Carvalho (POR) Citro\u00ebn C2 R2 Max +05:49,6<\/p>\n<p>O campeonato de Ralis Norte voltou a acompanhar o nacional, e nesta competi\u00e7\u00e3o, Nuno Cardoso ao volante de um Mitsubishi Evo VIII foi o vencedor, ap\u00f3s uma reviravolta tamb\u00e9m na \u00faltima classificativa quando um furo atrasou o ent\u00e3o l\u00edder, Fernando Peres.<\/p>\n<table border=\"0\" align=\"center\">\n<tbody>\n<tr>\n<td><img loading=\"lazy\" decoding=\"async\" class=\" size-full wp-image-2605\" src=\"https:\/\/www.galeriadocrashed.com\/wordpress\/wp-content\/uploads\/2014\/03\/image00212.jpg\" border=\"0\" alt=\"Guimaraes14212\" width=\"200\" height=\"134\" srcset=\"https:\/\/www.galeriadocrashed.com\/site\/wp-content\/uploads\/2014\/03\/image00212.jpg 804w, https:\/\/www.galeriadocrashed.com\/site\/wp-content\/uploads\/2014\/03\/image00212-300x200.jpg 300w, https:\/\/www.galeriadocrashed.com\/site\/wp-content\/uploads\/2014\/03\/image00212-768x513.jpg 768w\" sizes=\"auto, (max-width: 200px) 100vw, 200px\" \/><\/td>\n<td><img loading=\"lazy\" decoding=\"async\" class=\" size-full wp-image-2606\" src=\"https:\/\/www.galeriadocrashed.com\/wordpress\/wp-content\/uploads\/2014\/03\/image00172.jpg\" border=\"0\" alt=\"Guimaraes14172\" width=\"200\" height=\"134\" srcset=\"https:\/\/www.galeriadocrashed.com\/site\/wp-content\/uploads\/2014\/03\/image00172.jpg 804w, https:\/\/www.galeriadocrashed.com\/site\/wp-content\/uploads\/2014\/03\/image00172-300x200.jpg 300w, https:\/\/www.galeriadocrashed.com\/site\/wp-content\/uploads\/2014\/03\/image00172-768x513.jpg 768w\" sizes=\"auto, (max-width: 200px) 100vw, 200px\" \/><\/td>\n<td><img loading=\"lazy\" decoding=\"async\" class=\" size-full wp-image-2607\" src=\"https:\/\/www.galeriadocrashed.com\/wordpress\/wp-content\/uploads\/2014\/03\/image00227.jpg\" border=\"0\" alt=\"Guimaraes14227\" width=\"200\" height=\"134\" srcset=\"https:\/\/www.galeriadocrashed.com\/site\/wp-content\/uploads\/2014\/03\/image00227.jpg 804w, https:\/\/www.galeriadocrashed.com\/site\/wp-content\/uploads\/2014\/03\/image00227-300x200.jpg 300w, https:\/\/www.galeriadocrashed.com\/site\/wp-content\/uploads\/2014\/03\/image00227-768x513.jpg 768w\" sizes=\"auto, (max-width: 200px) 100vw, 200px\" \/><\/td>\n<\/tr>\n<\/tbody>\n<\/table>\n<p>Este tem sido at\u00e9 agora o campeonato mais emocionante que temos mem\u00f3ria e tem sido um privil\u00e9gio poder acompanh\u00e1-lo na estrada.<\/p>\n<p><a href=\"..\/categories.php?cat_id=605\">CLIQUE AQUI<\/a> para aceder \u00e0 nossa <a href=\"..\/categories.php?cat_id=605\">GALERIA<\/a> de imagens desta prova<\/p>\n<p><span style=\"color: #0000ff;\">Contas@galeriadocrashed.com<\/span><\/p>\n","protected":false},"excerpt":{"rendered":"<p>Verdadeiramente emocionante \u00e9 o m\u00ednimo que se pode dizer do Rali cidade de Guimar\u00e3es, disputado ontem. Poucos conseguiriam prever que&hellip;<\/p>\n","protected":false},"author":1,"featured_media":2597,"comment_status":"closed","ping_status":"open","sticky":false,"template":"","format":"standard","meta":{"_seopress_robots_primary_cat":"","_seopress_titles_title":"","_seopress_titles_desc":"","_seopress_robots_index":"","ngg_post_thumbnail":0,"footnotes":""},"categories":[40],"tags":[],"class_list":["post-2608","post","type-post","status-publish","format-standard","has-post-thumbnail","hentry","category-competicao"],"_links":{"self":[{"href":"https:\/\/www.galeriadocrashed.com\/site\/wp-json\/wp\/v2\/posts\/2608","targetHints":{"allow":["GET"]}}],"collection":[{"href":"https:\/\/www.galeriadocrashed.com\/site\/wp-json\/wp\/v2\/posts"}],"about":[{"href":"https:\/\/www.galeriadocrashed.com\/site\/wp-json\/wp\/v2\/types\/post"}],"author":[{"embeddable":true,"href":"https:\/\/www.galeriadocrashed.com\/site\/wp-json\/wp\/v2\/users\/1"}],"replies":[{"embeddable":true,"href":"https:\/\/www.galeriadocrashed.com\/site\/wp-json\/wp\/v2\/comments?post=2608"}],"version-history":[{"count":1,"href":"https:\/\/www.galeriadocrashed.com\/site\/wp-json\/wp\/v2\/posts\/2608\/revisions"}],"predecessor-version":[{"id":3161,"href":"https:\/\/www.galeriadocrashed.com\/site\/wp-json\/wp\/v2\/posts\/2608\/revisions\/3161"}],"wp:featuredmedia":[{"embeddable":true,"href":"https:\/\/www.galeriadocrashed.com\/site\/wp-json\/wp\/v2\/media\/2597"}],"wp:attachment":[{"href":"https:\/\/www.galeriadocrashed.com\/site\/wp-json\/wp\/v2\/media?parent=2608"}],"wp:term":[{"taxonomy":"category","embeddable":true,"href":"https:\/\/www.galeriadocrashed.com\/site\/wp-json\/wp\/v2\/categories?post=2608"},{"taxonomy":"post_tag","embeddable":true,"href":"https:\/\/www.galeriadocrashed.com\/site\/wp-json\/wp\/v2\/tags?post=2608"}],"curies":[{"name":"wp","href":"https:\/\/api.w.org\/{rel}","templated":true}]}}