{"id":2635,"date":"2014-06-24T10:57:04","date_gmt":"2014-06-24T09:57:04","guid":{"rendered":"https:\/\/www.galeriadocrashed.com\/wordpress\/index.php\/2014\/06\/24\/2014-06-22-4-aniversario-mafraclassicos\/"},"modified":"2022-01-10T18:27:07","modified_gmt":"2022-01-10T17:27:07","slug":"2014-06-22-4-aniversario-mafraclassicos","status":"publish","type":"post","link":"https:\/\/www.galeriadocrashed.com\/site\/2014-06-22-4-aniversario-mafraclassicos\/","title":{"rendered":"2014-06-22 4\u00ba Anivers\u00e1rio Mafracl\u00e1ssicos"},"content":{"rendered":"<div style=\"margin-top: 0px; margin-bottom: 0px;\" class=\"sharethis-inline-share-buttons\" ><\/div><p>Realizou-se no passado domingo mais um encontro do Mafracl\u00e1ssicos, este para comemorar o 4\u00ba Anivers\u00e1rio dos mesmos, assim sendo pela primeira vez desloquei-me a Mafra para participar num encontro dos mesmos com a minha pickup. Devido a chuva sentida ouve a necessidade de mudar o local de encontro para um parque fechado e cancelar o passeio que estava previsto para antes do almo\u00e7o. <br \/>Estiveram presentes diversos cl\u00e1ssicos de diversas marcas e cores que na desloca\u00e7\u00e3o para Negrais, onde se realizou o almo\u00e7o, fizeram voltar muitos pesco\u00e7os a passagem de tamanha comitiva.<\/p>\n<p><img loading=\"lazy\" decoding=\"async\" class=\" size-full wp-image-2629\" src=\"https:\/\/www.galeriadocrashed.com\/wordpress\/wp-content\/uploads\/2014\/06\/mg_1468.jpg\" border=\"0\" alt=\"4\u00ba anivers\u00e1rio Mafracl\u00e1ssicos\" width=\"400\" height=\"600\" srcset=\"https:\/\/www.galeriadocrashed.com\/site\/wp-content\/uploads\/2014\/06\/mg_1468.jpg 400w, https:\/\/www.galeriadocrashed.com\/site\/wp-content\/uploads\/2014\/06\/mg_1468-200x300.jpg 200w\" sizes=\"auto, (max-width: 400px) 100vw, 400px\" \/><\/p>\n<p><img loading=\"lazy\" decoding=\"async\" class=\" size-full wp-image-2630\" src=\"https:\/\/www.galeriadocrashed.com\/wordpress\/wp-content\/uploads\/2014\/06\/mg_1461.jpg\" border=\"0\" alt=\"4\u00ba anivers\u00e1rio Mafracl\u00e1ssicos\" width=\"302\" height=\"201\" srcset=\"https:\/\/www.galeriadocrashed.com\/site\/wp-content\/uploads\/2014\/06\/mg_1461.jpg 800w, https:\/\/www.galeriadocrashed.com\/site\/wp-content\/uploads\/2014\/06\/mg_1461-300x200.jpg 300w, https:\/\/www.galeriadocrashed.com\/site\/wp-content\/uploads\/2014\/06\/mg_1461-768x512.jpg 768w\" sizes=\"auto, (max-width: 302px) 100vw, 302px\" \/><img loading=\"lazy\" decoding=\"async\" class=\" size-full wp-image-2631\" src=\"https:\/\/www.galeriadocrashed.com\/wordpress\/wp-content\/uploads\/2014\/06\/mg_1466.jpg\" border=\"0\" alt=\"4\u00ba anivers\u00e1rio Mafracl\u00e1ssicos\" width=\"300\" height=\"200\" srcset=\"https:\/\/www.galeriadocrashed.com\/site\/wp-content\/uploads\/2014\/06\/mg_1466.jpg 800w, https:\/\/www.galeriadocrashed.com\/site\/wp-content\/uploads\/2014\/06\/mg_1466-300x200.jpg 300w, https:\/\/www.galeriadocrashed.com\/site\/wp-content\/uploads\/2014\/06\/mg_1466-768x512.jpg 768w\" sizes=\"auto, (max-width: 300px) 100vw, 300px\" \/><\/p>\n<p>\u00a0<\/p>\n<table border=\"0\">\n<tbody>\n<tr>\n<td><img loading=\"lazy\" decoding=\"async\" class=\" size-full wp-image-2632\" src=\"https:\/\/www.galeriadocrashed.com\/wordpress\/wp-content\/uploads\/2014\/06\/mg_1475.jpg\" border=\"0\" alt=\"4\u00ba anivers\u00e1rio Mafracl\u00e1ssicos\" width=\"200\" height=\"133\" srcset=\"https:\/\/www.galeriadocrashed.com\/site\/wp-content\/uploads\/2014\/06\/mg_1475.jpg 800w, https:\/\/www.galeriadocrashed.com\/site\/wp-content\/uploads\/2014\/06\/mg_1475-300x200.jpg 300w, https:\/\/www.galeriadocrashed.com\/site\/wp-content\/uploads\/2014\/06\/mg_1475-768x512.jpg 768w\" sizes=\"auto, (max-width: 200px) 100vw, 200px\" \/><\/td>\n<td><img loading=\"lazy\" decoding=\"async\" class=\" size-full wp-image-2633\" src=\"https:\/\/www.galeriadocrashed.com\/wordpress\/wp-content\/uploads\/2014\/06\/mg_1464.jpg\" border=\"0\" alt=\"4\u00ba anivers\u00e1rio Mafracl\u00e1ssicos\" width=\"200\" height=\"133\" srcset=\"https:\/\/www.galeriadocrashed.com\/site\/wp-content\/uploads\/2014\/06\/mg_1464.jpg 800w, https:\/\/www.galeriadocrashed.com\/site\/wp-content\/uploads\/2014\/06\/mg_1464-300x200.jpg 300w, https:\/\/www.galeriadocrashed.com\/site\/wp-content\/uploads\/2014\/06\/mg_1464-768x512.jpg 768w\" sizes=\"auto, (max-width: 200px) 100vw, 200px\" \/><\/td>\n<td><img loading=\"lazy\" decoding=\"async\" class=\" size-full wp-image-2634\" src=\"https:\/\/www.galeriadocrashed.com\/wordpress\/wp-content\/uploads\/2014\/06\/mg_1508.jpg\" border=\"0\" alt=\"4\u00ba anivers\u00e1rio Mafracl\u00e1ssicos\" width=\"200\" height=\"133\" srcset=\"https:\/\/www.galeriadocrashed.com\/site\/wp-content\/uploads\/2014\/06\/mg_1508.jpg 800w, https:\/\/www.galeriadocrashed.com\/site\/wp-content\/uploads\/2014\/06\/mg_1508-300x200.jpg 300w, https:\/\/www.galeriadocrashed.com\/site\/wp-content\/uploads\/2014\/06\/mg_1508-768x512.jpg 768w\" sizes=\"auto, (max-width: 200px) 100vw, 200px\" \/><\/td>\n<\/tr>\n<\/tbody>\n<\/table>\n<p>\u00a0<\/p>\n<p>Parab\u00e9ns ao Mafracl\u00e1ssicos pelo 4\u00ba anivers\u00e1rio e pelo excelente encontro que proporcionaram mesmo com todas as condicionantes<\/p>\n<p>\u00a0<\/p>\n<p><a href=\"2014-06-22-4-aniversario-mafraclassicos.html\">CLIQUE AQUI<\/a><span>\u00a0para ver as restantes fotos na nossa galeria de imagens.<\/span><\/p>\n<p><a href=\"mailto:crashed@galeriadocrashed.com\">crashed@galeriadocrashed.com<\/a><\/p>\n","protected":false},"excerpt":{"rendered":"<p>Realizou-se no passado domingo mais um encontro do Mafracl\u00e1ssicos, este para comemorar o 4\u00ba Anivers\u00e1rio dos mesmos, assim sendo pela&hellip;<\/p>\n","protected":false},"author":1,"featured_media":2629,"comment_status":"closed","ping_status":"open","sticky":false,"template":"","format":"standard","meta":{"_seopress_robots_primary_cat":"","_seopress_titles_title":"","_seopress_titles_desc":"","_seopress_robots_index":"","ngg_post_thumbnail":0,"footnotes":""},"categories":[39],"tags":[],"class_list":["post-2635","post","type-post","status-publish","format-standard","has-post-thumbnail","hentry","category-eventos-eventos"],"_links":{"self":[{"href":"https:\/\/www.galeriadocrashed.com\/site\/wp-json\/wp\/v2\/posts\/2635","targetHints":{"allow":["GET"]}}],"collection":[{"href":"https:\/\/www.galeriadocrashed.com\/site\/wp-json\/wp\/v2\/posts"}],"about":[{"href":"https:\/\/www.galeriadocrashed.com\/site\/wp-json\/wp\/v2\/types\/post"}],"author":[{"embeddable":true,"href":"https:\/\/www.galeriadocrashed.com\/site\/wp-json\/wp\/v2\/users\/1"}],"replies":[{"embeddable":true,"href":"https:\/\/www.galeriadocrashed.com\/site\/wp-json\/wp\/v2\/comments?post=2635"}],"version-history":[{"count":1,"href":"https:\/\/www.galeriadocrashed.com\/site\/wp-json\/wp\/v2\/posts\/2635\/revisions"}],"predecessor-version":[{"id":3156,"href":"https:\/\/www.galeriadocrashed.com\/site\/wp-json\/wp\/v2\/posts\/2635\/revisions\/3156"}],"wp:featuredmedia":[{"embeddable":true,"href":"https:\/\/www.galeriadocrashed.com\/site\/wp-json\/wp\/v2\/media\/2629"}],"wp:attachment":[{"href":"https:\/\/www.galeriadocrashed.com\/site\/wp-json\/wp\/v2\/media?parent=2635"}],"wp:term":[{"taxonomy":"category","embeddable":true,"href":"https:\/\/www.galeriadocrashed.com\/site\/wp-json\/wp\/v2\/categories?post=2635"},{"taxonomy":"post_tag","embeddable":true,"href":"https:\/\/www.galeriadocrashed.com\/site\/wp-json\/wp\/v2\/tags?post=2635"}],"curies":[{"name":"wp","href":"https:\/\/api.w.org\/{rel}","templated":true}]}}