{"id":2668,"date":"2014-09-28T19:29:31","date_gmt":"2014-09-28T18:29:31","guid":{"rendered":"https:\/\/www.galeriadocrashed.com\/wordpress\/index.php\/2014\/09\/28\/rampa-de-santa-luzia-reeditada-pelo-viana-motor-clube\/"},"modified":"2022-01-10T18:27:07","modified_gmt":"2022-01-10T17:27:07","slug":"rampa-de-santa-luzia-reeditada-pelo-viana-motor-clube","status":"publish","type":"post","link":"https:\/\/www.galeriadocrashed.com\/site\/rampa-de-santa-luzia-reeditada-pelo-viana-motor-clube\/","title":{"rendered":"Rampa de Santa Luzia reeditada pelo Viana Motor Clube"},"content":{"rendered":"<div style=\"margin-top: 0px; margin-bottom: 0px;\" class=\"sharethis-inline-share-buttons\" ><\/div><p><span class=\"userContent\">Os carros de competi\u00e7\u00e3o regressaram ao tra\u00e7ado da Rampa de St.\u00aa Luzia ontem, num evento organizado pelo Viana Motor<span class=\"text_exposed_show\"> Clube com o apoio da C\u00e2mara Municipal de Viana do Castelo.<\/span><\/span><\/p>\n<table border=\"0\" align=\"center\">\n<tbody>\n<tr>\n<td><img loading=\"lazy\" decoding=\"async\" class=\" size-full wp-image-2659\" src=\"https:\/\/www.galeriadocrashed.com\/wordpress\/wp-content\/uploads\/2014\/09\/Image00125.jpg\" border=\"0\" alt=\"santaluzia125\" width=\"600\" height=\"401\" style=\"vertical-align: middle;\" srcset=\"https:\/\/www.galeriadocrashed.com\/site\/wp-content\/uploads\/2014\/09\/Image00125.jpg 804w, https:\/\/www.galeriadocrashed.com\/site\/wp-content\/uploads\/2014\/09\/Image00125-300x200.jpg 300w, https:\/\/www.galeriadocrashed.com\/site\/wp-content\/uploads\/2014\/09\/Image00125-768x513.jpg 768w\" sizes=\"auto, (max-width: 600px) 100vw, 600px\" \/><\/td>\n<\/tr>\n<\/tbody>\n<\/table>\n<p style=\"text-align: justify;\"><span class=\"userContent\"><span class=\"text_exposed_show\">Tratou-se da \u201cRampa de St.\u00aa Luzia \u2013 Sports &amp; Classics\u201d, um evento inteiramente dedicado \u00e0 reedi\u00e7\u00e3o da hist\u00f3rica Rampa de St.\u00aa Luzia que teve a sua \u00faltima edi\u00e7\u00e3o em 1986 e que aliou a vertente tur\u00edstica da XIV Concentra\u00e7\u00e3o de Cl\u00e1ssicos de Viana do Castelo \u00e0 vertente Competi\u00e7\u00e3o da Rampa Sports &amp; Classics.<\/p>\n<p> A XIV Concentra\u00e7\u00e3o de Cl\u00e1ssicos teve\u00a0 in\u00edcio no Centro de Viana do Castelo, com o encontro marcado na Avenida dos Combatentes, onde os carros permaneceram expostos durante a manh\u00e3, seguindo depois para os diferentes parques reservados em redor do Centro Hist\u00f3rico.<\/span><\/span><\/p>\n<table border=\"0\" align=\"center\">\n<tbody>\n<tr>\n<td><img loading=\"lazy\" decoding=\"async\" class=\" size-full wp-image-2660\" src=\"https:\/\/www.galeriadocrashed.com\/wordpress\/wp-content\/uploads\/2014\/09\/image00013.jpg\" border=\"0\" alt=\"santaluzia13\" width=\"200\" height=\"134\" srcset=\"https:\/\/www.galeriadocrashed.com\/site\/wp-content\/uploads\/2014\/09\/image00013.jpg 804w, https:\/\/www.galeriadocrashed.com\/site\/wp-content\/uploads\/2014\/09\/image00013-300x200.jpg 300w, https:\/\/www.galeriadocrashed.com\/site\/wp-content\/uploads\/2014\/09\/image00013-768x513.jpg 768w\" sizes=\"auto, (max-width: 200px) 100vw, 200px\" \/><\/td>\n<td><img loading=\"lazy\" decoding=\"async\" class=\" size-full wp-image-2661\" src=\"https:\/\/www.galeriadocrashed.com\/wordpress\/wp-content\/uploads\/2014\/09\/image00038.jpg\" border=\"0\" alt=\"santaluzia38\" width=\"200\" height=\"134\" srcset=\"https:\/\/www.galeriadocrashed.com\/site\/wp-content\/uploads\/2014\/09\/image00038.jpg 804w, https:\/\/www.galeriadocrashed.com\/site\/wp-content\/uploads\/2014\/09\/image00038-300x200.jpg 300w, https:\/\/www.galeriadocrashed.com\/site\/wp-content\/uploads\/2014\/09\/image00038-768x513.jpg 768w\" sizes=\"auto, (max-width: 200px) 100vw, 200px\" \/><\/td>\n<td><img loading=\"lazy\" decoding=\"async\" class=\" size-full wp-image-2662\" src=\"https:\/\/www.galeriadocrashed.com\/wordpress\/wp-content\/uploads\/2014\/09\/image00022.jpg\" border=\"0\" alt=\"santaluzia22\" width=\"200\" height=\"134\" srcset=\"https:\/\/www.galeriadocrashed.com\/site\/wp-content\/uploads\/2014\/09\/image00022.jpg 804w, https:\/\/www.galeriadocrashed.com\/site\/wp-content\/uploads\/2014\/09\/image00022-300x200.jpg 300w, https:\/\/www.galeriadocrashed.com\/site\/wp-content\/uploads\/2014\/09\/image00022-768x513.jpg 768w\" sizes=\"auto, (max-width: 200px) 100vw, 200px\" \/><\/td>\n<\/tr>\n<tr>\n<td><img loading=\"lazy\" decoding=\"async\" class=\" size-full wp-image-2663\" src=\"https:\/\/www.galeriadocrashed.com\/wordpress\/wp-content\/uploads\/2014\/09\/image00053.jpg\" border=\"0\" alt=\"santaluzia53\" width=\"200\" height=\"134\" srcset=\"https:\/\/www.galeriadocrashed.com\/site\/wp-content\/uploads\/2014\/09\/image00053.jpg 804w, https:\/\/www.galeriadocrashed.com\/site\/wp-content\/uploads\/2014\/09\/image00053-300x200.jpg 300w, https:\/\/www.galeriadocrashed.com\/site\/wp-content\/uploads\/2014\/09\/image00053-768x513.jpg 768w\" sizes=\"auto, (max-width: 200px) 100vw, 200px\" \/><\/td>\n<td><img loading=\"lazy\" decoding=\"async\" class=\" size-full wp-image-2664\" src=\"https:\/\/www.galeriadocrashed.com\/wordpress\/wp-content\/uploads\/2014\/09\/image00052.jpg\" border=\"0\" alt=\"santaluzia52\" width=\"200\" height=\"134\" srcset=\"https:\/\/www.galeriadocrashed.com\/site\/wp-content\/uploads\/2014\/09\/image00052.jpg 804w, https:\/\/www.galeriadocrashed.com\/site\/wp-content\/uploads\/2014\/09\/image00052-300x200.jpg 300w, https:\/\/www.galeriadocrashed.com\/site\/wp-content\/uploads\/2014\/09\/image00052-768x513.jpg 768w\" sizes=\"auto, (max-width: 200px) 100vw, 200px\" \/><\/td>\n<td><img loading=\"lazy\" decoding=\"async\" class=\" size-full wp-image-2665\" src=\"https:\/\/www.galeriadocrashed.com\/wordpress\/wp-content\/uploads\/2014\/09\/image00069.jpg\" border=\"0\" alt=\"santaluzia69\" width=\"200\" height=\"134\" srcset=\"https:\/\/www.galeriadocrashed.com\/site\/wp-content\/uploads\/2014\/09\/image00069.jpg 804w, https:\/\/www.galeriadocrashed.com\/site\/wp-content\/uploads\/2014\/09\/image00069-300x200.jpg 300w, https:\/\/www.galeriadocrashed.com\/site\/wp-content\/uploads\/2014\/09\/image00069-768x513.jpg 768w\" sizes=\"auto, (max-width: 200px) 100vw, 200px\" \/><\/td>\n<\/tr>\n<\/tbody>\n<\/table>\n<p style=\"text-align: justify;\"><span class=\"userContent\"><span class=\"text_exposed_show\"><br \/> Ap\u00f3s a pausa para almo\u00e7o, deu-se in\u00edcio ao Evento com o Desfile de Abertura da Rampa de St.\u00aa Luzia \u2013 Sports &amp; Classics, a primeira subida deste evento foi efectuada pelos participantes da XIV Concentra\u00e7\u00e3o de Cl\u00e1ssicos. <\/p>\n<p> Pelas 15.00h foi ent\u00e3o a vez dos Cl\u00e1ssicos e Desportivos de competi\u00e7\u00e3o entrarem em ac\u00e7\u00e3o, fazendo\u00a0 tr\u00eas subidas de exibi\u00e7\u00e3o que trouxeram \u00e0 mem\u00f3ria de todos os Vianenses e amantes do desporto autom\u00f3vel, os anos de ouro da Rampa de St.\u00aa Luzia.<\/span><\/span><\/p>\n<table border=\"0\" align=\"center\">\n<tbody>\n<tr>\n<td><img loading=\"lazy\" decoding=\"async\" class=\" size-full wp-image-2666\" src=\"https:\/\/www.galeriadocrashed.com\/wordpress\/wp-content\/uploads\/2014\/09\/image00145.jpg\" border=\"0\" alt=\"santaluzia145\" width=\"300\" height=\"200\" srcset=\"https:\/\/www.galeriadocrashed.com\/site\/wp-content\/uploads\/2014\/09\/image00145.jpg 804w, https:\/\/www.galeriadocrashed.com\/site\/wp-content\/uploads\/2014\/09\/image00145-300x200.jpg 300w, https:\/\/www.galeriadocrashed.com\/site\/wp-content\/uploads\/2014\/09\/image00145-768x513.jpg 768w\" sizes=\"auto, (max-width: 300px) 100vw, 300px\" \/><\/td>\n<td><img loading=\"lazy\" decoding=\"async\" class=\" size-full wp-image-2667\" src=\"https:\/\/www.galeriadocrashed.com\/wordpress\/wp-content\/uploads\/2014\/09\/image00115.jpg\" border=\"0\" alt=\"santaluzia115\" width=\"300\" height=\"200\" srcset=\"https:\/\/www.galeriadocrashed.com\/site\/wp-content\/uploads\/2014\/09\/image00115.jpg 804w, https:\/\/www.galeriadocrashed.com\/site\/wp-content\/uploads\/2014\/09\/image00115-300x200.jpg 300w, https:\/\/www.galeriadocrashed.com\/site\/wp-content\/uploads\/2014\/09\/image00115-768x513.jpg 768w\" sizes=\"auto, (max-width: 300px) 100vw, 300px\" \/><\/td>\n<\/tr>\n<\/tbody>\n<\/table>\n<p><span class=\"userContent\"><span class=\"text_exposed_show\">Visite <a href=\"..\/categories.php?cat_id=619\">AQUI<\/a>\u00a0 a nossa galeria de imagens deste evento.<br \/><\/span><\/span><\/p>\n","protected":false},"excerpt":{"rendered":"<p>Os carros de competi\u00e7\u00e3o regressaram ao tra\u00e7ado da Rampa de St.\u00aa Luzia ontem, num evento organizado pelo Viana Motor Clube&hellip;<\/p>\n","protected":false},"author":1,"featured_media":2659,"comment_status":"closed","ping_status":"open","sticky":false,"template":"","format":"standard","meta":{"_seopress_robots_primary_cat":"","_seopress_titles_title":"","_seopress_titles_desc":"","_seopress_robots_index":"","ngg_post_thumbnail":0,"footnotes":""},"categories":[39],"tags":[],"class_list":["post-2668","post","type-post","status-publish","format-standard","has-post-thumbnail","hentry","category-eventos-eventos"],"_links":{"self":[{"href":"https:\/\/www.galeriadocrashed.com\/site\/wp-json\/wp\/v2\/posts\/2668","targetHints":{"allow":["GET"]}}],"collection":[{"href":"https:\/\/www.galeriadocrashed.com\/site\/wp-json\/wp\/v2\/posts"}],"about":[{"href":"https:\/\/www.galeriadocrashed.com\/site\/wp-json\/wp\/v2\/types\/post"}],"author":[{"embeddable":true,"href":"https:\/\/www.galeriadocrashed.com\/site\/wp-json\/wp\/v2\/users\/1"}],"replies":[{"embeddable":true,"href":"https:\/\/www.galeriadocrashed.com\/site\/wp-json\/wp\/v2\/comments?post=2668"}],"version-history":[{"count":1,"href":"https:\/\/www.galeriadocrashed.com\/site\/wp-json\/wp\/v2\/posts\/2668\/revisions"}],"predecessor-version":[{"id":3152,"href":"https:\/\/www.galeriadocrashed.com\/site\/wp-json\/wp\/v2\/posts\/2668\/revisions\/3152"}],"wp:featuredmedia":[{"embeddable":true,"href":"https:\/\/www.galeriadocrashed.com\/site\/wp-json\/wp\/v2\/media\/2659"}],"wp:attachment":[{"href":"https:\/\/www.galeriadocrashed.com\/site\/wp-json\/wp\/v2\/media?parent=2668"}],"wp:term":[{"taxonomy":"category","embeddable":true,"href":"https:\/\/www.galeriadocrashed.com\/site\/wp-json\/wp\/v2\/categories?post=2668"},{"taxonomy":"post_tag","embeddable":true,"href":"https:\/\/www.galeriadocrashed.com\/site\/wp-json\/wp\/v2\/tags?post=2668"}],"curies":[{"name":"wp","href":"https:\/\/api.w.org\/{rel}","templated":true}]}}