{"id":2685,"date":"2014-10-31T14:41:42","date_gmt":"2014-10-31T13:41:42","guid":{"rendered":"https:\/\/www.galeriadocrashed.com\/wordpress\/index.php\/2014\/10\/31\/2014-10-26-53-encontro-mafraclassicos\/"},"modified":"2022-01-10T18:27:07","modified_gmt":"2022-01-10T17:27:07","slug":"2014-10-26-53-encontro-mafraclassicos","status":"publish","type":"post","link":"https:\/\/www.galeriadocrashed.com\/site\/2014-10-26-53-encontro-mafraclassicos\/","title":{"rendered":"2014-10-26 &#8211; 53\u00ba Encontro MafraCl\u00e1ssicos"},"content":{"rendered":"<div style=\"margin-top: 0px; margin-bottom: 0px;\" class=\"sharethis-inline-share-buttons\" ><\/div><p>Realizou-se no passado dia 26 de Outubro o 53\u00ba Encontro do Mafracl\u00e1ssicos, o mesmo teve inicio no <span>parque desportivo de<\/span>\u00a0Mafra e ap\u00f3s um caf\u00e9 e uns bolinhos e uns dedos de conversa saiu-se em caravana passando pela Sra. do O, Foz do Lizandro, com paragem na Praia dos Pescadores na Ericeira e de volta a Mafra para almo\u00e7o no Quartel dos Bombeiros <span>Volunt\u00e1rios\u00a0<\/span>de Mafra. O almo\u00e7o servir para ajudar os Bombeiros a amealhar dinheiro para ajuda da repara\u00e7\u00e3o de uma ambul\u00e2ncia.<\/p>\n<p>\u00a0<img loading=\"lazy\" decoding=\"async\" class=\" size-full wp-image-2681\" src=\"https:\/\/www.galeriadocrashed.com\/wordpress\/wp-content\/uploads\/2014\/10\/mg_3642.jpg\" border=\"0\" alt=\"53\u00ba Mafracl\u00e1ssicos\" width=\"640\" height=\"426\" srcset=\"https:\/\/www.galeriadocrashed.com\/site\/wp-content\/uploads\/2014\/10\/mg_3642.jpg 800w, https:\/\/www.galeriadocrashed.com\/site\/wp-content\/uploads\/2014\/10\/mg_3642-300x200.jpg 300w, https:\/\/www.galeriadocrashed.com\/site\/wp-content\/uploads\/2014\/10\/mg_3642-768x512.jpg 768w\" sizes=\"auto, (max-width: 640px) 100vw, 640px\" \/><\/p>\n<table border=\"0\">\n<tbody>\n<tr>\n<td><img loading=\"lazy\" decoding=\"async\" class=\" size-full wp-image-2682\" src=\"https:\/\/www.galeriadocrashed.com\/wordpress\/wp-content\/uploads\/2014\/10\/mg_3513.jpg\" border=\"0\" alt=\"53\u00ba MafraCl\u00e1ssicos\" width=\"200\" height=\"133\" srcset=\"https:\/\/www.galeriadocrashed.com\/site\/wp-content\/uploads\/2014\/10\/mg_3513.jpg 800w, https:\/\/www.galeriadocrashed.com\/site\/wp-content\/uploads\/2014\/10\/mg_3513-300x200.jpg 300w, https:\/\/www.galeriadocrashed.com\/site\/wp-content\/uploads\/2014\/10\/mg_3513-768x512.jpg 768w\" sizes=\"auto, (max-width: 200px) 100vw, 200px\" \/><\/td>\n<td><img loading=\"lazy\" decoding=\"async\" class=\" size-full wp-image-2683\" src=\"https:\/\/www.galeriadocrashed.com\/wordpress\/wp-content\/uploads\/2014\/10\/mg_3500.jpg\" border=\"0\" alt=\"53\u00ba MafraCl\u00e1ssicos\" width=\"200\" height=\"133\" srcset=\"https:\/\/www.galeriadocrashed.com\/site\/wp-content\/uploads\/2014\/10\/mg_3500.jpg 800w, https:\/\/www.galeriadocrashed.com\/site\/wp-content\/uploads\/2014\/10\/mg_3500-300x200.jpg 300w, https:\/\/www.galeriadocrashed.com\/site\/wp-content\/uploads\/2014\/10\/mg_3500-768x512.jpg 768w\" sizes=\"auto, (max-width: 200px) 100vw, 200px\" \/><\/td>\n<td><img loading=\"lazy\" decoding=\"async\" class=\" size-full wp-image-2684\" src=\"https:\/\/www.galeriadocrashed.com\/wordpress\/wp-content\/uploads\/2014\/10\/mg_3794.jpg\" border=\"0\" alt=\"53\u00ba MafraCl\u00e1ssicos\" width=\"200\" height=\"133\" srcset=\"https:\/\/www.galeriadocrashed.com\/site\/wp-content\/uploads\/2014\/10\/mg_3794.jpg 800w, https:\/\/www.galeriadocrashed.com\/site\/wp-content\/uploads\/2014\/10\/mg_3794-300x200.jpg 300w, https:\/\/www.galeriadocrashed.com\/site\/wp-content\/uploads\/2014\/10\/mg_3794-768x512.jpg 768w\" sizes=\"auto, (max-width: 200px) 100vw, 200px\" \/><\/td>\n<\/tr>\n<\/tbody>\n<\/table>\n<p>\u00a0<\/p>\n<p>De agradecer ao pessoal das motos pelo excelente servi\u00e7o ao ajudar a fluir a caravana bloqueando o transito para que o pessoal fosse todo junto e a sempre excelente organiza\u00e7\u00e3o do Mafracl\u00e1ssicos.<\/p>\n<p><a href=\"2014-10-26-53-encontro-mafraclassicos.html\">CLIQUE AQUI<\/a><span>\u00a0para ver as restantes fotos na nossa galeria de imagens.<\/span><\/p>\n<p><a href=\"mailto:crashed@galeriadocrashed.com\">crashed@galeriadocrashed.com<\/a><\/p>\n","protected":false},"excerpt":{"rendered":"<p>Realizou-se no passado dia 26 de Outubro o 53\u00ba Encontro do Mafracl\u00e1ssicos, o mesmo teve inicio no parque desportivo de\u00a0Mafra&hellip;<\/p>\n","protected":false},"author":1,"featured_media":2681,"comment_status":"closed","ping_status":"open","sticky":false,"template":"","format":"standard","meta":{"_seopress_robots_primary_cat":"","_seopress_titles_title":"","_seopress_titles_desc":"","_seopress_robots_index":"","ngg_post_thumbnail":0,"footnotes":""},"categories":[39],"tags":[],"class_list":["post-2685","post","type-post","status-publish","format-standard","has-post-thumbnail","hentry","category-eventos-eventos"],"_links":{"self":[{"href":"https:\/\/www.galeriadocrashed.com\/site\/wp-json\/wp\/v2\/posts\/2685","targetHints":{"allow":["GET"]}}],"collection":[{"href":"https:\/\/www.galeriadocrashed.com\/site\/wp-json\/wp\/v2\/posts"}],"about":[{"href":"https:\/\/www.galeriadocrashed.com\/site\/wp-json\/wp\/v2\/types\/post"}],"author":[{"embeddable":true,"href":"https:\/\/www.galeriadocrashed.com\/site\/wp-json\/wp\/v2\/users\/1"}],"replies":[{"embeddable":true,"href":"https:\/\/www.galeriadocrashed.com\/site\/wp-json\/wp\/v2\/comments?post=2685"}],"version-history":[{"count":1,"href":"https:\/\/www.galeriadocrashed.com\/site\/wp-json\/wp\/v2\/posts\/2685\/revisions"}],"predecessor-version":[{"id":3148,"href":"https:\/\/www.galeriadocrashed.com\/site\/wp-json\/wp\/v2\/posts\/2685\/revisions\/3148"}],"wp:featuredmedia":[{"embeddable":true,"href":"https:\/\/www.galeriadocrashed.com\/site\/wp-json\/wp\/v2\/media\/2681"}],"wp:attachment":[{"href":"https:\/\/www.galeriadocrashed.com\/site\/wp-json\/wp\/v2\/media?parent=2685"}],"wp:term":[{"taxonomy":"category","embeddable":true,"href":"https:\/\/www.galeriadocrashed.com\/site\/wp-json\/wp\/v2\/categories?post=2685"},{"taxonomy":"post_tag","embeddable":true,"href":"https:\/\/www.galeriadocrashed.com\/site\/wp-json\/wp\/v2\/tags?post=2685"}],"curies":[{"name":"wp","href":"https:\/\/api.w.org\/{rel}","templated":true}]}}