{"id":2716,"date":"2015-02-03T15:11:43","date_gmt":"2015-02-03T14:11:43","guid":{"rendered":"https:\/\/www.galeriadocrashed.com\/wordpress\/index.php\/2015\/02\/03\/2015-02-01-encontro-datsunpt-e-visita-coleccao-fs-automoveis\/"},"modified":"2022-01-10T18:27:07","modified_gmt":"2022-01-10T17:27:07","slug":"2015-02-01-encontro-datsunpt-e-visita-coleccao-fs-automoveis","status":"publish","type":"post","link":"https:\/\/www.galeriadocrashed.com\/site\/2015-02-01-encontro-datsunpt-e-visita-coleccao-fs-automoveis\/","title":{"rendered":"2015-02-01 Encontro DatsunPT e visita colec\u00e7\u00e3o FS Autom\u00f3veis"},"content":{"rendered":"<div style=\"margin-top: 0px; margin-bottom: 0px;\" class=\"sharethis-inline-share-buttons\" ><\/div><p>No passado domingo dia 02 de Fevereiro realizou-se mais um encontro mensal do <a href=\"http:\/\/www.datsunpt.com\" target=\"_blank\" rel=\"noopener\">DatsunPT<\/a>\u00a0da zona de Lisboa, encontro este que teve um excelente extra, que foi a visita a excelente colec\u00e7\u00e3o de Datsuns do Fernando Soares (FS Autom\u00f3veis)<\/p>\n<p>Encontro do pessoal no local habitual em Alg\u00e9s e de seguida a desloca\u00e7\u00e3o at\u00e9 Lisboa<\/p>\n<p><img loading=\"lazy\" decoding=\"async\" class=\" size-full wp-image-2708\" src=\"https:\/\/www.galeriadocrashed.com\/wordpress\/wp-content\/uploads\/2015\/02\/mg_7705.jpg\" border=\"0\" alt=\"2015-02-01 - Encontro DatsunPT Lisboa\" width=\"640\" height=\"426\" srcset=\"https:\/\/www.galeriadocrashed.com\/site\/wp-content\/uploads\/2015\/02\/mg_7705.jpg 800w, https:\/\/www.galeriadocrashed.com\/site\/wp-content\/uploads\/2015\/02\/mg_7705-300x200.jpg 300w, https:\/\/www.galeriadocrashed.com\/site\/wp-content\/uploads\/2015\/02\/mg_7705-768x512.jpg 768w\" sizes=\"auto, (max-width: 640px) 100vw, 640px\" \/><\/p>\n<table border=\"0\">\n<tbody>\n<tr>\n<td><img loading=\"lazy\" decoding=\"async\" class=\" size-full wp-image-2709\" src=\"https:\/\/www.galeriadocrashed.com\/wordpress\/wp-content\/uploads\/2015\/02\/mg_7717.jpg\" border=\"0\" alt=\"2015-02-01 - Encontro DatsunPT Lisboa\" width=\"200\" height=\"133\" srcset=\"https:\/\/www.galeriadocrashed.com\/site\/wp-content\/uploads\/2015\/02\/mg_7717.jpg 800w, https:\/\/www.galeriadocrashed.com\/site\/wp-content\/uploads\/2015\/02\/mg_7717-300x200.jpg 300w, https:\/\/www.galeriadocrashed.com\/site\/wp-content\/uploads\/2015\/02\/mg_7717-768x512.jpg 768w\" sizes=\"auto, (max-width: 200px) 100vw, 200px\" \/><\/td>\n<td><img loading=\"lazy\" decoding=\"async\" class=\" size-full wp-image-2710\" src=\"https:\/\/www.galeriadocrashed.com\/wordpress\/wp-content\/uploads\/2015\/02\/mg_7747.jpg\" border=\"0\" alt=\"2015-02-01 - Encontro DatsunPT Lisboa\" width=\"200\" height=\"133\" srcset=\"https:\/\/www.galeriadocrashed.com\/site\/wp-content\/uploads\/2015\/02\/mg_7747.jpg 800w, https:\/\/www.galeriadocrashed.com\/site\/wp-content\/uploads\/2015\/02\/mg_7747-300x200.jpg 300w, https:\/\/www.galeriadocrashed.com\/site\/wp-content\/uploads\/2015\/02\/mg_7747-768x512.jpg 768w\" sizes=\"auto, (max-width: 200px) 100vw, 200px\" \/><\/td>\n<td><img loading=\"lazy\" decoding=\"async\" class=\" size-full wp-image-2711\" src=\"https:\/\/www.galeriadocrashed.com\/wordpress\/wp-content\/uploads\/2015\/02\/mg_7811.jpg\" border=\"0\" alt=\"2015-02-01 - Encontro DatsunPT Lisboa\" width=\"200\" height=\"133\" srcset=\"https:\/\/www.galeriadocrashed.com\/site\/wp-content\/uploads\/2015\/02\/mg_7811.jpg 800w, https:\/\/www.galeriadocrashed.com\/site\/wp-content\/uploads\/2015\/02\/mg_7811-300x200.jpg 300w, https:\/\/www.galeriadocrashed.com\/site\/wp-content\/uploads\/2015\/02\/mg_7811-768x512.jpg 768w\" sizes=\"auto, (max-width: 200px) 100vw, 200px\" \/><\/td>\n<\/tr>\n<\/tbody>\n<\/table>\n<p>\u00a0Ao chegarmos ao stand do Fernando Soares esperava-nos um belo pequeno almo\u00e7o oferecido pelo mesmo, de seguida j\u00e1 de barriga cheia l\u00e1 fomos ver o que pudemos chamar de museu, onde pudemos apreciar v\u00e1rios autom\u00f3veis Datsun , Minis e afins com v\u00e1rios palmar\u00e9s nacionais e ouvir as hist\u00f3rias por detr\u00e1s de cada modelo pela voz do Fernando Soares e com a ajuda do Eduardo Gomes e de um ex mec\u00e2nico do Entreposto na altura do Team Kendal.<br \/>Tivemos ainda oportunidade de ver outros veiculos em exposi\u00e7\u00e3o e uma zona que era um autentico stand Datsun com v\u00e1rios modelos bastante raros.<\/p>\n<p><img loading=\"lazy\" decoding=\"async\" class=\" size-full wp-image-2712\" src=\"https:\/\/www.galeriadocrashed.com\/wordpress\/wp-content\/uploads\/2015\/02\/mg_7847.jpg\" border=\"0\" alt=\"2015-02-01 - Encontro DatsunPT Lisboa\" width=\"640\" height=\"426\" srcset=\"https:\/\/www.galeriadocrashed.com\/site\/wp-content\/uploads\/2015\/02\/mg_7847.jpg 800w, https:\/\/www.galeriadocrashed.com\/site\/wp-content\/uploads\/2015\/02\/mg_7847-300x200.jpg 300w, https:\/\/www.galeriadocrashed.com\/site\/wp-content\/uploads\/2015\/02\/mg_7847-768x512.jpg 768w\" sizes=\"auto, (max-width: 640px) 100vw, 640px\" \/><\/p>\n<table border=\"0\">\n<tbody>\n<tr>\n<td><img loading=\"lazy\" decoding=\"async\" class=\" size-full wp-image-2713\" src=\"https:\/\/www.galeriadocrashed.com\/wordpress\/wp-content\/uploads\/2015\/02\/mg_7805.jpg\" border=\"0\" alt=\"2015-02-01 - Encontro DatsunPT Lisboa\" width=\"200\" height=\"133\" srcset=\"https:\/\/www.galeriadocrashed.com\/site\/wp-content\/uploads\/2015\/02\/mg_7805.jpg 800w, https:\/\/www.galeriadocrashed.com\/site\/wp-content\/uploads\/2015\/02\/mg_7805-300x200.jpg 300w, https:\/\/www.galeriadocrashed.com\/site\/wp-content\/uploads\/2015\/02\/mg_7805-768x512.jpg 768w\" sizes=\"auto, (max-width: 200px) 100vw, 200px\" \/><\/td>\n<td><img loading=\"lazy\" decoding=\"async\" class=\" size-full wp-image-2714\" src=\"https:\/\/www.galeriadocrashed.com\/wordpress\/wp-content\/uploads\/2015\/02\/mg_7831.jpg\" border=\"0\" alt=\"2015-02-01 - Encontro DatsunPT Lisboa\" width=\"200\" height=\"133\" srcset=\"https:\/\/www.galeriadocrashed.com\/site\/wp-content\/uploads\/2015\/02\/mg_7831.jpg 800w, https:\/\/www.galeriadocrashed.com\/site\/wp-content\/uploads\/2015\/02\/mg_7831-300x200.jpg 300w, https:\/\/www.galeriadocrashed.com\/site\/wp-content\/uploads\/2015\/02\/mg_7831-768x512.jpg 768w\" sizes=\"auto, (max-width: 200px) 100vw, 200px\" \/><\/td>\n<td><img loading=\"lazy\" decoding=\"async\" class=\" size-full wp-image-2715\" src=\"https:\/\/www.galeriadocrashed.com\/wordpress\/wp-content\/uploads\/2015\/02\/mg_8030.jpg\" border=\"0\" alt=\"2015-02-01 - Encontro DatsunPT Lisboa\" width=\"200\" height=\"133\" srcset=\"https:\/\/www.galeriadocrashed.com\/site\/wp-content\/uploads\/2015\/02\/mg_8030.jpg 800w, https:\/\/www.galeriadocrashed.com\/site\/wp-content\/uploads\/2015\/02\/mg_8030-300x200.jpg 300w, https:\/\/www.galeriadocrashed.com\/site\/wp-content\/uploads\/2015\/02\/mg_8030-768x512.jpg 768w\" sizes=\"auto, (max-width: 200px) 100vw, 200px\" \/><\/td>\n<\/tr>\n<\/tbody>\n<\/table>\n<p>Para acabar em beleza fomos almo\u00e7ar a um belo rod\u00edzio onde deu para continuar o excelente conv\u00edvio.<\/p>\n<p><a href=\"2015-02-01-encontro-datsunpt-lisboa.html\" style=\"font-size: 12.1599998474121px; line-height: 1.3em;\">CLIQUE AQUI<\/a><span style=\"font-size: 12.1599998474121px; line-height: 1.3em;\">\u00a0para ver as restantes fotos na nossa galeria de imagens.<\/span><\/p>\n<p><a href=\"mailto:crashed@galeriadocrashed.com\">crashed@galeriadocrashed.com<\/a><\/p>\n<p>\u00a0<\/p>\n<p>Queremos agradecer mais uma ao Fernando Soares por nos ter deixado visitar e documentar a sua excelente colec\u00e7\u00e3o Datsun e ao DatsunPT.<\/p>\n<p>\u00a0<\/p>\n","protected":false},"excerpt":{"rendered":"<p>No passado domingo dia 02 de Fevereiro realizou-se mais um encontro mensal do DatsunPT\u00a0da zona de Lisboa, encontro este que&hellip;<\/p>\n","protected":false},"author":1,"featured_media":2708,"comment_status":"closed","ping_status":"open","sticky":false,"template":"","format":"standard","meta":{"_seopress_robots_primary_cat":"","_seopress_titles_title":"","_seopress_titles_desc":"","_seopress_robots_index":"","ngg_post_thumbnail":0,"footnotes":""},"categories":[39],"tags":[],"class_list":["post-2716","post","type-post","status-publish","format-standard","has-post-thumbnail","hentry","category-eventos-eventos"],"_links":{"self":[{"href":"https:\/\/www.galeriadocrashed.com\/site\/wp-json\/wp\/v2\/posts\/2716","targetHints":{"allow":["GET"]}}],"collection":[{"href":"https:\/\/www.galeriadocrashed.com\/site\/wp-json\/wp\/v2\/posts"}],"about":[{"href":"https:\/\/www.galeriadocrashed.com\/site\/wp-json\/wp\/v2\/types\/post"}],"author":[{"embeddable":true,"href":"https:\/\/www.galeriadocrashed.com\/site\/wp-json\/wp\/v2\/users\/1"}],"replies":[{"embeddable":true,"href":"https:\/\/www.galeriadocrashed.com\/site\/wp-json\/wp\/v2\/comments?post=2716"}],"version-history":[{"count":1,"href":"https:\/\/www.galeriadocrashed.com\/site\/wp-json\/wp\/v2\/posts\/2716\/revisions"}],"predecessor-version":[{"id":3144,"href":"https:\/\/www.galeriadocrashed.com\/site\/wp-json\/wp\/v2\/posts\/2716\/revisions\/3144"}],"wp:featuredmedia":[{"embeddable":true,"href":"https:\/\/www.galeriadocrashed.com\/site\/wp-json\/wp\/v2\/media\/2708"}],"wp:attachment":[{"href":"https:\/\/www.galeriadocrashed.com\/site\/wp-json\/wp\/v2\/media?parent=2716"}],"wp:term":[{"taxonomy":"category","embeddable":true,"href":"https:\/\/www.galeriadocrashed.com\/site\/wp-json\/wp\/v2\/categories?post=2716"},{"taxonomy":"post_tag","embeddable":true,"href":"https:\/\/www.galeriadocrashed.com\/site\/wp-json\/wp\/v2\/tags?post=2716"}],"curies":[{"name":"wp","href":"https:\/\/api.w.org\/{rel}","templated":true}]}}