{"id":2767,"date":"2015-10-18T18:27:32","date_gmt":"2015-10-18T17:27:32","guid":{"rendered":"https:\/\/www.galeriadocrashed.com\/wordpress\/index.php\/2015\/10\/18\/rali-viana-do-castelo-2015\/"},"modified":"2022-01-10T18:01:18","modified_gmt":"2022-01-10T17:01:18","slug":"rali-viana-do-castelo-2015","status":"publish","type":"post","link":"https:\/\/www.galeriadocrashed.com\/site\/rali-viana-do-castelo-2015\/","title":{"rendered":"Rali Viana do Castelo 2015"},"content":{"rendered":"<div style=\"margin-top: 0px; margin-bottom: 0px;\" class=\"sharethis-inline-share-buttons\" ><\/div><p>Carlos Vieira fez a sua estreia em asfalto ao volante do Ford Fiesta R5 e levou de vencida o 4\u00aa rali de Viana do Castelo que ontem acompanh\u00e1mos.<\/p>\n<p><img loading=\"lazy\" decoding=\"async\" class=\" size-full wp-image-2760\" src=\"https:\/\/www.galeriadocrashed.com\/wordpress\/wp-content\/uploads\/2015\/10\/image00035.jpg\" border=\"0\" alt=\"RVC1535\" width=\"600\" height=\"401\" style=\"vertical-align: middle;\" srcset=\"https:\/\/www.galeriadocrashed.com\/site\/wp-content\/uploads\/2015\/10\/image00035.jpg 804w, https:\/\/www.galeriadocrashed.com\/site\/wp-content\/uploads\/2015\/10\/image00035-300x200.jpg 300w, https:\/\/www.galeriadocrashed.com\/site\/wp-content\/uploads\/2015\/10\/image00035-768x513.jpg 768w\" sizes=\"auto, (max-width: 600px) 100vw, 600px\" \/><\/p>\n<p>Os habituais concorrentes ao Campeonato FPAK de Ralis Norte, n\u00e3o tiveram argumentos para contrariar o superior andamento do piloto de Braga que utilizou a prova do <a href=\"http:\/\/www.cast.online.pt\/\">CAST <\/a>para continuar a sua adapta\u00e7\u00e3o \u00e0s provas de estrada.<\/p>\n<p>Andr\u00e9 Cabe\u00e7as em Mitsubishi Carisma, foi o segundo classificado e vencedor entre os concorrentes inscritos no Regional Norte<\/p>\n<p><img loading=\"lazy\" decoding=\"async\" class=\" size-full wp-image-2761\" src=\"https:\/\/www.galeriadocrashed.com\/wordpress\/wp-content\/uploads\/2015\/10\/image00004.jpg\" border=\"0\" alt=\"RVC1504\" width=\"600\" height=\"401\" style=\"vertical-align: middle;\" srcset=\"https:\/\/www.galeriadocrashed.com\/site\/wp-content\/uploads\/2015\/10\/image00004.jpg 804w, https:\/\/www.galeriadocrashed.com\/site\/wp-content\/uploads\/2015\/10\/image00004-300x200.jpg 300w, https:\/\/www.galeriadocrashed.com\/site\/wp-content\/uploads\/2015\/10\/image00004-768x513.jpg 768w\" sizes=\"auto, (max-width: 600px) 100vw, 600px\" \/><\/p>\n<table border=\"0\" align=\"center\">\n<tbody>\n<tr>\n<td><img loading=\"lazy\" decoding=\"async\" class=\" size-full wp-image-2762\" src=\"https:\/\/www.galeriadocrashed.com\/wordpress\/wp-content\/uploads\/2015\/10\/image00030.jpg\" border=\"0\" alt=\"RVC1530\" width=\"300\" height=\"200\" srcset=\"https:\/\/www.galeriadocrashed.com\/site\/wp-content\/uploads\/2015\/10\/image00030.jpg 804w, https:\/\/www.galeriadocrashed.com\/site\/wp-content\/uploads\/2015\/10\/image00030-300x200.jpg 300w, https:\/\/www.galeriadocrashed.com\/site\/wp-content\/uploads\/2015\/10\/image00030-768x513.jpg 768w\" sizes=\"auto, (max-width: 300px) 100vw, 300px\" \/><\/td>\n<td><img loading=\"lazy\" decoding=\"async\" class=\" size-full wp-image-2763\" src=\"https:\/\/www.galeriadocrashed.com\/wordpress\/wp-content\/uploads\/2015\/10\/image00036.jpg\" border=\"0\" alt=\"RVC1536\" width=\"300\" height=\"200\" srcset=\"https:\/\/www.galeriadocrashed.com\/site\/wp-content\/uploads\/2015\/10\/image00036.jpg 804w, https:\/\/www.galeriadocrashed.com\/site\/wp-content\/uploads\/2015\/10\/image00036-300x200.jpg 300w, https:\/\/www.galeriadocrashed.com\/site\/wp-content\/uploads\/2015\/10\/image00036-768x513.jpg 768w\" sizes=\"auto, (max-width: 300px) 100vw, 300px\" \/><\/td>\n<\/tr>\n<tr>\n<td><img loading=\"lazy\" decoding=\"async\" class=\" size-full wp-image-2764\" src=\"https:\/\/www.galeriadocrashed.com\/wordpress\/wp-content\/uploads\/2015\/10\/image00008.jpg\" border=\"0\" alt=\"RVC1508\" width=\"300\" height=\"200\" srcset=\"https:\/\/www.galeriadocrashed.com\/site\/wp-content\/uploads\/2015\/10\/image00008.jpg 804w, https:\/\/www.galeriadocrashed.com\/site\/wp-content\/uploads\/2015\/10\/image00008-300x200.jpg 300w, https:\/\/www.galeriadocrashed.com\/site\/wp-content\/uploads\/2015\/10\/image00008-768x513.jpg 768w\" sizes=\"auto, (max-width: 300px) 100vw, 300px\" \/><\/td>\n<td><img loading=\"lazy\" decoding=\"async\" class=\" size-full wp-image-2765\" src=\"https:\/\/www.galeriadocrashed.com\/wordpress\/wp-content\/uploads\/2015\/10\/image00025.jpg\" border=\"0\" alt=\"RVC1525\" width=\"300\" height=\"200\" srcset=\"https:\/\/www.galeriadocrashed.com\/site\/wp-content\/uploads\/2015\/10\/image00025.jpg 804w, https:\/\/www.galeriadocrashed.com\/site\/wp-content\/uploads\/2015\/10\/image00025-300x200.jpg 300w, https:\/\/www.galeriadocrashed.com\/site\/wp-content\/uploads\/2015\/10\/image00025-768x513.jpg 768w\" sizes=\"auto, (max-width: 300px) 100vw, 300px\" \/><\/td>\n<\/tr>\n<\/tbody>\n<\/table>\n<p>Um abra\u00e7o especial ao nosso amigo Fernando Rebelo, que no ano em que comemora o seu 50\u00ba anivers\u00e1rio e 29 anos depois de ter disputado o seu \u00fanico rali de Iniciados, estreou-se ao volante do Fiat Punto HGT.<\/p>\n<p>Apesar n\u00e3o ter atingido o final da prova mostrou um bom andamento e deixou indica\u00e7\u00f5es claras da margem de progress\u00e3o que ainda tem.<\/p>\n<table border=\"0\" align=\"center\">\n<tbody>\n<tr>\n<td><img loading=\"lazy\" decoding=\"async\" class=\" size-full wp-image-2766\" src=\"https:\/\/www.galeriadocrashed.com\/wordpress\/wp-content\/uploads\/2015\/10\/Image00021.jpg\" border=\"0\" alt=\"RVC1521\" width=\"600\" height=\"401\" srcset=\"https:\/\/www.galeriadocrashed.com\/site\/wp-content\/uploads\/2015\/10\/Image00021.jpg 804w, https:\/\/www.galeriadocrashed.com\/site\/wp-content\/uploads\/2015\/10\/Image00021-300x200.jpg 300w, https:\/\/www.galeriadocrashed.com\/site\/wp-content\/uploads\/2015\/10\/Image00021-768x513.jpg 768w\" sizes=\"auto, (max-width: 600px) 100vw, 600px\" \/><\/td>\n<\/tr>\n<\/tbody>\n<\/table>\n<p><a href=\"..\/categories.php?cat_id=642\">CLIQUE AQUI<\/a> para aceder \u00e0s restantes fotos<\/p>\n<p><span style=\"color: #0000ff; font-family: trebuchet ms,geneva;\"><em>contas@galeriadocrashed.com<\/em><\/span><\/p>\n","protected":false},"excerpt":{"rendered":"<p>Carlos Vieira fez a sua estreia em asfalto ao volante do Ford Fiesta R5 e levou de vencida o 4\u00aa&hellip;<\/p>\n","protected":false},"author":1,"featured_media":2760,"comment_status":"closed","ping_status":"open","sticky":false,"template":"","format":"standard","meta":{"_seopress_robots_primary_cat":"","_seopress_titles_title":"","_seopress_titles_desc":"","_seopress_robots_index":"","ngg_post_thumbnail":0,"footnotes":""},"categories":[40],"tags":[],"class_list":["post-2767","post","type-post","status-publish","format-standard","has-post-thumbnail","hentry","category-competicao"],"_links":{"self":[{"href":"https:\/\/www.galeriadocrashed.com\/site\/wp-json\/wp\/v2\/posts\/2767","targetHints":{"allow":["GET"]}}],"collection":[{"href":"https:\/\/www.galeriadocrashed.com\/site\/wp-json\/wp\/v2\/posts"}],"about":[{"href":"https:\/\/www.galeriadocrashed.com\/site\/wp-json\/wp\/v2\/types\/post"}],"author":[{"embeddable":true,"href":"https:\/\/www.galeriadocrashed.com\/site\/wp-json\/wp\/v2\/users\/1"}],"replies":[{"embeddable":true,"href":"https:\/\/www.galeriadocrashed.com\/site\/wp-json\/wp\/v2\/comments?post=2767"}],"version-history":[{"count":1,"href":"https:\/\/www.galeriadocrashed.com\/site\/wp-json\/wp\/v2\/posts\/2767\/revisions"}],"predecessor-version":[{"id":3138,"href":"https:\/\/www.galeriadocrashed.com\/site\/wp-json\/wp\/v2\/posts\/2767\/revisions\/3138"}],"wp:featuredmedia":[{"embeddable":true,"href":"https:\/\/www.galeriadocrashed.com\/site\/wp-json\/wp\/v2\/media\/2760"}],"wp:attachment":[{"href":"https:\/\/www.galeriadocrashed.com\/site\/wp-json\/wp\/v2\/media?parent=2767"}],"wp:term":[{"taxonomy":"category","embeddable":true,"href":"https:\/\/www.galeriadocrashed.com\/site\/wp-json\/wp\/v2\/categories?post=2767"},{"taxonomy":"post_tag","embeddable":true,"href":"https:\/\/www.galeriadocrashed.com\/site\/wp-json\/wp\/v2\/tags?post=2767"}],"curies":[{"name":"wp","href":"https:\/\/api.w.org\/{rel}","templated":true}]}}