{"id":2789,"date":"2016-02-11T12:15:11","date_gmt":"2016-02-11T11:15:11","guid":{"rendered":"https:\/\/www.galeriadocrashed.com\/wordpress\/index.php\/2016\/02\/11\/2016-02-07-encontro-sintraclassicos\/"},"modified":"2022-01-10T18:27:07","modified_gmt":"2022-01-10T17:27:07","slug":"2016-02-07-encontro-sintraclassicos","status":"publish","type":"post","link":"https:\/\/www.galeriadocrashed.com\/site\/2016-02-07-encontro-sintraclassicos\/","title":{"rendered":"2016-02-07 Encontro Sintracl\u00e1ssicos"},"content":{"rendered":"<div style=\"margin-top: 0px; margin-bottom: 0px;\" class=\"sharethis-inline-share-buttons\" ><\/div><p>Realizou-se no passado dia 07-02 mais um encontro mensal do SintraCl\u00e1ssicos, estiveram presentes cerca de 150 autom\u00f3veis cl\u00e1ssicos e pr\u00e9-cl\u00e1ssicos.<\/p>\n<p><img loading=\"lazy\" decoding=\"async\" class=\" size-full wp-image-2785\" src=\"https:\/\/www.galeriadocrashed.com\/wordpress\/wp-content\/uploads\/2016\/02\/mg_2105.jpg\" border=\"0\" alt=\"SintraCl\u00e1ssicos Fevereiro 2016\" width=\"640\" height=\"426\" srcset=\"https:\/\/www.galeriadocrashed.com\/site\/wp-content\/uploads\/2016\/02\/mg_2105.jpg 800w, https:\/\/www.galeriadocrashed.com\/site\/wp-content\/uploads\/2016\/02\/mg_2105-300x200.jpg 300w, https:\/\/www.galeriadocrashed.com\/site\/wp-content\/uploads\/2016\/02\/mg_2105-768x512.jpg 768w\" sizes=\"auto, (max-width: 640px) 100vw, 640px\" \/><\/p>\n<table border=\"0\">\n<tbody>\n<tr>\n<td><img loading=\"lazy\" decoding=\"async\" class=\" size-full wp-image-2786\" src=\"https:\/\/www.galeriadocrashed.com\/wordpress\/wp-content\/uploads\/2016\/02\/mg_2094.jpg\" border=\"0\" alt=\"SintraCl\u00e1ssicos Fevereiro 2016\" width=\"200\" height=\"133\" srcset=\"https:\/\/www.galeriadocrashed.com\/site\/wp-content\/uploads\/2016\/02\/mg_2094.jpg 800w, https:\/\/www.galeriadocrashed.com\/site\/wp-content\/uploads\/2016\/02\/mg_2094-300x200.jpg 300w, https:\/\/www.galeriadocrashed.com\/site\/wp-content\/uploads\/2016\/02\/mg_2094-768x512.jpg 768w\" sizes=\"auto, (max-width: 200px) 100vw, 200px\" \/><\/td>\n<td><img loading=\"lazy\" decoding=\"async\" class=\" size-full wp-image-2787\" src=\"https:\/\/www.galeriadocrashed.com\/wordpress\/wp-content\/uploads\/2016\/02\/mg_1975.jpg\" border=\"0\" alt=\"SintraCl\u00e1ssicos Fevereiro 2016\" width=\"200\" height=\"133\" srcset=\"https:\/\/www.galeriadocrashed.com\/site\/wp-content\/uploads\/2016\/02\/mg_1975.jpg 800w, https:\/\/www.galeriadocrashed.com\/site\/wp-content\/uploads\/2016\/02\/mg_1975-300x200.jpg 300w, https:\/\/www.galeriadocrashed.com\/site\/wp-content\/uploads\/2016\/02\/mg_1975-768x512.jpg 768w\" sizes=\"auto, (max-width: 200px) 100vw, 200px\" \/><\/td>\n<td><img loading=\"lazy\" decoding=\"async\" class=\" size-full wp-image-2788\" src=\"https:\/\/www.galeriadocrashed.com\/wordpress\/wp-content\/uploads\/2016\/02\/mg_2040.jpg\" border=\"0\" alt=\"SintraCl\u00e1ssicos Fevereiro 2016\" width=\"200\" height=\"133\" srcset=\"https:\/\/www.galeriadocrashed.com\/site\/wp-content\/uploads\/2016\/02\/mg_2040.jpg 800w, https:\/\/www.galeriadocrashed.com\/site\/wp-content\/uploads\/2016\/02\/mg_2040-300x200.jpg 300w, https:\/\/www.galeriadocrashed.com\/site\/wp-content\/uploads\/2016\/02\/mg_2040-768x512.jpg 768w\" sizes=\"auto, (max-width: 200px) 100vw, 200px\" \/><\/td>\n<\/tr>\n<\/tbody>\n<\/table>\n<p><span style=\"font-size: 12.16px; line-height: 1.3em;\">OS encontros do SintraCl\u00e1ssicos realizam-se no 1\u00ba Domingo de cada m\u00eas no recinto da Feira de S\u00e3o Pedro do Estoril (Pra\u00e7a D. Fernando II, S\u00e3o Pedro de Penafrim, Sintra)<\/span><\/p>\n<p><a href=\"2016-02-07-encontro-sintraclassicos.html\">CLIQUE AQUI<\/a><span>\u00a0para ver as restantes fotos na nossa galeria de imagens.<\/span><\/p>\n<p><a href=\"mailto:crashed@galeriadocrashed.com\">crashed@galeriadocrashed.com<\/a><\/p>\n","protected":false},"excerpt":{"rendered":"<p>Realizou-se no passado dia 07-02 mais um encontro mensal do SintraCl\u00e1ssicos, estiveram presentes cerca de 150 autom\u00f3veis cl\u00e1ssicos e pr\u00e9-cl\u00e1ssicos.&hellip;<\/p>\n","protected":false},"author":1,"featured_media":2785,"comment_status":"closed","ping_status":"open","sticky":false,"template":"","format":"standard","meta":{"_seopress_robots_primary_cat":"","_seopress_titles_title":"","_seopress_titles_desc":"","_seopress_robots_index":"","ngg_post_thumbnail":0,"footnotes":""},"categories":[39],"tags":[],"class_list":["post-2789","post","type-post","status-publish","format-standard","has-post-thumbnail","hentry","category-eventos-eventos"],"_links":{"self":[{"href":"https:\/\/www.galeriadocrashed.com\/site\/wp-json\/wp\/v2\/posts\/2789","targetHints":{"allow":["GET"]}}],"collection":[{"href":"https:\/\/www.galeriadocrashed.com\/site\/wp-json\/wp\/v2\/posts"}],"about":[{"href":"https:\/\/www.galeriadocrashed.com\/site\/wp-json\/wp\/v2\/types\/post"}],"author":[{"embeddable":true,"href":"https:\/\/www.galeriadocrashed.com\/site\/wp-json\/wp\/v2\/users\/1"}],"replies":[{"embeddable":true,"href":"https:\/\/www.galeriadocrashed.com\/site\/wp-json\/wp\/v2\/comments?post=2789"}],"version-history":[{"count":1,"href":"https:\/\/www.galeriadocrashed.com\/site\/wp-json\/wp\/v2\/posts\/2789\/revisions"}],"predecessor-version":[{"id":3136,"href":"https:\/\/www.galeriadocrashed.com\/site\/wp-json\/wp\/v2\/posts\/2789\/revisions\/3136"}],"wp:featuredmedia":[{"embeddable":true,"href":"https:\/\/www.galeriadocrashed.com\/site\/wp-json\/wp\/v2\/media\/2785"}],"wp:attachment":[{"href":"https:\/\/www.galeriadocrashed.com\/site\/wp-json\/wp\/v2\/media?parent=2789"}],"wp:term":[{"taxonomy":"category","embeddable":true,"href":"https:\/\/www.galeriadocrashed.com\/site\/wp-json\/wp\/v2\/categories?post=2789"},{"taxonomy":"post_tag","embeddable":true,"href":"https:\/\/www.galeriadocrashed.com\/site\/wp-json\/wp\/v2\/tags?post=2789"}],"curies":[{"name":"wp","href":"https:\/\/api.w.org\/{rel}","templated":true}]}}