{"id":2803,"date":"2016-03-07T00:46:10","date_gmt":"2016-03-06T23:46:10","guid":{"rendered":"https:\/\/www.galeriadocrashed.com\/wordpress\/index.php\/2016\/03\/07\/jose-pedro-fontes-venceu-rali-serras-de-fafe-2016\/"},"modified":"2022-02-20T19:25:08","modified_gmt":"2022-02-20T18:25:08","slug":"jose-pedro-fontes-venceu-rali-serras-de-fafe-2016","status":"publish","type":"post","link":"https:\/\/www.galeriadocrashed.com\/site\/jose-pedro-fontes-venceu-rali-serras-de-fafe-2016\/","title":{"rendered":"Jos\u00e9 Pedro Fontes venceu Rali Serras de Fafe 2016"},"content":{"rendered":"<div style=\"margin-top: 0px; margin-bottom: 0px;\" class=\"sharethis-inline-share-buttons\" ><\/div><p>Jos\u00e9 Pedro Fontes e In\u00eas Grancha, iniciaram da melhor forma a defesa do t\u00edtulo de campe\u00f5es nacionais de ralis obtido em 2015, ao vencerem no passado s\u00e1bado a prova inaugural de 2016, o rali Serras de Fafe.<\/p>\n<p><img loading=\"lazy\" decoding=\"async\" class=\" size-full wp-image-2796\" src=\"https:\/\/www.galeriadocrashed.com\/wordpress\/wp-content\/uploads\/2016\/03\/image00086.jpg\" border=\"0\" alt=\"SF201686\" width=\"600\" height=\"401\" srcset=\"https:\/\/www.galeriadocrashed.com\/site\/wp-content\/uploads\/2016\/03\/image00086.jpg 804w, https:\/\/www.galeriadocrashed.com\/site\/wp-content\/uploads\/2016\/03\/image00086-300x200.jpg 300w, https:\/\/www.galeriadocrashed.com\/site\/wp-content\/uploads\/2016\/03\/image00086-768x513.jpg 768w\" sizes=\"auto, (max-width: 600px) 100vw, 600px\" \/><\/p>\n<p>A prova organizada pela<a href=\"http:\/\/www.demoporto.com\/\"> Demoporto<\/a> previa-se muito disputada, ou n\u00e3o estivessem inscritos nada mais nada menos do que 15 viaturas da categoria R5, no que promete um dos melhores campeonatos de ralis de sempre!<\/p>\n<p>Indiferente \u00e0 chuva, vento e muito frio que se fez sentir, o p\u00fablico compareceu uma vez mais em for\u00e7a.<\/p>\n<p>Os primeiros comandantes da prova foram Ricardo Moura\/Ant\u00f3nio Costa a volante do Ford Fiesta R5.<\/p>\n<p><img loading=\"lazy\" decoding=\"async\" class=\" size-full wp-image-2797\" src=\"https:\/\/www.galeriadocrashed.com\/wordpress\/wp-content\/uploads\/2016\/03\/image00005.jpg\" border=\"0\" alt=\"SF20165\" width=\"600\" height=\"401\" srcset=\"https:\/\/www.galeriadocrashed.com\/site\/wp-content\/uploads\/2016\/03\/image00005.jpg 804w, https:\/\/www.galeriadocrashed.com\/site\/wp-content\/uploads\/2016\/03\/image00005-300x200.jpg 300w, https:\/\/www.galeriadocrashed.com\/site\/wp-content\/uploads\/2016\/03\/image00005-768x513.jpg 768w\" sizes=\"auto, (max-width: 600px) 100vw, 600px\" \/><\/p>\n<p>No entanto, um problema de transmiss\u00e3o na sequ\u00eancia de um furo na 1\u00aa passagem pela Lameirinha, levaria o piloto A\u00e7oreano a desistir.<\/p>\n<p><img loading=\"lazy\" decoding=\"async\" class=\" size-full wp-image-2798\" src=\"https:\/\/www.galeriadocrashed.com\/wordpress\/wp-content\/uploads\/2016\/03\/image00092.jpg\" border=\"0\" alt=\"RVC1592\" width=\"600\" height=\"401\" style=\"vertical-align: middle;\" srcset=\"https:\/\/www.galeriadocrashed.com\/site\/wp-content\/uploads\/2016\/03\/image00092.jpg 804w, https:\/\/www.galeriadocrashed.com\/site\/wp-content\/uploads\/2016\/03\/image00092-300x200.jpg 300w, https:\/\/www.galeriadocrashed.com\/site\/wp-content\/uploads\/2016\/03\/image00092-768x513.jpg 768w\" sizes=\"auto, (max-width: 600px) 100vw, 600px\" \/><\/p>\n<p>Miguel Campos e Carlos Magalh\u00e3es (Skoda Fabia R5) ficavam assim na lideran\u00e7a, at\u00e9 que um problema na direc\u00e7\u00e3o assistida na 2\u00aa passagem por Lu\u00edlhas, os fazia perder mais de um minuto.<\/p>\n<p><img loading=\"lazy\" decoding=\"async\" class=\" size-full wp-image-2799\" src=\"https:\/\/www.galeriadocrashed.com\/wordpress\/wp-content\/uploads\/2016\/03\/image00041.jpg\" border=\"0\" alt=\"SF201641\" width=\"600\" height=\"401\" style=\"vertical-align: middle;\" srcset=\"https:\/\/www.galeriadocrashed.com\/site\/wp-content\/uploads\/2016\/03\/image00041.jpg 804w, https:\/\/www.galeriadocrashed.com\/site\/wp-content\/uploads\/2016\/03\/image00041-300x200.jpg 300w, https:\/\/www.galeriadocrashed.com\/site\/wp-content\/uploads\/2016\/03\/image00041-768x513.jpg 768w\" sizes=\"auto, (max-width: 600px) 100vw, 600px\" \/><\/p>\n<p>Pedro Meireles\/M\u00e1rio Castro ao volante do Skoda F\u00e1bia R5 ascendiam assim ao segundo lugar, depois de rubricarem o melhor tempo nesta classificativa, e ficariam a pressionar at\u00e9 final os vencedores da prova.<\/p>\n<p><img loading=\"lazy\" decoding=\"async\" class=\" size-full wp-image-2800\" src=\"https:\/\/www.galeriadocrashed.com\/wordpress\/wp-content\/uploads\/2016\/03\/image00097.jpg\" border=\"0\" alt=\"SF201697\" width=\"600\" height=\"401\" style=\"vertical-align: middle;\" srcset=\"https:\/\/www.galeriadocrashed.com\/site\/wp-content\/uploads\/2016\/03\/image00097.jpg 804w, https:\/\/www.galeriadocrashed.com\/site\/wp-content\/uploads\/2016\/03\/image00097-300x200.jpg 300w, https:\/\/www.galeriadocrashed.com\/site\/wp-content\/uploads\/2016\/03\/image00097-768x513.jpg 768w\" sizes=\"auto, (max-width: 600px) 100vw, 600px\" \/><\/p>\n<p>Carlos Martins e Daniel Amaral (Citroen DS3) seriam quartos classificados depois de nas duas primeiras sec\u00e7\u00f5es terem amealhado uma vantagem que lhes permitia gerir o final da prova com conforto.<\/p>\n<p><img loading=\"lazy\" decoding=\"async\" class=\" size-full wp-image-2801\" src=\"https:\/\/www.galeriadocrashed.com\/wordpress\/wp-content\/uploads\/2016\/03\/image00009.jpg\" border=\"0\" alt=\"SF201609\" width=\"600\" height=\"401\" style=\"vertical-align: middle;\" srcset=\"https:\/\/www.galeriadocrashed.com\/site\/wp-content\/uploads\/2016\/03\/image00009.jpg 804w, https:\/\/www.galeriadocrashed.com\/site\/wp-content\/uploads\/2016\/03\/image00009-300x200.jpg 300w, https:\/\/www.galeriadocrashed.com\/site\/wp-content\/uploads\/2016\/03\/image00009-768x513.jpg 768w\" sizes=\"auto, (max-width: 600px) 100vw, 600px\" \/><\/p>\n<p>Miguel Barbosa e Miguel Ramalho, que se estreiam este ano nos ralis depois da passagem pelo todo-o-terreno e pela velocidade, seriam os\u00a0quintos classificados finais ao volante do Skoda Fabia R5.<\/p>\n<p>De entre os concorrentes \u00e0 Ta\u00e7a FPAK de Ralis de Terra, Jos\u00e9 Merceano foi o vencedor, numa prova terminada\u00a0 apenas por sete concorrentes<\/p>\n<p><img loading=\"lazy\" decoding=\"async\" class=\" size-full wp-image-2802\" src=\"https:\/\/www.galeriadocrashed.com\/wordpress\/wp-content\/uploads\/2016\/03\/image00120.jpg\" border=\"0\" alt=\"SF2016120\" width=\"600\" height=\"401\" style=\"vertical-align: middle;\" srcset=\"https:\/\/www.galeriadocrashed.com\/site\/wp-content\/uploads\/2016\/03\/image00120.jpg 804w, https:\/\/www.galeriadocrashed.com\/site\/wp-content\/uploads\/2016\/03\/image00120-300x200.jpg 300w, https:\/\/www.galeriadocrashed.com\/site\/wp-content\/uploads\/2016\/03\/image00120-768x513.jpg 768w\" sizes=\"auto, (max-width: 600px) 100vw, 600px\" \/><\/p>\n<p>Classifica\u00e7\u00e3o Final:<br \/>1\u00ba Citro\u00ebn Vodafone Team \u2013 Jos\u00e9 Pedro Fontes\/In\u00eas Grancha (Citro\u00ebn DS3 R5), 1h25m25,3s<br \/>2\u00ba Pedro Meireles\/M\u00e1rio Castro (Skoda Fabia R5), a 9,6<br \/>3\u00b4Miguel Campos\/Carlos Magalh\u00e3es (Skoda Fabia R5), a 1m07,2s<br \/>4\u00ba Carlos Martins\/Daniel Amaral (Citro\u00ebn DS3 R5), a 3m29,7s<br \/>5\u00ba Miguel Barbosa\/Miguel Ramalho (Skoda Fabia R5), a 3m37,3s<\/p>\n<p><a href=\"..\/categories.php?cat_id=651\">CLIQUE AQUI<\/a> para aceder \u00e0 nossa <a href=\"..\/categories.php?cat_id=651\">GALERIA<\/a> de imagens<\/p>\n<p><span style=\"color: #0000ff; font-family: helvetica; font-size: medium;\"><em><span style=\"font-size: small;\">\u00a0<\/span><\/em><\/span><\/p>\n<p><span style=\"color: #0000ff; font-family: helvetica; font-size: medium;\"><em><span style=\"font-size: small;\"><a href=\"mailto:Contas@galeriadocrashed.com\">Contas@galeriadocrashed.com<\/a><\/span><\/em><\/span><\/p>\n","protected":false},"excerpt":{"rendered":"<p>Jos\u00e9 Pedro Fontes e In\u00eas Grancha, iniciaram da melhor forma a defesa do t\u00edtulo de campe\u00f5es nacionais de ralis obtido&hellip;<\/p>\n","protected":false},"author":2,"featured_media":2796,"comment_status":"closed","ping_status":"open","sticky":false,"template":"","format":"standard","meta":{"_seopress_robots_primary_cat":"","_seopress_titles_title":"","_seopress_titles_desc":"","_seopress_robots_index":"","ngg_post_thumbnail":0,"footnotes":""},"categories":[40],"tags":[],"class_list":["post-2803","post","type-post","status-publish","format-standard","has-post-thumbnail","hentry","category-competicao"],"_links":{"self":[{"href":"https:\/\/www.galeriadocrashed.com\/site\/wp-json\/wp\/v2\/posts\/2803","targetHints":{"allow":["GET"]}}],"collection":[{"href":"https:\/\/www.galeriadocrashed.com\/site\/wp-json\/wp\/v2\/posts"}],"about":[{"href":"https:\/\/www.galeriadocrashed.com\/site\/wp-json\/wp\/v2\/types\/post"}],"author":[{"embeddable":true,"href":"https:\/\/www.galeriadocrashed.com\/site\/wp-json\/wp\/v2\/users\/2"}],"replies":[{"embeddable":true,"href":"https:\/\/www.galeriadocrashed.com\/site\/wp-json\/wp\/v2\/comments?post=2803"}],"version-history":[{"count":1,"href":"https:\/\/www.galeriadocrashed.com\/site\/wp-json\/wp\/v2\/posts\/2803\/revisions"}],"predecessor-version":[{"id":3133,"href":"https:\/\/www.galeriadocrashed.com\/site\/wp-json\/wp\/v2\/posts\/2803\/revisions\/3133"}],"wp:featuredmedia":[{"embeddable":true,"href":"https:\/\/www.galeriadocrashed.com\/site\/wp-json\/wp\/v2\/media\/2796"}],"wp:attachment":[{"href":"https:\/\/www.galeriadocrashed.com\/site\/wp-json\/wp\/v2\/media?parent=2803"}],"wp:term":[{"taxonomy":"category","embeddable":true,"href":"https:\/\/www.galeriadocrashed.com\/site\/wp-json\/wp\/v2\/categories?post=2803"},{"taxonomy":"post_tag","embeddable":true,"href":"https:\/\/www.galeriadocrashed.com\/site\/wp-json\/wp\/v2\/tags?post=2803"}],"curies":[{"name":"wp","href":"https:\/\/api.w.org\/{rel}","templated":true}]}}