{"id":2814,"date":"2016-06-21T14:37:23","date_gmt":"2016-06-21T13:37:23","guid":{"rendered":"https:\/\/www.galeriadocrashed.com\/wordpress\/index.php\/2016\/06\/21\/2016-06-19-trackday-estoril\/"},"modified":"2021-10-06T15:30:27","modified_gmt":"2021-10-06T14:30:27","slug":"2016-06-19-trackday-estoril","status":"publish","type":"post","link":"https:\/\/www.galeriadocrashed.com\/site\/2016-06-19-trackday-estoril\/","title":{"rendered":"2016-06-19 Trackday Estoril"},"content":{"rendered":"<div style=\"margin-top: 0px; margin-bottom: 0px;\" class=\"sharethis-inline-share-buttons\" ><\/div><p>Realizou-se no passado dia 19 de Junho mais um Trackday auto no aut\u00f3dromo do Estoril, estivemos l\u00e1 da parte da manh\u00e3 e dado que n\u00e3o pedimos credencia\u00e7\u00e3o aqui ficam as fotos poss\u00edveis\u00a0<\/p>\n<p><img loading=\"lazy\" decoding=\"async\" class=\" size-full wp-image-2810\" src=\"https:\/\/www.galeriadocrashed.com\/wordpress\/wp-content\/uploads\/2016\/06\/mg_4658.jpg\" border=\"0\" alt=\"Trackday 2016-06-19\" width=\"640\" height=\"426\" srcset=\"https:\/\/www.galeriadocrashed.com\/site\/wp-content\/uploads\/2016\/06\/mg_4658.jpg 800w, https:\/\/www.galeriadocrashed.com\/site\/wp-content\/uploads\/2016\/06\/mg_4658-300x200.jpg 300w, https:\/\/www.galeriadocrashed.com\/site\/wp-content\/uploads\/2016\/06\/mg_4658-768x512.jpg 768w\" sizes=\"auto, (max-width: 640px) 100vw, 640px\" \/><\/p>\n<table border=\"0\">\n<tbody>\n<tr>\n<td><img loading=\"lazy\" decoding=\"async\" class=\" size-full wp-image-2811\" src=\"https:\/\/www.galeriadocrashed.com\/wordpress\/wp-content\/uploads\/2016\/06\/mg_4497.jpg\" border=\"0\" alt=\"trackday 2016-06-19\" width=\"200\" height=\"133\" srcset=\"https:\/\/www.galeriadocrashed.com\/site\/wp-content\/uploads\/2016\/06\/mg_4497.jpg 800w, https:\/\/www.galeriadocrashed.com\/site\/wp-content\/uploads\/2016\/06\/mg_4497-300x200.jpg 300w, https:\/\/www.galeriadocrashed.com\/site\/wp-content\/uploads\/2016\/06\/mg_4497-768x512.jpg 768w\" sizes=\"auto, (max-width: 200px) 100vw, 200px\" \/><\/td>\n<td><img loading=\"lazy\" decoding=\"async\" class=\" size-full wp-image-2812\" src=\"https:\/\/www.galeriadocrashed.com\/wordpress\/wp-content\/uploads\/2016\/06\/mg_4796.jpg\" border=\"0\" alt=\"trackday 2016-06-19\" width=\"200\" height=\"133\" srcset=\"https:\/\/www.galeriadocrashed.com\/site\/wp-content\/uploads\/2016\/06\/mg_4796.jpg 800w, https:\/\/www.galeriadocrashed.com\/site\/wp-content\/uploads\/2016\/06\/mg_4796-300x200.jpg 300w, https:\/\/www.galeriadocrashed.com\/site\/wp-content\/uploads\/2016\/06\/mg_4796-768x512.jpg 768w\" sizes=\"auto, (max-width: 200px) 100vw, 200px\" \/><\/td>\n<td><img loading=\"lazy\" decoding=\"async\" class=\" size-full wp-image-2813\" src=\"https:\/\/www.galeriadocrashed.com\/wordpress\/wp-content\/uploads\/2016\/06\/mg_4814.jpg\" border=\"0\" alt=\"trackday 2016-06-19\" width=\"200\" height=\"133\" srcset=\"https:\/\/www.galeriadocrashed.com\/site\/wp-content\/uploads\/2016\/06\/mg_4814.jpg 800w, https:\/\/www.galeriadocrashed.com\/site\/wp-content\/uploads\/2016\/06\/mg_4814-300x200.jpg 300w, https:\/\/www.galeriadocrashed.com\/site\/wp-content\/uploads\/2016\/06\/mg_4814-768x512.jpg 768w\" sizes=\"auto, (max-width: 200px) 100vw, 200px\" \/><\/td>\n<\/tr>\n<\/tbody>\n<\/table>\n<p>\u00a0<\/p>\n<p><a href=\"2016-06-19-trackday-estoril.html\">CLIQUE AQUI<\/a>\u00a0para ver as restantes fotos na nossa galeria de imagens.<\/p>\n<p><a href=\"mailto:crashed@galeriadocrashed.com\">crashed@galeriadocrashed.com<\/a><\/p>\n","protected":false},"excerpt":{"rendered":"<p>Realizou-se no passado dia 19 de Junho mais um Trackday auto no aut\u00f3dromo do Estoril, estivemos l\u00e1 da parte da&hellip;<\/p>\n","protected":false},"author":1,"featured_media":2810,"comment_status":"closed","ping_status":"open","sticky":false,"template":"","format":"standard","meta":{"_seopress_robots_primary_cat":"","_seopress_titles_title":"","_seopress_titles_desc":"","_seopress_robots_index":"","ngg_post_thumbnail":0,"footnotes":""},"categories":[30],"tags":[],"class_list":["post-2814","post","type-post","status-publish","format-standard","has-post-thumbnail","hentry","category-eventos"],"_links":{"self":[{"href":"https:\/\/www.galeriadocrashed.com\/site\/wp-json\/wp\/v2\/posts\/2814","targetHints":{"allow":["GET"]}}],"collection":[{"href":"https:\/\/www.galeriadocrashed.com\/site\/wp-json\/wp\/v2\/posts"}],"about":[{"href":"https:\/\/www.galeriadocrashed.com\/site\/wp-json\/wp\/v2\/types\/post"}],"author":[{"embeddable":true,"href":"https:\/\/www.galeriadocrashed.com\/site\/wp-json\/wp\/v2\/users\/1"}],"replies":[{"embeddable":true,"href":"https:\/\/www.galeriadocrashed.com\/site\/wp-json\/wp\/v2\/comments?post=2814"}],"version-history":[{"count":1,"href":"https:\/\/www.galeriadocrashed.com\/site\/wp-json\/wp\/v2\/posts\/2814\/revisions"}],"predecessor-version":[{"id":3129,"href":"https:\/\/www.galeriadocrashed.com\/site\/wp-json\/wp\/v2\/posts\/2814\/revisions\/3129"}],"wp:featuredmedia":[{"embeddable":true,"href":"https:\/\/www.galeriadocrashed.com\/site\/wp-json\/wp\/v2\/media\/2810"}],"wp:attachment":[{"href":"https:\/\/www.galeriadocrashed.com\/site\/wp-json\/wp\/v2\/media?parent=2814"}],"wp:term":[{"taxonomy":"category","embeddable":true,"href":"https:\/\/www.galeriadocrashed.com\/site\/wp-json\/wp\/v2\/categories?post=2814"},{"taxonomy":"post_tag","embeddable":true,"href":"https:\/\/www.galeriadocrashed.com\/site\/wp-json\/wp\/v2\/tags?post=2814"}],"curies":[{"name":"wp","href":"https:\/\/api.w.org\/{rel}","templated":true}]}}