{"id":2834,"date":"2016-09-11T20:08:05","date_gmt":"2016-09-11T19:08:05","guid":{"rendered":"https:\/\/www.galeriadocrashed.com\/wordpress\/index.php\/2016\/09\/11\/rali-viana-do-castelo-2016\/"},"modified":"2022-02-20T19:25:08","modified_gmt":"2022-02-20T18:25:08","slug":"rali-viana-do-castelo-2016","status":"publish","type":"post","link":"https:\/\/www.galeriadocrashed.com\/site\/rali-viana-do-castelo-2016\/","title":{"rendered":"Rali Viana do Castelo 2016"},"content":{"rendered":"<div style=\"margin-top: 0px; margin-bottom: 0px;\" class=\"sharethis-inline-share-buttons\" ><\/div><p>A dupla Adruzilo Lopes \/ Lu\u00eds Lisboa com o Porsche 997 GT3 foi a mais r\u00e1pida no Rali de Viana do Castelo depois da<br \/>disputa dos oito tro\u00e7os que compunham a prova organizada pelo Clube Autom\u00f3vel de Santo Tirso (<a href=\"http:\/\/www.cast.online.pt\/\">CAST<\/a>) e festejaram no Minho o t\u00edtulo de campe\u00f5es nacionais de ralis na categoria GT.<br \/>A dupla foi a que melhor resistiu \u00e0 exig\u00eancia da prova relaizada no passado dia 3, bem como a que menos tempo perdeu com erros, apesar de ter efectuado dois pi\u00f5es na duas passagens pela super-especial desenhada junto ao navio-museu &#8220;Gil Eanes&#8221; no centro da cidade de Viana do Castelo.<\/p>\n<table border=\"0\" align=\"center\">\n<tbody>\n<tr>\n<td><img loading=\"lazy\" decoding=\"async\" class=\" size-full wp-image-2825\" src=\"https:\/\/www.galeriadocrashed.com\/wordpress\/wp-content\/uploads\/2016\/09\/image048.jpg\" border=\"0\" alt=\"VC2016-48\" width=\"600\" height=\"401\" srcset=\"https:\/\/www.galeriadocrashed.com\/site\/wp-content\/uploads\/2016\/09\/image048.jpg 804w, https:\/\/www.galeriadocrashed.com\/site\/wp-content\/uploads\/2016\/09\/image048-300x200.jpg 300w, https:\/\/www.galeriadocrashed.com\/site\/wp-content\/uploads\/2016\/09\/image048-768x513.jpg 768w\" sizes=\"auto, (max-width: 600px) 100vw, 600px\" \/><\/td>\n<\/tr>\n<\/tbody>\n<\/table>\n<p>O dom\u00ednio inicial foi de Vitor Pascoal \/ Pedro Pedro Alves no outro Porsche, contudo uma transmiss\u00e3o partida levou-os a abandonar na quinta classificativa. Foi a\u00ed que Adruzilo se instalou na lideran\u00e7a para mais n\u00e3o a largar at\u00e9 ao final.<\/p>\n<table border=\"0\" align=\"center\">\n<tbody>\n<tr>\n<td><img loading=\"lazy\" decoding=\"async\" class=\" size-full wp-image-2826\" src=\"https:\/\/www.galeriadocrashed.com\/wordpress\/wp-content\/uploads\/2016\/09\/image002.jpg\" border=\"0\" alt=\"VC2016-2\" width=\"300\" height=\"200\" srcset=\"https:\/\/www.galeriadocrashed.com\/site\/wp-content\/uploads\/2016\/09\/image002.jpg 804w, https:\/\/www.galeriadocrashed.com\/site\/wp-content\/uploads\/2016\/09\/image002-300x200.jpg 300w, https:\/\/www.galeriadocrashed.com\/site\/wp-content\/uploads\/2016\/09\/image002-768x513.jpg 768w\" sizes=\"auto, (max-width: 300px) 100vw, 300px\" \/><\/td>\n<td><img loading=\"lazy\" decoding=\"async\" class=\" size-full wp-image-2827\" src=\"https:\/\/www.galeriadocrashed.com\/wordpress\/wp-content\/uploads\/2016\/09\/image008.jpg\" border=\"0\" alt=\"VC2016-8\" width=\"300\" height=\"200\" srcset=\"https:\/\/www.galeriadocrashed.com\/site\/wp-content\/uploads\/2016\/09\/image008.jpg 804w, https:\/\/www.galeriadocrashed.com\/site\/wp-content\/uploads\/2016\/09\/image008-300x200.jpg 300w, https:\/\/www.galeriadocrashed.com\/site\/wp-content\/uploads\/2016\/09\/image008-768x513.jpg 768w\" sizes=\"auto, (max-width: 300px) 100vw, 300px\" \/><\/td>\n<td>\u00a0<\/td>\n<\/tr>\n<tr>\n<td><img loading=\"lazy\" decoding=\"async\" class=\" size-full wp-image-2828\" src=\"https:\/\/www.galeriadocrashed.com\/wordpress\/wp-content\/uploads\/2016\/09\/image027.jpg\" border=\"0\" alt=\"VC2016-27\" width=\"300\" height=\"200\" srcset=\"https:\/\/www.galeriadocrashed.com\/site\/wp-content\/uploads\/2016\/09\/image027.jpg 804w, https:\/\/www.galeriadocrashed.com\/site\/wp-content\/uploads\/2016\/09\/image027-300x200.jpg 300w, https:\/\/www.galeriadocrashed.com\/site\/wp-content\/uploads\/2016\/09\/image027-768x513.jpg 768w\" sizes=\"auto, (max-width: 300px) 100vw, 300px\" \/><\/td>\n<td><img loading=\"lazy\" decoding=\"async\" class=\" size-full wp-image-2829\" src=\"https:\/\/www.galeriadocrashed.com\/wordpress\/wp-content\/uploads\/2016\/09\/image013.jpg\" border=\"0\" alt=\"VC2016-13\" width=\"300\" height=\"200\" srcset=\"https:\/\/www.galeriadocrashed.com\/site\/wp-content\/uploads\/2016\/09\/image013.jpg 804w, https:\/\/www.galeriadocrashed.com\/site\/wp-content\/uploads\/2016\/09\/image013-300x200.jpg 300w, https:\/\/www.galeriadocrashed.com\/site\/wp-content\/uploads\/2016\/09\/image013-768x513.jpg 768w\" sizes=\"auto, (max-width: 300px) 100vw, 300px\" \/><\/td>\n<td>\u00a0<\/td>\n<\/tr>\n<\/tbody>\n<\/table>\n<p>Cipriano Antunes \/ M\u00e1rio Feio ( Audi Quattro ) sagraram-se campe\u00f5es nacionais de cl\u00e1ssicos, enquanto Pedro Lago Vieira ( Renault Twingo R2 )\u00a0 conquistou em Viana do Castelo o seu primeiro t\u00edtulo de Campe\u00e3o Nacional, correspondente ao Campeonato Nacional de Ralis &#8211; Iniciados.<\/p>\n<p>Com uma prova extremamente regular, a dupla Fernando Rebelo\/Isabel Gon\u00e7alves evidenciou um andamento r\u00e1pido ao volante do Fiat Punto HGT. Como pr\u00e9mio, chegariam a Viana no 20\u00ba lugar da Geral, 5\u00ba.do Grupo X2 e 2\u00ba. da Classe 10.<\/p>\n<p>&#8221; <em>Correu bem e acima de tudo, divertimo-nos imenso<\/em> &#8221;, revelaria no final da prova a dupla apoiada pela Galeria do Crashed e pelo Europack Group.<\/p>\n<table style=\"width: 610px; height: 411px;\" border=\"0\" align=\"center\">\n<tbody>\n<tr>\n<td><img loading=\"lazy\" decoding=\"async\" class=\" size-full wp-image-2830\" src=\"https:\/\/www.galeriadocrashed.com\/wordpress\/wp-content\/uploads\/2016\/09\/image037.jpg\" border=\"0\" alt=\"VC2016-37\" width=\"600\" height=\"401\" srcset=\"https:\/\/www.galeriadocrashed.com\/site\/wp-content\/uploads\/2016\/09\/image037.jpg 804w, https:\/\/www.galeriadocrashed.com\/site\/wp-content\/uploads\/2016\/09\/image037-300x200.jpg 300w, https:\/\/www.galeriadocrashed.com\/site\/wp-content\/uploads\/2016\/09\/image037-768x513.jpg 768w\" sizes=\"auto, (max-width: 600px) 100vw, 600px\" \/><\/td>\n<\/tr>\n<\/tbody>\n<\/table>\n<table border=\"0\" align=\"center\">\n<tbody>\n<tr>\n<td><img loading=\"lazy\" decoding=\"async\" class=\" size-full wp-image-2831\" src=\"https:\/\/www.galeriadocrashed.com\/wordpress\/wp-content\/uploads\/2016\/09\/image036.jpg\" border=\"0\" alt=\"VC2016-36\" width=\"200\" height=\"134\" srcset=\"https:\/\/www.galeriadocrashed.com\/site\/wp-content\/uploads\/2016\/09\/image036.jpg 804w, https:\/\/www.galeriadocrashed.com\/site\/wp-content\/uploads\/2016\/09\/image036-300x200.jpg 300w, https:\/\/www.galeriadocrashed.com\/site\/wp-content\/uploads\/2016\/09\/image036-768x513.jpg 768w\" sizes=\"auto, (max-width: 200px) 100vw, 200px\" \/><\/td>\n<td><img loading=\"lazy\" decoding=\"async\" class=\" size-full wp-image-2832\" src=\"https:\/\/www.galeriadocrashed.com\/wordpress\/wp-content\/uploads\/2016\/09\/image043.jpg\" border=\"0\" alt=\"VC2016-43\" width=\"200\" height=\"133\" srcset=\"https:\/\/www.galeriadocrashed.com\/site\/wp-content\/uploads\/2016\/09\/image043.jpg 804w, https:\/\/www.galeriadocrashed.com\/site\/wp-content\/uploads\/2016\/09\/image043-300x200.jpg 300w, https:\/\/www.galeriadocrashed.com\/site\/wp-content\/uploads\/2016\/09\/image043-768x511.jpg 768w\" sizes=\"auto, (max-width: 200px) 100vw, 200px\" \/><\/td>\n<td><img loading=\"lazy\" decoding=\"async\" class=\" size-full wp-image-2833\" src=\"https:\/\/www.galeriadocrashed.com\/wordpress\/wp-content\/uploads\/2016\/09\/image039.jpg\" border=\"0\" alt=\"VC2016-39\" width=\"200\" height=\"134\" srcset=\"https:\/\/www.galeriadocrashed.com\/site\/wp-content\/uploads\/2016\/09\/image039.jpg 804w, https:\/\/www.galeriadocrashed.com\/site\/wp-content\/uploads\/2016\/09\/image039-300x200.jpg 300w, https:\/\/www.galeriadocrashed.com\/site\/wp-content\/uploads\/2016\/09\/image039-768x513.jpg 768w\" sizes=\"auto, (max-width: 200px) 100vw, 200px\" \/><\/td>\n<\/tr>\n<\/tbody>\n<\/table>\n<p><a href=\"..\/categories.php?cat_id=662\">CLIQUE AQUI<\/a> para aceder \u00e0 <a href=\"..\/categories.php?cat_id=662\">GALERIA<\/a> de fotos desta prova<\/p>\n<p><span style=\"color: #0000ff;\">contas@galeriadocrashed.com<\/span><\/p>\n","protected":false},"excerpt":{"rendered":"<p>A dupla Adruzilo Lopes \/ Lu\u00eds Lisboa com o Porsche 997 GT3 foi a mais r\u00e1pida no Rali de Viana&hellip;<\/p>\n","protected":false},"author":2,"featured_media":2825,"comment_status":"closed","ping_status":"open","sticky":false,"template":"","format":"standard","meta":{"_seopress_robots_primary_cat":"","_seopress_titles_title":"","_seopress_titles_desc":"","_seopress_robots_index":"","ngg_post_thumbnail":0,"footnotes":""},"categories":[40],"tags":[],"class_list":["post-2834","post","type-post","status-publish","format-standard","has-post-thumbnail","hentry","category-competicao"],"_links":{"self":[{"href":"https:\/\/www.galeriadocrashed.com\/site\/wp-json\/wp\/v2\/posts\/2834","targetHints":{"allow":["GET"]}}],"collection":[{"href":"https:\/\/www.galeriadocrashed.com\/site\/wp-json\/wp\/v2\/posts"}],"about":[{"href":"https:\/\/www.galeriadocrashed.com\/site\/wp-json\/wp\/v2\/types\/post"}],"author":[{"embeddable":true,"href":"https:\/\/www.galeriadocrashed.com\/site\/wp-json\/wp\/v2\/users\/2"}],"replies":[{"embeddable":true,"href":"https:\/\/www.galeriadocrashed.com\/site\/wp-json\/wp\/v2\/comments?post=2834"}],"version-history":[{"count":1,"href":"https:\/\/www.galeriadocrashed.com\/site\/wp-json\/wp\/v2\/posts\/2834\/revisions"}],"predecessor-version":[{"id":3126,"href":"https:\/\/www.galeriadocrashed.com\/site\/wp-json\/wp\/v2\/posts\/2834\/revisions\/3126"}],"wp:featuredmedia":[{"embeddable":true,"href":"https:\/\/www.galeriadocrashed.com\/site\/wp-json\/wp\/v2\/media\/2825"}],"wp:attachment":[{"href":"https:\/\/www.galeriadocrashed.com\/site\/wp-json\/wp\/v2\/media?parent=2834"}],"wp:term":[{"taxonomy":"category","embeddable":true,"href":"https:\/\/www.galeriadocrashed.com\/site\/wp-json\/wp\/v2\/categories?post=2834"},{"taxonomy":"post_tag","embeddable":true,"href":"https:\/\/www.galeriadocrashed.com\/site\/wp-json\/wp\/v2\/tags?post=2834"}],"curies":[{"name":"wp","href":"https:\/\/api.w.org\/{rel}","templated":true}]}}