{"id":2839,"date":"2016-09-12T09:36:52","date_gmt":"2016-09-12T08:36:52","guid":{"rendered":"https:\/\/www.galeriadocrashed.com\/wordpress\/index.php\/2016\/09\/12\/2016-09-11-rampa-da-vila-do-carvalho\/"},"modified":"2022-02-20T19:25:08","modified_gmt":"2022-02-20T18:25:08","slug":"2016-09-11-rampa-da-vila-do-carvalho","status":"publish","type":"post","link":"https:\/\/www.galeriadocrashed.com\/site\/2016-09-11-rampa-da-vila-do-carvalho\/","title":{"rendered":"2016-09-11 Rampa da Vila do Carvalho"},"content":{"rendered":"<div style=\"margin-top: 0px; margin-bottom: 0px;\" class=\"sharethis-inline-share-buttons\" ><\/div><p>Realizou-se ontem dia 11 de Setembro a Rampa que liga o Canhoso \u00e0 Vila do Carvalho (Covilh\u00e3), a prova teve a partida 32 concorrentes em que na subida de reconhecimento desistiram logo 2 devido a problemas mec\u00e2nicos.<\/p>\n<p>\u00a0<img loading=\"lazy\" decoding=\"async\" class=\" size-full wp-image-2835\" src=\"https:\/\/www.galeriadocrashed.com\/wordpress\/wp-content\/uploads\/2016\/09\/mg_5804.jpg\" border=\"0\" alt=\"Rampa Vila do Carvalho\" width=\"640\" height=\"426\" srcset=\"https:\/\/www.galeriadocrashed.com\/site\/wp-content\/uploads\/2016\/09\/mg_5804.jpg 800w, https:\/\/www.galeriadocrashed.com\/site\/wp-content\/uploads\/2016\/09\/mg_5804-300x200.jpg 300w, https:\/\/www.galeriadocrashed.com\/site\/wp-content\/uploads\/2016\/09\/mg_5804-768x512.jpg 768w\" sizes=\"auto, (max-width: 640px) 100vw, 640px\" \/><\/p>\n<table border=\"0\">\n<tbody>\n<tr>\n<td><img loading=\"lazy\" decoding=\"async\" class=\" size-full wp-image-2836\" src=\"https:\/\/www.galeriadocrashed.com\/wordpress\/wp-content\/uploads\/2016\/09\/mg_5919.jpg\" border=\"0\" alt=\"Rampa Vila do Carvalho\" width=\"200\" height=\"133\" srcset=\"https:\/\/www.galeriadocrashed.com\/site\/wp-content\/uploads\/2016\/09\/mg_5919.jpg 800w, https:\/\/www.galeriadocrashed.com\/site\/wp-content\/uploads\/2016\/09\/mg_5919-300x200.jpg 300w, https:\/\/www.galeriadocrashed.com\/site\/wp-content\/uploads\/2016\/09\/mg_5919-768x512.jpg 768w\" sizes=\"auto, (max-width: 200px) 100vw, 200px\" \/><\/td>\n<td><img loading=\"lazy\" decoding=\"async\" class=\" size-full wp-image-2837\" src=\"https:\/\/www.galeriadocrashed.com\/wordpress\/wp-content\/uploads\/2016\/09\/mg_5880.jpg\" border=\"0\" alt=\"Rampa Vila do Carvalho\" width=\"200\" height=\"133\" srcset=\"https:\/\/www.galeriadocrashed.com\/site\/wp-content\/uploads\/2016\/09\/mg_5880.jpg 800w, https:\/\/www.galeriadocrashed.com\/site\/wp-content\/uploads\/2016\/09\/mg_5880-300x200.jpg 300w, https:\/\/www.galeriadocrashed.com\/site\/wp-content\/uploads\/2016\/09\/mg_5880-768x512.jpg 768w\" sizes=\"auto, (max-width: 200px) 100vw, 200px\" \/><\/td>\n<td><img loading=\"lazy\" decoding=\"async\" class=\" size-full wp-image-2838\" src=\"https:\/\/www.galeriadocrashed.com\/wordpress\/wp-content\/uploads\/2016\/09\/mg_5937.jpg\" border=\"0\" alt=\"Rampa Vila do Carvalho\" width=\"200\" height=\"133\" srcset=\"https:\/\/www.galeriadocrashed.com\/site\/wp-content\/uploads\/2016\/09\/mg_5937.jpg 800w, https:\/\/www.galeriadocrashed.com\/site\/wp-content\/uploads\/2016\/09\/mg_5937-300x200.jpg 300w, https:\/\/www.galeriadocrashed.com\/site\/wp-content\/uploads\/2016\/09\/mg_5937-768x512.jpg 768w\" sizes=\"auto, (max-width: 200px) 100vw, 200px\" \/><\/td>\n<\/tr>\n<\/tbody>\n<\/table>\n<p>\u00a0<\/p>\n<p><a href=\"2016-09-11-rampa-da-vila-do-carvalho.html\">CLIQUE AQUI<\/a>\u00a0para ver as restantes fotos na nossa galeria de imagens.<\/p>\n<p><a href=\"mailto:crashed@galeriadocrashed.com\">crashed@galeriadocrashed.com<\/a><\/p>\n","protected":false},"excerpt":{"rendered":"<p>Realizou-se ontem dia 11 de Setembro a Rampa que liga o Canhoso \u00e0 Vila do Carvalho (Covilh\u00e3), a prova teve&hellip;<\/p>\n","protected":false},"author":2,"featured_media":2835,"comment_status":"closed","ping_status":"open","sticky":false,"template":"","format":"standard","meta":{"_seopress_robots_primary_cat":"","_seopress_titles_title":"","_seopress_titles_desc":"","_seopress_robots_index":"","ngg_post_thumbnail":0,"footnotes":""},"categories":[40],"tags":[],"class_list":["post-2839","post","type-post","status-publish","format-standard","has-post-thumbnail","hentry","category-competicao"],"_links":{"self":[{"href":"https:\/\/www.galeriadocrashed.com\/site\/wp-json\/wp\/v2\/posts\/2839","targetHints":{"allow":["GET"]}}],"collection":[{"href":"https:\/\/www.galeriadocrashed.com\/site\/wp-json\/wp\/v2\/posts"}],"about":[{"href":"https:\/\/www.galeriadocrashed.com\/site\/wp-json\/wp\/v2\/types\/post"}],"author":[{"embeddable":true,"href":"https:\/\/www.galeriadocrashed.com\/site\/wp-json\/wp\/v2\/users\/2"}],"replies":[{"embeddable":true,"href":"https:\/\/www.galeriadocrashed.com\/site\/wp-json\/wp\/v2\/comments?post=2839"}],"version-history":[{"count":1,"href":"https:\/\/www.galeriadocrashed.com\/site\/wp-json\/wp\/v2\/posts\/2839\/revisions"}],"predecessor-version":[{"id":3125,"href":"https:\/\/www.galeriadocrashed.com\/site\/wp-json\/wp\/v2\/posts\/2839\/revisions\/3125"}],"wp:featuredmedia":[{"embeddable":true,"href":"https:\/\/www.galeriadocrashed.com\/site\/wp-json\/wp\/v2\/media\/2835"}],"wp:attachment":[{"href":"https:\/\/www.galeriadocrashed.com\/site\/wp-json\/wp\/v2\/media?parent=2839"}],"wp:term":[{"taxonomy":"category","embeddable":true,"href":"https:\/\/www.galeriadocrashed.com\/site\/wp-json\/wp\/v2\/categories?post=2839"},{"taxonomy":"post_tag","embeddable":true,"href":"https:\/\/www.galeriadocrashed.com\/site\/wp-json\/wp\/v2\/tags?post=2839"}],"curies":[{"name":"wp","href":"https:\/\/api.w.org\/{rel}","templated":true}]}}