{"id":2842,"date":"2016-09-12T21:58:14","date_gmt":"2016-09-12T20:58:14","guid":{"rendered":"https:\/\/www.galeriadocrashed.com\/wordpress\/index.php\/2016\/09\/12\/rali-montelongo-2016\/"},"modified":"2022-02-20T19:25:08","modified_gmt":"2022-02-20T18:25:08","slug":"rali-montelongo-2016","status":"publish","type":"post","link":"https:\/\/www.galeriadocrashed.com\/site\/rali-montelongo-2016\/","title":{"rendered":"Rali Montelongo 2016"},"content":{"rendered":"<div style=\"margin-top: 0px; margin-bottom: 0px;\" class=\"sharethis-inline-share-buttons\" ><\/div><p>A pen\u00faltima prova do Regional Norte, o Rali Montelongo, teve como vencedor Ricardo Costa, ao volante do Peugeot 206 S1600, que venceu as quatro especiais de classifica\u00e7\u00e3o.<\/p>\n<table border=\"0\" align=\"center\">\n<tbody>\n<tr>\n<td><img loading=\"lazy\" decoding=\"async\" class=\" size-full wp-image-2831\" src=\"https:\/\/www.galeriadocrashed.com\/wordpress\/wp-content\/uploads\/2016\/09\/image036.jpg\" border=\"0\" alt=\"ML2016-36\" width=\"600\" height=\"401\" srcset=\"https:\/\/www.galeriadocrashed.com\/site\/wp-content\/uploads\/2016\/09\/image036.jpg 804w, https:\/\/www.galeriadocrashed.com\/site\/wp-content\/uploads\/2016\/09\/image036-300x200.jpg 300w, https:\/\/www.galeriadocrashed.com\/site\/wp-content\/uploads\/2016\/09\/image036-768x513.jpg 768w\" sizes=\"auto, (max-width: 600px) 100vw, 600px\" \/><\/td>\n<\/tr>\n<\/tbody>\n<\/table>\n<p>A segunda posi\u00e7\u00e3o, tamb\u00e9m ao longo de toda a prova, foi para Lu\u00eds Delgado, ao volante do Renault Clio RS que com este resultado se sagrou Campe\u00e3o Regional Norte em 2016.<\/p>\n<p><img loading=\"lazy\" decoding=\"async\" class=\" size-full wp-image-2840\" src=\"https:\/\/www.galeriadocrashed.com\/wordpress\/wp-content\/uploads\/2016\/09\/image004.jpg\" border=\"0\" alt=\"ML2016-4\" width=\"600\" height=\"401\" srcset=\"https:\/\/www.galeriadocrashed.com\/site\/wp-content\/uploads\/2016\/09\/image004.jpg 804w, https:\/\/www.galeriadocrashed.com\/site\/wp-content\/uploads\/2016\/09\/image004-300x200.jpg 300w, https:\/\/www.galeriadocrashed.com\/site\/wp-content\/uploads\/2016\/09\/image004-768x513.jpg 768w\" sizes=\"auto, (max-width: 600px) 100vw, 600px\" \/><\/p>\n<p>A dupla Fernando Rebelo \/ Isabel Gon\u00e7alves que tripula o Fiat Punto HGT apoiado pela Galeria do Crashed,voltou a realizar uma excelente prova, terminando no 19\u00ba posto da geral, 8\u00ba do grupo X2 e 7\u00ba da classe 10.<\/p>\n<table border=\"0\" align=\"center\">\n<tbody>\n<tr>\n<td>\n<p><img loading=\"lazy\" decoding=\"async\" class=\" size-full wp-image-2841\" src=\"https:\/\/www.galeriadocrashed.com\/wordpress\/wp-content\/uploads\/2016\/09\/image020.jpg\" border=\"0\" alt=\"ML2016-20\" width=\"600\" height=\"401\" srcset=\"https:\/\/www.galeriadocrashed.com\/site\/wp-content\/uploads\/2016\/09\/image020.jpg 804w, https:\/\/www.galeriadocrashed.com\/site\/wp-content\/uploads\/2016\/09\/image020-300x200.jpg 300w, https:\/\/www.galeriadocrashed.com\/site\/wp-content\/uploads\/2016\/09\/image020-768x513.jpg 768w\" sizes=\"auto, (max-width: 600px) 100vw, 600px\" \/><\/p>\n<\/td>\n<\/tr>\n<\/tbody>\n<\/table>\n<p>Clique <a href=\"..\/categories.php?cat_id=664\">AQUI<\/a> para aceder \u00e0 nossa <a href=\"..\/categories.php?cat_id=664\">GALERIA<\/a> de fotos desta prova<\/p>\n<p><span style=\"color: #0000ff;\">contas@galeriadocrashed.com<\/span><\/p>\n","protected":false},"excerpt":{"rendered":"<p>A pen\u00faltima prova do Regional Norte, o Rali Montelongo, teve como vencedor Ricardo Costa, ao volante do Peugeot 206 S1600,&hellip;<\/p>\n","protected":false},"author":2,"featured_media":2831,"comment_status":"closed","ping_status":"open","sticky":false,"template":"","format":"standard","meta":{"_seopress_robots_primary_cat":"","_seopress_titles_title":"","_seopress_titles_desc":"","_seopress_robots_index":"","ngg_post_thumbnail":0,"footnotes":""},"categories":[40],"tags":[],"class_list":["post-2842","post","type-post","status-publish","format-standard","has-post-thumbnail","hentry","category-competicao"],"_links":{"self":[{"href":"https:\/\/www.galeriadocrashed.com\/site\/wp-json\/wp\/v2\/posts\/2842","targetHints":{"allow":["GET"]}}],"collection":[{"href":"https:\/\/www.galeriadocrashed.com\/site\/wp-json\/wp\/v2\/posts"}],"about":[{"href":"https:\/\/www.galeriadocrashed.com\/site\/wp-json\/wp\/v2\/types\/post"}],"author":[{"embeddable":true,"href":"https:\/\/www.galeriadocrashed.com\/site\/wp-json\/wp\/v2\/users\/2"}],"replies":[{"embeddable":true,"href":"https:\/\/www.galeriadocrashed.com\/site\/wp-json\/wp\/v2\/comments?post=2842"}],"version-history":[{"count":1,"href":"https:\/\/www.galeriadocrashed.com\/site\/wp-json\/wp\/v2\/posts\/2842\/revisions"}],"predecessor-version":[{"id":3124,"href":"https:\/\/www.galeriadocrashed.com\/site\/wp-json\/wp\/v2\/posts\/2842\/revisions\/3124"}],"wp:featuredmedia":[{"embeddable":true,"href":"https:\/\/www.galeriadocrashed.com\/site\/wp-json\/wp\/v2\/media\/2831"}],"wp:attachment":[{"href":"https:\/\/www.galeriadocrashed.com\/site\/wp-json\/wp\/v2\/media?parent=2842"}],"wp:term":[{"taxonomy":"category","embeddable":true,"href":"https:\/\/www.galeriadocrashed.com\/site\/wp-json\/wp\/v2\/categories?post=2842"},{"taxonomy":"post_tag","embeddable":true,"href":"https:\/\/www.galeriadocrashed.com\/site\/wp-json\/wp\/v2\/tags?post=2842"}],"curies":[{"name":"wp","href":"https:\/\/api.w.org\/{rel}","templated":true}]}}