{"id":2865,"date":"2016-10-07T12:36:31","date_gmt":"2016-10-07T11:36:31","guid":{"rendered":"https:\/\/www.galeriadocrashed.com\/wordpress\/index.php\/2016\/10\/07\/2016-10-04-rali-de-portugal-historico\/"},"modified":"2022-01-10T18:01:18","modified_gmt":"2022-01-10T17:01:18","slug":"2016-10-04-rali-de-portugal-historico","status":"publish","type":"post","link":"https:\/\/www.galeriadocrashed.com\/site\/2016-10-04-rali-de-portugal-historico\/","title":{"rendered":"2016-10-04 Rali de Portugal Hist\u00f3rico"},"content":{"rendered":"<div style=\"margin-top: 0px; margin-bottom: 0px;\" class=\"sharethis-inline-share-buttons\" ><\/div><p>Come\u00e7ou no passado dia 4 o Rali de Portugal Hist\u00f3rico 2016, este ano com quase 130 participantes das mais variadas marcas e nacionalidade, a prova s\u00f3 ir\u00e1 terminar no dia 07 de Outubro com \u00a0a ultima etapa a ser disputada na Serra de Sintra.\u00a0<\/p>\n<p>\u00a0<img loading=\"lazy\" decoding=\"async\" class=\" size-full wp-image-2853\" src=\"https:\/\/www.galeriadocrashed.com\/wordpress\/wp-content\/uploads\/2016\/10\/mg_7344.jpg\" alt=\"Rali de Portugal Hist\u00f3rico 2016\" width=\"640\" height=\"426\" srcset=\"https:\/\/www.galeriadocrashed.com\/site\/wp-content\/uploads\/2016\/10\/mg_7344.jpg 800w, https:\/\/www.galeriadocrashed.com\/site\/wp-content\/uploads\/2016\/10\/mg_7344-300x200.jpg 300w, https:\/\/www.galeriadocrashed.com\/site\/wp-content\/uploads\/2016\/10\/mg_7344-768x512.jpg 768w\" sizes=\"auto, (max-width: 640px) 100vw, 640px\" \/><\/p>\n<table style=\"width: 220px;\">\n<tbody>\n<tr>\n<td style=\"width: 10px;\"><img loading=\"lazy\" decoding=\"async\" class=\" size-full wp-image-2854\" src=\"https:\/\/www.galeriadocrashed.com\/wordpress\/wp-content\/uploads\/2016\/10\/mg_7362.jpg\" alt=\"Rali  de Portugal Hist\u00f3rico 2016\" width=\"200\" height=\"133\" srcset=\"https:\/\/www.galeriadocrashed.com\/site\/wp-content\/uploads\/2016\/10\/mg_7362.jpg 800w, https:\/\/www.galeriadocrashed.com\/site\/wp-content\/uploads\/2016\/10\/mg_7362-300x200.jpg 300w, https:\/\/www.galeriadocrashed.com\/site\/wp-content\/uploads\/2016\/10\/mg_7362-768x512.jpg 768w\" sizes=\"auto, (max-width: 200px) 100vw, 200px\" \/><\/td>\n<td style=\"width: 200px;\"><img loading=\"lazy\" decoding=\"async\" class=\" size-full wp-image-2855\" src=\"https:\/\/www.galeriadocrashed.com\/wordpress\/wp-content\/uploads\/2016\/10\/mg_7337.jpg\" alt=\"Rali de Portugal Hist\u00f3rico 2016\" width=\"200\" height=\"133\" srcset=\"https:\/\/www.galeriadocrashed.com\/site\/wp-content\/uploads\/2016\/10\/mg_7337.jpg 800w, https:\/\/www.galeriadocrashed.com\/site\/wp-content\/uploads\/2016\/10\/mg_7337-300x200.jpg 300w, https:\/\/www.galeriadocrashed.com\/site\/wp-content\/uploads\/2016\/10\/mg_7337-768x512.jpg 768w\" sizes=\"auto, (max-width: 200px) 100vw, 200px\" \/><\/td>\n<td style=\"width: 10px;\"><img loading=\"lazy\" decoding=\"async\" class=\" size-full wp-image-2856\" src=\"https:\/\/www.galeriadocrashed.com\/wordpress\/wp-content\/uploads\/2016\/10\/mg_7297.jpg\" alt=\"Rali de Portugal 2016\" width=\"200\" height=\"133\" srcset=\"https:\/\/www.galeriadocrashed.com\/site\/wp-content\/uploads\/2016\/10\/mg_7297.jpg 800w, https:\/\/www.galeriadocrashed.com\/site\/wp-content\/uploads\/2016\/10\/mg_7297-300x200.jpg 300w, https:\/\/www.galeriadocrashed.com\/site\/wp-content\/uploads\/2016\/10\/mg_7297-768x512.jpg 768w\" sizes=\"auto, (max-width: 200px) 100vw, 200px\" \/><\/td>\n<\/tr>\n<\/tbody>\n<\/table>\n<p>Antes do come\u00e7o da prova conseguimos apanhar alguns concorrentes na zona de aferi\u00e7\u00e3o dos equipamentos na estrada do Guinho onde deu para tirar algumas fotos com o mar de fundo.<\/p>\n<p><img loading=\"lazy\" decoding=\"async\" class=\" size-full wp-image-2857\" src=\"https:\/\/www.galeriadocrashed.com\/wordpress\/wp-content\/uploads\/2016\/10\/mg_7101.jpg\" alt=\"Rali de Portugal Hist\u00f3rico 2016\" width=\"640\" height=\"426\" srcset=\"https:\/\/www.galeriadocrashed.com\/site\/wp-content\/uploads\/2016\/10\/mg_7101.jpg 800w, https:\/\/www.galeriadocrashed.com\/site\/wp-content\/uploads\/2016\/10\/mg_7101-300x200.jpg 300w, https:\/\/www.galeriadocrashed.com\/site\/wp-content\/uploads\/2016\/10\/mg_7101-768x512.jpg 768w\" sizes=\"auto, (max-width: 640px) 100vw, 640px\" \/><\/p>\n<table>\n<tbody>\n<tr>\n<td><img loading=\"lazy\" decoding=\"async\" class=\" size-full wp-image-2858\" src=\"https:\/\/www.galeriadocrashed.com\/wordpress\/wp-content\/uploads\/2016\/10\/mg_7116.jpg\" alt=\"Rali de Portugal Hist\u00f3rico 2016\" width=\"200\" height=\"133\" srcset=\"https:\/\/www.galeriadocrashed.com\/site\/wp-content\/uploads\/2016\/10\/mg_7116.jpg 800w, https:\/\/www.galeriadocrashed.com\/site\/wp-content\/uploads\/2016\/10\/mg_7116-300x200.jpg 300w, https:\/\/www.galeriadocrashed.com\/site\/wp-content\/uploads\/2016\/10\/mg_7116-768x512.jpg 768w\" sizes=\"auto, (max-width: 200px) 100vw, 200px\" \/><\/td>\n<td><img loading=\"lazy\" decoding=\"async\" class=\" size-full wp-image-2859\" src=\"https:\/\/www.galeriadocrashed.com\/wordpress\/wp-content\/uploads\/2016\/10\/mg_7186.jpg\" alt=\"Rali de Portugal Hist\u00f3rico 2016\" width=\"200\" height=\"133\" srcset=\"https:\/\/www.galeriadocrashed.com\/site\/wp-content\/uploads\/2016\/10\/mg_7186.jpg 800w, https:\/\/www.galeriadocrashed.com\/site\/wp-content\/uploads\/2016\/10\/mg_7186-300x200.jpg 300w, https:\/\/www.galeriadocrashed.com\/site\/wp-content\/uploads\/2016\/10\/mg_7186-768x512.jpg 768w\" sizes=\"auto, (max-width: 200px) 100vw, 200px\" \/><\/td>\n<td><img loading=\"lazy\" decoding=\"async\" class=\" size-full wp-image-2860\" src=\"https:\/\/www.galeriadocrashed.com\/wordpress\/wp-content\/uploads\/2016\/10\/mg_7141.jpg\" alt=\"Rali de Portugal Hist\u00f3rico 2016\" width=\"200\" height=\"133\" srcset=\"https:\/\/www.galeriadocrashed.com\/site\/wp-content\/uploads\/2016\/10\/mg_7141.jpg 800w, https:\/\/www.galeriadocrashed.com\/site\/wp-content\/uploads\/2016\/10\/mg_7141-300x200.jpg 300w, https:\/\/www.galeriadocrashed.com\/site\/wp-content\/uploads\/2016\/10\/mg_7141-768x512.jpg 768w\" sizes=\"auto, (max-width: 200px) 100vw, 200px\" \/><\/td>\n<\/tr>\n<\/tbody>\n<\/table>\n<p>Depois do inicio da prova acompanhamos a 1\u00aa etapa no Aut\u00f3dromo do Estoril<img loading=\"lazy\" decoding=\"async\" class=\" size-full wp-image-2861\" src=\"https:\/\/www.galeriadocrashed.com\/wordpress\/wp-content\/uploads\/2016\/10\/mg_7761.jpg\" alt=\"Rali de Portugal Hist\u00f3rico 2016\" width=\"640\" height=\"426\" srcset=\"https:\/\/www.galeriadocrashed.com\/site\/wp-content\/uploads\/2016\/10\/mg_7761.jpg 800w, https:\/\/www.galeriadocrashed.com\/site\/wp-content\/uploads\/2016\/10\/mg_7761-300x200.jpg 300w, https:\/\/www.galeriadocrashed.com\/site\/wp-content\/uploads\/2016\/10\/mg_7761-768x512.jpg 768w\" sizes=\"auto, (max-width: 640px) 100vw, 640px\" \/><\/p>\n<table style=\"width: 20px;\">\n<tbody>\n<tr>\n<td style=\"width: 10px;\"><img loading=\"lazy\" decoding=\"async\" class=\" size-full wp-image-2862\" src=\"https:\/\/www.galeriadocrashed.com\/wordpress\/wp-content\/uploads\/2016\/10\/mg_7516.jpg\" alt=\"Rali de Portugal Hist\u00f3rico 2016\" width=\"200\" height=\"133\" srcset=\"https:\/\/www.galeriadocrashed.com\/site\/wp-content\/uploads\/2016\/10\/mg_7516.jpg 800w, https:\/\/www.galeriadocrashed.com\/site\/wp-content\/uploads\/2016\/10\/mg_7516-300x200.jpg 300w, https:\/\/www.galeriadocrashed.com\/site\/wp-content\/uploads\/2016\/10\/mg_7516-768x512.jpg 768w\" sizes=\"auto, (max-width: 200px) 100vw, 200px\" \/><\/td>\n<td style=\"width: 10px;\"><img loading=\"lazy\" decoding=\"async\" class=\" size-full wp-image-2863\" src=\"https:\/\/www.galeriadocrashed.com\/wordpress\/wp-content\/uploads\/2016\/10\/mg_7578.jpg\" alt=\"Rali de Portugal Hist\u00f3rico 2016\" width=\"200\" height=\"133\" srcset=\"https:\/\/www.galeriadocrashed.com\/site\/wp-content\/uploads\/2016\/10\/mg_7578.jpg 800w, https:\/\/www.galeriadocrashed.com\/site\/wp-content\/uploads\/2016\/10\/mg_7578-300x200.jpg 300w, https:\/\/www.galeriadocrashed.com\/site\/wp-content\/uploads\/2016\/10\/mg_7578-768x512.jpg 768w\" sizes=\"auto, (max-width: 200px) 100vw, 200px\" \/><\/td>\n<td style=\"width: 10px;\"><img loading=\"lazy\" decoding=\"async\" class=\" size-full wp-image-2864\" src=\"https:\/\/www.galeriadocrashed.com\/wordpress\/wp-content\/uploads\/2016\/10\/mg_7744.jpg\" alt=\"Rali de Portugal Hist\u00f3rico 2016\" width=\"200\" height=\"133\" srcset=\"https:\/\/www.galeriadocrashed.com\/site\/wp-content\/uploads\/2016\/10\/mg_7744.jpg 800w, https:\/\/www.galeriadocrashed.com\/site\/wp-content\/uploads\/2016\/10\/mg_7744-300x200.jpg 300w, https:\/\/www.galeriadocrashed.com\/site\/wp-content\/uploads\/2016\/10\/mg_7744-768x512.jpg 768w\" sizes=\"auto, (max-width: 200px) 100vw, 200px\" \/><\/td>\n<\/tr>\n<\/tbody>\n<\/table>\n<p>\u00a0<\/p>\n<p>\u00a0<\/p>\n<p>\u00a0<\/p>\n<p><a href=\"2016-10-04-rali-de-portugal-historico.html\" rel=\"alternate\">CLIQUE AQUI<\/a>\u00a0para ver as restantes fotos na nossa galeria de imagens.<\/p>\n<p><span id=\"cloakd12c8c4eb3264b369a33a4230fd549e1\"><span id=\"cloak4ba56c8af2a79b6aafbec189a52b2409\"><span id=\"cloak9c4cefa01148fb06e0bde84146bf8de1\"><a href=\"mailto:crashed@galeriadocrashed.com\">crashed@galeriadocrashed.com<\/a><\/span><\/span><\/span><\/p>\n","protected":false},"excerpt":{"rendered":"<p>Come\u00e7ou no passado dia 4 o Rali de Portugal Hist\u00f3rico 2016, este ano com quase 130 participantes das mais variadas&hellip;<\/p>\n","protected":false},"author":1,"featured_media":2853,"comment_status":"closed","ping_status":"open","sticky":false,"template":"","format":"standard","meta":{"_seopress_robots_primary_cat":"","_seopress_titles_title":"","_seopress_titles_desc":"","_seopress_robots_index":"","ngg_post_thumbnail":0,"footnotes":""},"categories":[40],"tags":[],"class_list":["post-2865","post","type-post","status-publish","format-standard","has-post-thumbnail","hentry","category-competicao"],"_links":{"self":[{"href":"https:\/\/www.galeriadocrashed.com\/site\/wp-json\/wp\/v2\/posts\/2865","targetHints":{"allow":["GET"]}}],"collection":[{"href":"https:\/\/www.galeriadocrashed.com\/site\/wp-json\/wp\/v2\/posts"}],"about":[{"href":"https:\/\/www.galeriadocrashed.com\/site\/wp-json\/wp\/v2\/types\/post"}],"author":[{"embeddable":true,"href":"https:\/\/www.galeriadocrashed.com\/site\/wp-json\/wp\/v2\/users\/1"}],"replies":[{"embeddable":true,"href":"https:\/\/www.galeriadocrashed.com\/site\/wp-json\/wp\/v2\/comments?post=2865"}],"version-history":[{"count":1,"href":"https:\/\/www.galeriadocrashed.com\/site\/wp-json\/wp\/v2\/posts\/2865\/revisions"}],"predecessor-version":[{"id":3121,"href":"https:\/\/www.galeriadocrashed.com\/site\/wp-json\/wp\/v2\/posts\/2865\/revisions\/3121"}],"wp:featuredmedia":[{"embeddable":true,"href":"https:\/\/www.galeriadocrashed.com\/site\/wp-json\/wp\/v2\/media\/2853"}],"wp:attachment":[{"href":"https:\/\/www.galeriadocrashed.com\/site\/wp-json\/wp\/v2\/media?parent=2865"}],"wp:term":[{"taxonomy":"category","embeddable":true,"href":"https:\/\/www.galeriadocrashed.com\/site\/wp-json\/wp\/v2\/categories?post=2865"},{"taxonomy":"post_tag","embeddable":true,"href":"https:\/\/www.galeriadocrashed.com\/site\/wp-json\/wp\/v2\/tags?post=2865"}],"curies":[{"name":"wp","href":"https:\/\/api.w.org\/{rel}","templated":true}]}}