{"id":3721,"date":"2022-03-16T21:15:31","date_gmt":"2022-03-16T20:15:31","guid":{"rendered":"https:\/\/www.galeriadocrashed.com\/site\/?p=3721"},"modified":"2022-03-24T10:42:13","modified_gmt":"2022-03-24T09:42:13","slug":"azores-rallye-com-excelente-lista-de-inscritos","status":"publish","type":"post","link":"https:\/\/www.galeriadocrashed.com\/site\/azores-rallye-com-excelente-lista-de-inscritos\/","title":{"rendered":"AZORES RALLYE COM EXCELENTE LISTA DE INSCRITOS"},"content":{"rendered":"<div style=\"margin-top: 0px; margin-bottom: 0px;\" class=\"sharethis-inline-share-buttons\" ><\/div>\n<p>A lista de inscritos da 56\u00aa edi\u00e7\u00e3o do Azores Rallye, j\u00e1 publicada, inclui um excelente lote de pilotos. <\/p>\n\n\n\n<p>Na estrada entre os dias 25 e 27 de mar\u00e7o, a prova organizada pelo Grupo Desportivo e Comercial junta os principais interessados na disputa dos t\u00edtulos no FIA ERC, Campeonato de Portugal de Ralis e Campeonato dos A\u00e7ores de Ralis. Para al\u00e9m disso, o evento que tem como palco a ilha de S\u00e3o Miguel e as suas paisagens \u00fanicas contar\u00e1 igualmente com a presen\u00e7a dos modelos que dominam a atualidade a este n\u00edvel internacional.<br>Com o n\u00famero 1 no seu Skoda Fabia Rally2 Evo, Armindo Ara\u00fajo encabe\u00e7a o rol de inscritos em que pontuam, entre muitos outros, Alberto Battistolli, Efren Llarena, Javier Pardo, Luis Miguel Rego, Miguel Correia, Norbert Herczig, Ricardo Moura, Simon Wagner, Simone Campedelli e Simone Tempestini, todos em Skoda Fabia Rally2 Evo, Bruno Magalh\u00e3es e Ricardo Teod\u00f3sio em Hyundai i20N Rally2, Jos\u00e9 Pedro Fontes, Pedro C\u00e2mara e Ruben Rodrigues em Citro\u00ebn C3 Rally2, ou ainda Ken Torn ao volante de um Ford Festa R5 MkII.<br>No elenco que arrancar\u00e1 de Ponta Delgada para a primeira etapa, a 26 de mar\u00e7o, estar\u00e3o igualmente concorrentes com viaturas Raly2 Kit como Martins Sesks em Skoda Fabia R4, Joan Vinyes e Alberto Monarri com Suzuki Swift R4lly S, Victor Cartier com Toyota Yaris R4 e ainda Gil Antunes com Dacia Sandero R4. A em\u00e7\u00e3o passar\u00e1 tamb\u00e9m elos escal\u00f5es de promo\u00e7\u00e3o, com muitos jovens pilotos em viaturas Rally4, os Renault Clio R5 do Clio Trophy by Toksport ou ainda os Yaris GR da Toyota Gazoo Racing Iberian Cup.<\/p>\n\n\n\n<p><br><img loading=\"lazy\" decoding=\"async\" width=\"1024\" height=\"683\" class=\"wp-image-4094\" style=\"width: 1024px;\" src=\"https:\/\/www.galeriadocrashed.com\/site\/wp-content\/uploads\/2022\/03\/Image00001.jpg\" alt=\"A\u00e7ores\" srcset=\"https:\/\/www.galeriadocrashed.com\/site\/wp-content\/uploads\/2022\/03\/Image00001.jpg 1024w, https:\/\/www.galeriadocrashed.com\/site\/wp-content\/uploads\/2022\/03\/Image00001-300x200.jpg 300w, https:\/\/www.galeriadocrashed.com\/site\/wp-content\/uploads\/2022\/03\/Image00001-768x512.jpg 768w, https:\/\/www.galeriadocrashed.com\/site\/wp-content\/uploads\/2022\/03\/Image00001-607x405.jpg 607w\" sizes=\"auto, (max-width: 1024px) 100vw, 1024px\" \/><\/p>\n\n\n\n<p><\/p>\n\n\n","protected":false},"excerpt":{"rendered":"<p>A lista de inscritos da 56\u00aa edi\u00e7\u00e3o do Azores Rallye, j\u00e1 publicada, inclui um excelente lote de pilotos. Na estrada&hellip;<\/p>\n","protected":false},"author":2,"featured_media":4094,"comment_status":"closed","ping_status":"open","sticky":false,"template":"","format":"standard","meta":{"_seopress_robots_primary_cat":"none","_seopress_titles_title":"","_seopress_titles_desc":"","_seopress_robots_index":"","ngg_post_thumbnail":0,"footnotes":""},"categories":[27],"tags":[],"class_list":["post-3721","post","type-post","status-publish","format-standard","has-post-thumbnail","hentry","category-newsflash"],"_links":{"self":[{"href":"https:\/\/www.galeriadocrashed.com\/site\/wp-json\/wp\/v2\/posts\/3721","targetHints":{"allow":["GET"]}}],"collection":[{"href":"https:\/\/www.galeriadocrashed.com\/site\/wp-json\/wp\/v2\/posts"}],"about":[{"href":"https:\/\/www.galeriadocrashed.com\/site\/wp-json\/wp\/v2\/types\/post"}],"author":[{"embeddable":true,"href":"https:\/\/www.galeriadocrashed.com\/site\/wp-json\/wp\/v2\/users\/2"}],"replies":[{"embeddable":true,"href":"https:\/\/www.galeriadocrashed.com\/site\/wp-json\/wp\/v2\/comments?post=3721"}],"version-history":[{"count":3,"href":"https:\/\/www.galeriadocrashed.com\/site\/wp-json\/wp\/v2\/posts\/3721\/revisions"}],"predecessor-version":[{"id":4096,"href":"https:\/\/www.galeriadocrashed.com\/site\/wp-json\/wp\/v2\/posts\/3721\/revisions\/4096"}],"wp:featuredmedia":[{"embeddable":true,"href":"https:\/\/www.galeriadocrashed.com\/site\/wp-json\/wp\/v2\/media\/4094"}],"wp:attachment":[{"href":"https:\/\/www.galeriadocrashed.com\/site\/wp-json\/wp\/v2\/media?parent=3721"}],"wp:term":[{"taxonomy":"category","embeddable":true,"href":"https:\/\/www.galeriadocrashed.com\/site\/wp-json\/wp\/v2\/categories?post=3721"},{"taxonomy":"post_tag","embeddable":true,"href":"https:\/\/www.galeriadocrashed.com\/site\/wp-json\/wp\/v2\/tags?post=3721"}],"curies":[{"name":"wp","href":"https:\/\/api.w.org\/{rel}","templated":true}]}}