{"id":4125,"date":"2022-03-25T02:35:57","date_gmt":"2022-03-25T01:35:57","guid":{"rendered":"https:\/\/www.galeriadocrashed.com\/site\/?p=4125"},"modified":"2022-03-28T19:10:04","modified_gmt":"2022-03-28T18:10:04","slug":"azores-rallye-2022-galeria-de-fotos","status":"publish","type":"post","link":"https:\/\/www.galeriadocrashed.com\/site\/azores-rallye-2022-galeria-de-fotos\/","title":{"rendered":"Azores Rallye 2022 &#8211; Vit\u00f3ria de  EFREN LLARENA sobre a meta!"},"content":{"rendered":"<div style=\"margin-top: 0px; margin-bottom: 0px;\" class=\"sharethis-inline-share-buttons\" ><\/div><p>Efren Llarena foi o vencedor do 56\u00ba Azores Rallye, prova integrante dos campeonatos europeu, portugu\u00eas e a\u00e7oriano da modalidade que teve lugar este fim de semana na ilha de S\u00e3o Miguel. O piloto espanhol com um Skoda Fabia Rally2 Evo do Team MRF Tyres, terceiro no final da primeira etapa, subiu um lugar no arranque do segundo dia e ultrapassou mesmo sobre a meta, por 2,6s, Ricardo Moura.<br>O her\u00f3i local, tamb\u00e9m num Skoda Fabia Rally2 Evo, esteve no comando desde a primeira classificativa disputada, a segunda do programa, e, mais r\u00e1pido em tr\u00eas provas especiais, chegou a ter um avan\u00e7o de 14,7 segundos sobre os seus perseguidores. No posto mais baixo do p\u00f3dio, o austr\u00edaco Simon Wagner foi durante algum tempo o principal advers\u00e1rio de Moura mas acabou por n\u00e3o conseguir acompanhar o ritmo dos dois primeiros classificados na segunda etapa.<br>Quarto classificado, o romeno Simone Tempestini esteve em crescendo e do 11\u00ba lugar que ocupou ap\u00f3s a primeira classificativa at\u00e9 ao lugar a que chegou a meio do segundo dia e em que terminou. Armindo Ara\u00fajo arrancou bastante mal para este evento mas melhorou no desenrolar da prova e foi quinto, resultado que lhe permite ser nesta altura o l\u00edder do FIA ERC, campeonato em que o vencedor do rali, Llarena, \u00e9 segundo a tr\u00eas pontos do portugu\u00eas.<\/p>\n<p><a href=\"https:\/\/www.fiaerc.com\/erc\/results---standings\/rally-results\/azores-rallye\/results\/\" target=\"_blank\" rel=\"noopener\">Link para as classifica\u00e7\u00f5es<\/a><\/p>\n<p>Fique com a nossa galeria de fotos desta prova.<\/p>\n<p><em>contas@galeriadocrashed.com<\/em><\/p>\n\n\nngg_shortcode_0_placeholder\n","protected":false},"excerpt":{"rendered":"<p>Efren Llarena foi o vencedor do 56\u00ba Azores Rallye, prova integrante dos campeonatos europeu, portugu\u00eas e a\u00e7oriano da modalidade que&hellip;<\/p>\n","protected":false},"author":2,"featured_media":4198,"comment_status":"closed","ping_status":"open","sticky":false,"template":"","format":"standard","meta":{"_seopress_robots_primary_cat":"none","_seopress_titles_title":"","_seopress_titles_desc":"","_seopress_robots_index":"","ngg_post_thumbnail":0,"footnotes":""},"categories":[40,30],"tags":[],"class_list":["post-4125","post","type-post","status-publish","format-standard","has-post-thumbnail","hentry","category-competicao","category-eventos"],"_links":{"self":[{"href":"https:\/\/www.galeriadocrashed.com\/site\/wp-json\/wp\/v2\/posts\/4125","targetHints":{"allow":["GET"]}}],"collection":[{"href":"https:\/\/www.galeriadocrashed.com\/site\/wp-json\/wp\/v2\/posts"}],"about":[{"href":"https:\/\/www.galeriadocrashed.com\/site\/wp-json\/wp\/v2\/types\/post"}],"author":[{"embeddable":true,"href":"https:\/\/www.galeriadocrashed.com\/site\/wp-json\/wp\/v2\/users\/2"}],"replies":[{"embeddable":true,"href":"https:\/\/www.galeriadocrashed.com\/site\/wp-json\/wp\/v2\/comments?post=4125"}],"version-history":[{"count":8,"href":"https:\/\/www.galeriadocrashed.com\/site\/wp-json\/wp\/v2\/posts\/4125\/revisions"}],"predecessor-version":[{"id":4201,"href":"https:\/\/www.galeriadocrashed.com\/site\/wp-json\/wp\/v2\/posts\/4125\/revisions\/4201"}],"wp:featuredmedia":[{"embeddable":true,"href":"https:\/\/www.galeriadocrashed.com\/site\/wp-json\/wp\/v2\/media\/4198"}],"wp:attachment":[{"href":"https:\/\/www.galeriadocrashed.com\/site\/wp-json\/wp\/v2\/media?parent=4125"}],"wp:term":[{"taxonomy":"category","embeddable":true,"href":"https:\/\/www.galeriadocrashed.com\/site\/wp-json\/wp\/v2\/categories?post=4125"},{"taxonomy":"post_tag","embeddable":true,"href":"https:\/\/www.galeriadocrashed.com\/site\/wp-json\/wp\/v2\/tags?post=4125"}],"curies":[{"name":"wp","href":"https:\/\/api.w.org\/{rel}","templated":true}]}}