{"id":4222,"date":"2022-04-07T08:40:46","date_gmt":"2022-04-07T07:40:46","guid":{"rendered":"https:\/\/www.galeriadocrashed.com\/site\/?p=4222"},"modified":"2022-04-07T10:57:22","modified_gmt":"2022-04-07T09:57:22","slug":"22022-04-02-trackday-monteblanco","status":"publish","type":"post","link":"https:\/\/www.galeriadocrashed.com\/site\/22022-04-02-trackday-monteblanco\/","title":{"rendered":"2022-04-02 Trackday Monteblanco"},"content":{"rendered":"<div style=\"margin-top: 0px; margin-bottom: 0px;\" class=\"sharethis-inline-share-buttons\" ><\/div><p>No passado dia 2 de Abril estive presente no trackday da <a href=\"https:\/\/103octanos.com\/\" target=\"_blank\" rel=\"noopener\">103Octanos <\/a>que se realizou no<a href=\"https:\/\/circuitomonteblanco.es\/en\/home\/\" target=\"_blank\" rel=\"noopener\"> circuito de Monteblanco<\/a> .<\/p>\n<p>Recebi o convite do Gon\u00e7alo Pinto para acompanhar a comitiva portuguesa, o qual aceitei sem hesita\u00e7\u00f5es dado nunca ter visitado este belo circuito.&nbsp;<\/p>\n<p>Os carros foram transportados por cami\u00e3o e quando chegamos ao circuito logo pelas 8 da manh\u00e3, j\u00e1 os mesmos estavam a espera dos respetivos donos para lhes darem o devido uso.&nbsp;<\/p>\n<p><a href=\"https:\/\/www.galeriadocrashed.com\/site\/wp-content\/gallery\/2022-04-02-trackday-monteblanco\/MG_7554.jpg\" target=\"_blank\" rel=\"noopener\"><img loading=\"lazy\" decoding=\"async\" class=\"ngg-singlepic ngg-none alignnone\" src=\"https:\/\/www.galeriadocrashed.com\/site\/wp-content\/gallery\/2022-04-02-trackday-monteblanco\/MG_7554.jpg\" alt=\"MG_7554\" width=\"1024\" height=\"682\"><\/a><\/p>\n<p><a href=\"https:\/\/www.galeriadocrashed.com\/site\/wp-content\/gallery\/2022-04-02-trackday-monteblanco\/MG_7597.jpg\" target=\"_blank\" rel=\"noopener\"><img loading=\"lazy\" decoding=\"async\" class=\"ngg-singlepic ngg-none alignnone\" src=\"https:\/\/www.galeriadocrashed.com\/site\/wp-content\/gallery\/2022-04-02-trackday-monteblanco\/MG_7597.jpg\" alt=\"MG_7597\" width=\"1024\" height=\"682\"><\/a><\/p>\n<p>O circuito apresentou&nbsp; diversas zonas com alcatr\u00e3o novo, o que provocou alguns problemas de ader\u00eancia nas primeiras voltas do dia e bastantes bandeiras vermelhas. No evoluir do dia, a pista foi ganhando grip e fomos vendo melhores andamentos.<\/p>\n<p><a href=\"https:\/\/www.galeriadocrashed.com\/site\/wp-content\/gallery\/2022-04-02-trackday-monteblanco\/MG_7733.jpg\" target=\"_blank\" rel=\"noopener\"><img loading=\"lazy\" decoding=\"async\" class=\"ngg-singlepic ngg-none alignnone\" src=\"https:\/\/www.galeriadocrashed.com\/site\/wp-content\/gallery\/2022-04-02-trackday-monteblanco\/MG_7733.jpg\" alt=\"MG_7733\" width=\"1024\" height=\"682\"><\/a><\/p>\n<p><a href=\"https:\/\/www.galeriadocrashed.com\/site\/wp-content\/gallery\/2022-04-02-trackday-monteblanco\/MG_8425.jpg\" target=\"_blank\" rel=\"noopener\"><img loading=\"lazy\" decoding=\"async\" class=\"ngg-singlepic ngg-none alignnone\" src=\"https:\/\/www.galeriadocrashed.com\/site\/wp-content\/gallery\/2022-04-02-trackday-monteblanco\/MG_8425.jpg\" alt=\"MG_8425\" width=\"1024\" height=\"682\"><\/a><\/p>\n<p><a href=\"https:\/\/www.galeriadocrashed.com\/site\/wp-content\/gallery\/2022-04-02-trackday-monteblanco\/MG_7740.jpg\" target=\"_blank\" rel=\"noopener\"><img loading=\"lazy\" decoding=\"async\" class=\"ngg-singlepic ngg-none alignnone\" src=\"https:\/\/www.galeriadocrashed.com\/site\/wp-content\/gallery\/2022-04-02-trackday-monteblanco\/MG_7740.jpg\" alt=\"MG_7740\" width=\"1024\" height=\"682\"><\/a><\/p>\n<p><a href=\"https:\/\/www.galeriadocrashed.com\/site\/wp-content\/gallery\/2022-04-02-trackday-monteblanco\/MG_8411.jpg\" target=\"_blank\" rel=\"noopener\"><img loading=\"lazy\" decoding=\"async\" class=\"ngg-singlepic ngg-none alignnone\" src=\"https:\/\/www.galeriadocrashed.com\/site\/wp-content\/gallery\/2022-04-02-trackday-monteblanco\/MG_8411.jpg\" alt=\"MG_8411\" width=\"1024\" height=\"682\"><\/a><\/p>\n<p><a href=\"https:\/\/www.galeriadocrashed.com\/site\/wp-content\/gallery\/2022-04-02-trackday-monteblanco\/MG_7923.jpg\" target=\"_blank\" rel=\"noopener\"><img loading=\"lazy\" decoding=\"async\" class=\"ngg-singlepic ngg-none alignnone\" src=\"https:\/\/www.galeriadocrashed.com\/site\/wp-content\/gallery\/2022-04-02-trackday-monteblanco\/MG_7923.jpg\" alt=\"MG_7923\" width=\"1024\" height=\"682\"><\/a><\/p>\n<p><a href=\"https:\/\/www.galeriadocrashed.com\/site\/wp-content\/gallery\/2022-04-02-trackday-monteblanco\/MG_7762.jpg\" target=\"_blank\" rel=\"noopener\"><img loading=\"lazy\" decoding=\"async\" class=\"ngg-singlepic ngg-none alignnone\" src=\"https:\/\/www.galeriadocrashed.com\/site\/wp-content\/gallery\/2022-04-02-trackday-monteblanco\/MG_7762.jpg\" alt=\"MG_7762\" width=\"1024\" height=\"682\"><\/a><br>Obrigado uma vez mais ao Gon\u00e7alo pelo convite e pelas bel\u00edssimas voltas a pendura no seu excelente Civic TypeR.&nbsp;<br>Fotos de grupo da armada portuguesa:<br><a href=\"https:\/\/www.galeriadocrashed.com\/site\/wp-content\/gallery\/2022-04-02-trackday-monteblanco\/MG_8572.jpg\" target=\"_blank\" rel=\"noopener\"><img loading=\"lazy\" decoding=\"async\" class=\"ngg-singlepic ngg-none alignnone\" src=\"https:\/\/www.galeriadocrashed.com\/site\/wp-content\/gallery\/2022-04-02-trackday-monteblanco\/MG_8572.jpg\" alt=\"MG_8572\" width=\"1024\" height=\"682\"><\/a><\/p>\n<p><a href=\"https:\/\/www.galeriadocrashed.com\/site\/wp-content\/gallery\/2022-04-02-trackday-monteblanco\/MG_8581.jpg\" target=\"_blank\" rel=\"noopener\"><img loading=\"lazy\" decoding=\"async\" class=\"ngg-singlepic ngg-none alignnone\" src=\"https:\/\/www.galeriadocrashed.com\/site\/wp-content\/gallery\/2022-04-02-trackday-monteblanco\/MG_8581.jpg\" alt=\"MG_8581\" width=\"1024\" height=\"682\"><\/a><\/p>\n<p>Esperamos que gostem das fotos \ud83d\ude09<\/p>\n<p>Galeria em atualiza\u00e7\u00e3o, vamos adicionando mais fotos assim que nos for poss\u00edvel:<\/p>\n\n\nngg_shortcode_0_placeholder\n","protected":false},"excerpt":{"rendered":"<p>No passado dia 2 de Abril estive presente no trackday da 103Octanos que se realizou no circuito de Monteblanco .&hellip;<\/p>\n","protected":false},"author":1,"featured_media":4306,"comment_status":"closed","ping_status":"open","sticky":false,"template":"","format":"standard","meta":{"_seopress_robots_primary_cat":"none","_seopress_titles_title":"","_seopress_titles_desc":"","_seopress_robots_index":"","ngg_post_thumbnail":650,"footnotes":""},"categories":[39],"tags":[44,43,45],"class_list":["post-4222","post","type-post","status-publish","format-standard","has-post-thumbnail","hentry","category-eventos-eventos","tag-103octanos","tag-trackday","tag-trs"],"_links":{"self":[{"href":"https:\/\/www.galeriadocrashed.com\/site\/wp-json\/wp\/v2\/posts\/4222","targetHints":{"allow":["GET"]}}],"collection":[{"href":"https:\/\/www.galeriadocrashed.com\/site\/wp-json\/wp\/v2\/posts"}],"about":[{"href":"https:\/\/www.galeriadocrashed.com\/site\/wp-json\/wp\/v2\/types\/post"}],"author":[{"embeddable":true,"href":"https:\/\/www.galeriadocrashed.com\/site\/wp-json\/wp\/v2\/users\/1"}],"replies":[{"embeddable":true,"href":"https:\/\/www.galeriadocrashed.com\/site\/wp-json\/wp\/v2\/comments?post=4222"}],"version-history":[{"count":11,"href":"https:\/\/www.galeriadocrashed.com\/site\/wp-json\/wp\/v2\/posts\/4222\/revisions"}],"predecessor-version":[{"id":4321,"href":"https:\/\/www.galeriadocrashed.com\/site\/wp-json\/wp\/v2\/posts\/4222\/revisions\/4321"}],"wp:featuredmedia":[{"embeddable":true,"href":"https:\/\/www.galeriadocrashed.com\/site\/wp-json\/wp\/v2\/media\/4306"}],"wp:attachment":[{"href":"https:\/\/www.galeriadocrashed.com\/site\/wp-json\/wp\/v2\/media?parent=4222"}],"wp:term":[{"taxonomy":"category","embeddable":true,"href":"https:\/\/www.galeriadocrashed.com\/site\/wp-json\/wp\/v2\/categories?post=4222"},{"taxonomy":"post_tag","embeddable":true,"href":"https:\/\/www.galeriadocrashed.com\/site\/wp-json\/wp\/v2\/tags?post=4222"}],"curies":[{"name":"wp","href":"https:\/\/api.w.org\/{rel}","templated":true}]}}