{"id":5403,"date":"2023-10-09T11:12:23","date_gmt":"2023-10-09T10:12:23","guid":{"rendered":"https:\/\/www.galeriadocrashed.com\/site\/?p=5403"},"modified":"2023-10-16T10:45:36","modified_gmt":"2023-10-16T09:45:36","slug":"galeria-de-fotos-autoclassico-e-motorshow-2023-numa-vitoria-de-marco-oliveira","status":"publish","type":"post","link":"https:\/\/www.galeriadocrashed.com\/site\/galeria-de-fotos-autoclassico-e-motorshow-2023-numa-vitoria-de-marco-oliveira\/","title":{"rendered":"Galeria de fotos: Autocl\u00e1ssico e Motorshow 2023, numa vit\u00f3ria de Marco Oliveira"},"content":{"rendered":"<div style=\"margin-top: 0px; margin-bottom: 0px;\" class=\"sharethis-inline-share-buttons\" ><\/div><div class=\"zw-line-div\">\n<div>&nbsp;<\/div>\n<div class=\"zw-line-content\" style=\"text-align: left;\"><span class=\"zw-portion zw-text-portion\" data-text-len=\"1\">O<\/span><span class=\"zw-portion zw-text-portion\" data-text-len=\"12\">&nbsp;regresso&nbsp;da<\/span><span class=\"zw-portion zw-text-portion\" data-text-len=\"9\">&nbsp;XRacing&nbsp;<\/span><span class=\"zw-portion zw-text-portion\" data-text-len=\"1\">\u00e0<\/span><span class=\"zw-portion zw-text-portion\" data-text-len=\"40\">&nbsp;parceria&nbsp;mantida&nbsp;com&nbsp;a&nbsp;Eventos&nbsp;Motor&nbsp;de<\/span><span class=\"zw-portion zw-text-portion\" data-text-len=\"1\">&nbsp;<\/span><span class=\"zw-portion zw-text-portion\" data-text-len=\"6\">2004&nbsp;a<\/span><span class=\"zw-portion zw-text-portion\" data-text-len=\"1\">&nbsp;<\/span><\/div>\n<\/div>\n<div class=\"zw-line-div\" style=\"text-align: left;\">\n<div class=\"zw-line-content\"><span class=\"zw-portion zw-text-portion\" data-text-len=\"4\">2018<\/span><span class=\"zw-portion zw-text-portion\" data-text-len=\"1\">&nbsp;<\/span><span class=\"zw-portion zw-text-portion\" data-text-len=\"30\">trouxe um balan\u00e7o muito positivo, traduzindo-se a edi\u00e7\u00e3o deste ano do motorshow num g<\/span><span class=\"zw-portion zw-text-portion\" data-text-len=\"6\">rande<\/span><span class=\"zw-portion zw-text-portion\" data-text-len=\"24\">&nbsp;espet\u00e1culo&nbsp;e&nbsp;competi\u00e7\u00e3o<\/span><span class=\"zw-portion zw-text-portion\" data-text-len=\"3\">&nbsp;ao<\/span> <span class=\"zw-portion zw-text-portion\" data-text-len=\"15\">mais&nbsp;alto&nbsp;n\u00edvel<\/span><span class=\"zw-portion zw-text-portion\" data-text-len=\"1\">&nbsp;<\/span><span class=\"zw-portion zw-text-portion\" data-text-len=\"23\">ao&nbsp;longo&nbsp;de&nbsp;quatro&nbsp;dias<\/span><span class=\"zw-portion zw-text-portion\" data-text-len=\"1\">,<\/span><span class=\"zw-portion zw-text-portion\" data-text-len=\"29\">&nbsp;no&nbsp;renovado&nbsp;e&nbsp;muito&nbsp;elogiado<\/span><span class=\"zw-portion zw-text-portion\" data-text-len=\"1\">&nbsp;<\/span><\/div>\n<\/div>\n<div class=\"zw-line-div\" style=\"text-align: left;\">\n<div class=\"zw-line-content\"><span class=\"zw-portion zw-text-portion\" data-text-len=\"8\">tra\u00e7ado&nbsp;<\/span><span class=\"zw-portion zw-text-portion\" data-text-len=\"10\">desenhado&nbsp;<\/span><span class=\"zw-portion zw-text-portion\" data-text-len=\"37\">no&nbsp;exterior&nbsp;da&nbsp;Exponor.&nbsp;<\/span><\/div>\n<div>&nbsp;<\/div>\n<div class=\"zw-line-content\">\n<div class=\"zw-line-div\">\n<div class=\"zw-line-content\"><span class=\"zw-portion zw-text-portion\" data-text-len=\"37\">O&nbsp;ponto&nbsp;alto&nbsp;<\/span><span class=\"zw-portion zw-text-portion\" data-text-len=\"14\">da&nbsp;competi\u00e7\u00e3o&nbsp;<\/span><span class=\"zw-portion zw-text-portion\" data-text-len=\"5\">foi a vit\u00f3ria de Marco Oliveira na super final do trof\u00e9u Piloto Motorshow.<\/span><\/div>\n<\/div>\n<\/div>\n<\/div>\n<div>&nbsp;<\/div>\n<div><img decoding=\"async\" class=\"ngg-singlepic ngg-none\" src=\"https:\/\/www.galeriadocrashed.com\/site\/wp-content\/gallery\/autoclassico-e-motorshow-porto-2023\/IMG_2302.jpg\" alt=\"IMG_2302\"><\/div>\n<div class=\"zw-line-div\" style=\"text-align: left;\">\n<div>&nbsp;<\/div>\n<div class=\"zw-line-content\"><span class=\"zw-portion zw-text-portion\" data-text-len=\"18\">Logo no primeiro dia, Ant\u00f3nio Ru\u00e3o ganhou o Mini Challenge \u00e0 geral e Fernando Carneiro foi o<\/span><\/div>\n<\/div>\n<div class=\"zw-line-div\" style=\"text-align: left;\">\n<div class=\"zw-line-content\"><span class=\"zw-portion zw-text-portion\" data-text-len=\"23\">melhor&nbsp;da&nbsp;Classe&nbsp;1,&nbsp;em&nbsp;<\/span><span class=\"zw-portion zw-text-portion\" data-text-len=\"8\">grandes&nbsp;<\/span><span class=\"zw-portion zw-text-portion\" data-text-len=\"21\">exibi\u00e7\u00f5es&nbsp;de&nbsp;condu\u00e7\u00e3o<\/span><span class=\"zw-portion zw-text-portion\" data-text-len=\"2\">.<\/span><\/div>\n<\/div>\n<div class=\"zw-line-div\" style=\"text-align: left;\">\n<div>&nbsp;<\/div>\n<div>\n<div class=\"zw-line-div\">\n<div class=\"zw-line-content\"><span class=\"zw-portion zw-text-portion\" data-text-len=\"17\">O Motorsho<\/span><span class=\"zw-portion zw-text-portion\" data-text-len=\"1\">w<\/span><span class=\"zw-portion zw-text-portion\" data-text-len=\"66\"> 2023 foi, como sempre, bem mais do que a competi\u00e7\u00e3o,<\/span><\/div>\n<\/div>\n<div class=\"zw-line-div\">\n<div class=\"zw-line-content\"><span class=\"zw-portion zw-text-portion\" data-text-len=\"4\">com&nbsp;<\/span><span class=\"zw-portion zw-text-portion\" data-text-len=\"12\">a&nbsp;exposi\u00e7\u00e3o&nbsp;<\/span><span class=\"zw-portion zw-text-portion\" data-text-len=\"3\">de&nbsp;<\/span><span class=\"zw-portion zw-text-portion\" data-text-len=\"20\">carros&nbsp;fant\u00e1sticos,&nbsp;<\/span><span class=\"zw-portion zw-text-portion\" data-text-len=\"48\">verdadeiros&nbsp;peda\u00e7os&nbsp;da&nbsp;hist\u00f3ria&nbsp;do&nbsp;automobilismo<\/span><\/div>\n<\/div>\n<div class=\"zw-line-div\">\n<div class=\"zw-line-content\"><span class=\"zw-portion zw-text-portion\" data-text-len=\"25\">nacional&nbsp;e&nbsp;internacional.<\/span><\/div>\n<\/div>\n<\/div>\n<\/div>\n<div>&nbsp;<\/div>\n<div>O Motorshow autoCl\u00e1ssico, desenrolou-se paralelamente e dentro do programa do autoCl\u00e1ssico Porto 2023, num ano em que o certame celebrou o seu 20\u00ba anivers\u00e1rio., consolidando-se como o maior evento do g\u00e9nero na Pen\u00ednsula Ib\u00e9rica.<\/div>\n<div>&nbsp;<\/div>\n<div class=\"zw-line-div\" style=\"text-align: left;\">\n<div class=\"zw-line-content\"><span class=\"zw-portion zw-text-portion\" data-text-len=\"13\">Uma edi\u00e7\u00e3o muito especial ,&nbsp; que contou com a&nbsp; presen\u00e7a de Emerson Fittipaldi. o que complementou com chave de ouro um programa recheado de momentos altos e que incluiu as comemora\u00e7\u00f5es de anivers\u00e1rios como os da Porsche, Alfa Romeo Quadrifoglio, Land Rover, Citro\u00ebn 2CV, Mini Cooper ou Harley-Davidson, al\u00e9m de homenagens a personalidades como o Team Diabolique e Fernando Batista, entre outros.<\/span><\/div>\n<\/div>\n<div class=\"zw-line-content\" style=\"text-align: left;\">\n<div class=\"zw-line-div\">\n<div class=\"zw-line-content\"><span class=\"zw-portion zw-text-portion\" data-text-len=\"1\">O<\/span><span class=\"zw-portion zw-text-portion\" data-text-len=\"22\">&nbsp;campe\u00e3o&nbsp;do&nbsp;mundo&nbsp;de&nbsp;F<\/span><span class=\"zw-portion zw-text-portion\" data-text-len=\"7\">\u00f3rmula&nbsp;<\/span><span class=\"zw-portion zw-text-portion\" data-text-len=\"1\">1 em 1972 e 1974 irradia simpatia e continua a ser \u00eddolo de pais, filhos e netos<\/span><span class=\"zw-portion zw-text-portion\" style=\"color: initial;\" data-text-len=\"72\">.<\/span><\/div>\n<\/div>\n<\/div>\n<div>&nbsp;<\/div>\n<div>Fique com a nossa breve galeria de imagens, a qual representa uma amostra daquelas que recolhemos ao longo dos quatro dias do evento.<\/div>\n<div>&nbsp;<\/div>\n<div>Contacte-nos caso tenha interessa nas mesmas.<\/div>\n<div>&nbsp;<\/div>\n<div>\nngg_shortcode_0_placeholder<\/div>\n","protected":false},"excerpt":{"rendered":"<p>&nbsp; O&nbsp;regresso&nbsp;da&nbsp;XRacing&nbsp;\u00e0&nbsp;parceria&nbsp;mantida&nbsp;com&nbsp;a&nbsp;Eventos&nbsp;Motor&nbsp;de&nbsp;2004&nbsp;a&nbsp; 2018&nbsp;trouxe um balan\u00e7o muito positivo, traduzindo-se a edi\u00e7\u00e3o deste ano do motorshow num grande&nbsp;espet\u00e1culo&nbsp;e&nbsp;competi\u00e7\u00e3o&nbsp;ao mais&nbsp;alto&nbsp;n\u00edvel&nbsp;ao&nbsp;longo&nbsp;de&nbsp;quatro&nbsp;dias,&nbsp;no&nbsp;renovado&nbsp;e&nbsp;muito&nbsp;elogiado&nbsp; tra\u00e7ado&nbsp;desenhado&nbsp;no&nbsp;exterior&nbsp;da&nbsp;Exponor.&nbsp; &nbsp; O&nbsp;ponto&nbsp;alto&nbsp;da&nbsp;competi\u00e7\u00e3o&nbsp;foi&hellip;<\/p>\n","protected":false},"author":2,"featured_media":5406,"comment_status":"closed","ping_status":"open","sticky":false,"template":"","format":"standard","meta":{"_seopress_robots_primary_cat":"none","_seopress_titles_title":"","_seopress_titles_desc":"","_seopress_robots_index":"","ngg_post_thumbnail":0,"footnotes":""},"categories":[40,30],"tags":[],"class_list":["post-5403","post","type-post","status-publish","format-standard","has-post-thumbnail","hentry","category-competicao","category-eventos"],"_links":{"self":[{"href":"https:\/\/www.galeriadocrashed.com\/site\/wp-json\/wp\/v2\/posts\/5403","targetHints":{"allow":["GET"]}}],"collection":[{"href":"https:\/\/www.galeriadocrashed.com\/site\/wp-json\/wp\/v2\/posts"}],"about":[{"href":"https:\/\/www.galeriadocrashed.com\/site\/wp-json\/wp\/v2\/types\/post"}],"author":[{"embeddable":true,"href":"https:\/\/www.galeriadocrashed.com\/site\/wp-json\/wp\/v2\/users\/2"}],"replies":[{"embeddable":true,"href":"https:\/\/www.galeriadocrashed.com\/site\/wp-json\/wp\/v2\/comments?post=5403"}],"version-history":[{"count":19,"href":"https:\/\/www.galeriadocrashed.com\/site\/wp-json\/wp\/v2\/posts\/5403\/revisions"}],"predecessor-version":[{"id":5434,"href":"https:\/\/www.galeriadocrashed.com\/site\/wp-json\/wp\/v2\/posts\/5403\/revisions\/5434"}],"wp:featuredmedia":[{"embeddable":true,"href":"https:\/\/www.galeriadocrashed.com\/site\/wp-json\/wp\/v2\/media\/5406"}],"wp:attachment":[{"href":"https:\/\/www.galeriadocrashed.com\/site\/wp-json\/wp\/v2\/media?parent=5403"}],"wp:term":[{"taxonomy":"category","embeddable":true,"href":"https:\/\/www.galeriadocrashed.com\/site\/wp-json\/wp\/v2\/categories?post=5403"},{"taxonomy":"post_tag","embeddable":true,"href":"https:\/\/www.galeriadocrashed.com\/site\/wp-json\/wp\/v2\/tags?post=5403"}],"curies":[{"name":"wp","href":"https:\/\/api.w.org\/{rel}","templated":true}]}}